{"id":809,"date":"2019-10-09T11:10:21","date_gmt":"2019-10-09T14:10:21","guid":{"rendered":"http:\/\/blog.minhaportaria.com\/?p=809"},"modified":"2019-10-09T11:10:21","modified_gmt":"2019-10-09T14:10:21","slug":"desafios-e-tendencias-de-mercado-pautam-abertura-do-enacon-2019","status":"publish","type":"post","link":"https:\/\/minhaportaria.com\/es\/portaria-remota\/desafios-e-tendencias-de-mercado-pautam-abertura-do-enacon-2019\/","title":{"rendered":"Desafios e tend\u00eancias de mercado pautam abertura do Enacon 2019"},"content":{"rendered":"<div class=\"wp-block-image\"><figure class=\"alignleft\" style=\"padding:0 30px 30px 0;\"><img decoding=\"async\" src=\"https:\/\/minhaportaria.com\/wp-content\/uploads\/2019\/11\/enacon-1400x265-1.jpg\" alt=\"enacon 2019\" class=\"wp-image-610\"><\/figure><\/div>\n\n\n\n<p> <em><strong>Conflitos condominiais, novas tecnologias, inova\u00e7\u00e3o e perspectivas de crescimento estiveram em foco nos discursos<\/strong><\/em><strong> <\/strong><\/p>\n\n\n\n<p class=\"has-text-align-justify\">Teve in\u00edcio nesta quarta-feira, 9\/10, a 15\u00aa edi\u00e7\u00e3o do&nbsp;Encontro Nacional das Administradoras de Condom\u00ednios&nbsp;(Enacon), que acontece no Espa\u00e7o Milenium, na capital paulista, at\u00e9 amanh\u00e3. A solenidade&nbsp;de abertura contou com as participa\u00e7\u00f5es dos presidentes do Secovi-SP, Basilio Jafet, e da Aabic (Associa\u00e7\u00e3o das Administradoras de Bens Im\u00f3veis e Condom\u00ednios de S\u00e3o Paulo), Jos\u00e9 Roberto Graiche; e do vice-presidente de Administra\u00e7\u00e3o Imobili\u00e1ria e Condom\u00ednios do&nbsp;<em>Secovi<\/em>-SP, Hubert Gebara.<\/p>\n\n\n\n<p class=\"has-text-align-justify\">Emocionado, Gebara destacou as caracter\u00edsticas do evento e dos participantes, \u201cpessoas desejosas de aprender e dispostas a compartilhar experi\u00eancias e conhecimentos\u201d. \u201cEste \u00e9 um encontro no qual vamos analisar, em detalhes, os temas mais relevantes que pautam nossas atividades, impactadas por um turbilh\u00e3o de inova\u00e7\u00f5es e transforma\u00e7\u00f5es que nos obrigam a estar com um p\u00e9 no presente e outro no futuro\u201d, afirmou. Para ele, o Enacon \u00e9 a express\u00e3o dos nossos dias: \u201cTudo. Ao mesmo tempo. E agora.\u201d<\/p>\n\n\n\n<p class=\"has-text-align-justify\">Segundo o vice-presidente do Secovi-SP, os empres\u00e1rios e os profissionais da \u00e1rea t\u00eam um papel decisivo para que o Brasil supere o \u2018clima de guerrilha\u2019 de narrativas que imperam na atualidade.&nbsp; \u201cPrecisamos promover a paz nos condom\u00ednios\u201d, disse. Entre as a\u00e7\u00f5es propostas para esta finalidade, citou: presta\u00e7\u00e3o de servi\u00e7os que assegurem tranquilidade e confian\u00e7a aos moradores e aos usu\u00e1rios, a busca de solu\u00e7\u00f5es para todos os tipos de problemas \u2013 da manuten\u00e7\u00e3o ao conflito entre vizinhos \u2013, promo\u00e7\u00e3o da interatividade entre as pessoas e fortalecimento do contato sadio, produtivo e solid\u00e1rio entre os cond\u00f4minos.&nbsp; \u201cAs administradoras precisam, ainda, estar cada vez mais preparadas e qualificadas, conhecer as novidades que facilitam a presta\u00e7\u00e3o de servi\u00e7os, estar em contato com informa\u00e7\u00f5es consistentes e confi\u00e1veis para pautar novas iniciativas e, acima de tudo, devem se tornar importantes na vida de todos os moradores\u201d, complementou.&nbsp;<\/p>\n\n\n\n<p class=\"has-text-align-justify\">O presidente da Aabic (Associa\u00e7\u00e3o das Administradoras de Bens Im\u00f3veis e Condom\u00ednios de S\u00e3o Paulo), Jos\u00e9 Roberto Graiche, enfatizou o papel da tecnologia no novo modo de atuar das administradoras. Segundo ele, as empresas est\u00e3o se preparando para oferecer o autoatendimento aos clientes, por meio da tecnologia de ponta, pois, dessa forma, vai sobrar tempo para se dedicarem mais \u00e0 parte operacional dos condom\u00ednios. \u201cVivemos um desafio muito grande porque as administradoras se envolvem na opera\u00e7\u00e3o de conflitos, devido ao fluxo intenso de moradores, prestadores de servi\u00e7os etc. \u2013, e tamb\u00e9m com as novas modalidades de loca\u00e7\u00e3o, que est\u00e3o nos ajudando a aprimorar a seguran\u00e7a dos empreendimentos\u201d, enfatizou.<\/p>\n\n\n\n<p class=\"has-text-align-justify\">Entre as tend\u00eancias da \u00e1rea, Graiche salientou a presen\u00e7a cada vez maior de estrangeiros no Brasil e, por consequ\u00eancia, nos condom\u00ednios. Durante a solenidade, ele citou um levantamento da pr\u00f3pria entidade que mostrou um crescimento de 36% da popula\u00e7\u00e3o de estrangeiros no Pa\u00eds no \u00faltimo ano. Destes, 1,2% s\u00e3o moradores de condom\u00ednios. \u201cS\u00e3o pessoas que v\u00eam em busca de emprego e amplia\u00e7\u00e3o da condi\u00e7\u00e3o financeira da fam\u00edlia.\u201d O dirigente disse que a pesquisa revelou que, do p\u00fablico pesquisado, 29% s\u00e3o chineses, 21% americanos e&nbsp;14% argentinos. Para ele, a informa\u00e7\u00e3o pode subsidiar as empresas interessadas em atender esse tipo de demanda.<\/p>\n\n\n\n<p class=\"has-text-align-justify\">J\u00e1 o presidente do Secovi-SP, Basilio Jafet, enfatizou a import\u00e2ncia das administradoras de condom\u00ednios dentro da cadeia imobili\u00e1ria. \u201cOs incorporadores produzem seus empreendimentos, com todos os desafios e dificuldades, mas s\u00e3o as administradoras que acompanham os usu\u00e1rios por dezenas de anos. Voc\u00eas t\u00eam mais contato com as fam\u00edlias do que os pr\u00f3prios construtores, incorporadores etc., e isso precisa ser ressaltado\u201d, afirmou.<\/p>\n\n\n\n<p class=\"has-text-align-justify\">Entre as responsabilidades dos administradores destacadas por Jafet, est\u00e3o as contas do edif\u00edcio, os conflitos condominiais, o acolhimento das fam\u00edlias e o entendimento de seus anseios, al\u00e9m da pr\u00f3pria atualiza\u00e7\u00e3o profissional e o desenvolvimento da intelig\u00eancia emocional \u2013 atributos imprescind\u00edveis no mundo atual. \u201c\u00c9 preciso muita intelig\u00eancia emocional para construir consensos\u201d, completou.<\/p>\n\n\n\n<p class=\"has-text-align-justify\">Jafet citou a mais recente&nbsp;<a href=\"http:\/\/www.secovi.com.br\/noticias\/imoveis-novos-mantem-bom-desempenho-em-agosto\/14466\">Pesquisa<\/a>&nbsp;do Mercado Imobili\u00e1rio de S\u00e3o&nbsp; Paulo, divulgada ontem (8\/10), que apontou grande recupera\u00e7\u00e3o do setor na capital paulista. \u201cSignifica que voc\u00eas ter\u00e3o de administrar brevemente mil novos edif\u00edcios, que v\u00e3o se somar aos 30 mil j\u00e1 existentes na cidade. Trata-se, claro, de uma grande oportunidade.\u201d Disse, ainda, que estar no Enacon, \u201conde todo este conte\u00fado \u00e9 discutido e muito networking qualificado \u00e9 oferecido, \u00e9 extremamente proveitoso para todos\u201d.<\/p>\n\n\n\n<p class=\"has-text-align-justify\">Uma exposi\u00e7\u00e3o de produtos e servi\u00e7os para o segmento condominial completou a programa\u00e7\u00e3o do Enacon 2019, que contou com o patroc\u00ednio de Bradesco, Atlas Schindler, Intelbras, Comgas, Souza Lima, Vila Velha, Superl\u00f3gica, Vivo, Empresta Capital, Graber, Group Software, Hagan\u00e1, Jupiter, Limpidus, Techem, Aster, Pormade e Minha Portaria. Apoio institucional da Aabic (Associa\u00e7\u00e3o das Administradoras de Bens Im\u00f3veis e Condom\u00ednios de S\u00e3o Paulo), entre outras institui\u00e7\u00f5es representativas do setor imobili\u00e1rio.<\/p>\n\n\n\n<p class=\"has-text-align-justify\">Quer saber mais sobre eventos de seguran\u00e7a eletr\u00f4nica e tecnologia para condom\u00ednios? <strong>Mande um whats para n\u00f3s! <\/strong>\u00c9 s\u00f3 clicar no \u00edcone do aplicativo no canto direito da p\u00e1gina.<\/p>","protected":false},"excerpt":{"rendered":"<p>Conflitos condominiais, novas tecnologias, inova\u00e7\u00e3o e perspectivas de crescimento estiveram em foco nos discursos Teve in\u00edcio nesta quarta-feira, 9\/10, a 15\u00aa edi\u00e7\u00e3o do&nbsp;Encontro Nacional das Administradoras de Condom\u00ednios&nbsp;(Enacon), que acontece no Espa\u00e7o Milenium, na capital paulista, at\u00e9 amanh\u00e3. A solenidade&nbsp;de abertura contou com as participa\u00e7\u00f5es dos presidentes do Secovi-SP, Basilio Jafet, e da Aabic (Associa\u00e7\u00e3o [&hellip;]<\/p>","protected":false},"author":13,"featured_media":810,"comment_status":"open","ping_status":"open","sticky":false,"template":"","format":"standard","meta":{"footnotes":""},"categories":[27,42,53],"tags":[192,39,118,163],"class_list":["post-809","post","type-post","status-publish","format-standard","has-post-thumbnail","hentry","category-portaria-remota","category-portaria-virtual","category-seguranca-eletronica","tag-enacon","tag-portaria-remota-aumenta-segura-e-reduz-custo","tag-seguranca-em-condominio","tag-tecnologia"],"yoast_head":"<!-- This site is optimized with the Yoast SEO plugin v23.5 - https:\/\/yoast.com\/wordpress\/plugins\/seo\/ -->\n<title>Desafios e tend\u00eancias de mercado pautam abertura do Enacon 2019<\/title>\n<meta name=\"description\" content=\"Conflitos condominiais, novas tecnologias, inova\u00e7\u00e3o e perspectivas de crescimento estiveram em foco nos discursos da ENACOM 2019.\" \/>\n<meta name=\"robots\" content=\"index, follow, max-snippet:-1, max-image-preview:large, max-video-preview:-1\" \/>\n<link rel=\"canonical\" href=\"https:\/\/www.secovi.com.br\/noticias\/Desafios-e-tend\u00eancias-de-mercado-pautam-abertura-do-Enacon-2019\/14469\" \/>\n<meta property=\"og:locale\" content=\"es_ES\" \/>\n<meta property=\"og:type\" content=\"article\" \/>\n<meta property=\"og:title\" content=\"Desafios e tend\u00eancias de mercado pautam abertura do Enacon 2019\" \/>\n<meta property=\"og:description\" content=\"Conflitos condominiais, novas tecnologias, inova\u00e7\u00e3o e perspectivas de crescimento estiveram em foco nos discursos\" \/>\n<meta property=\"og:url\" content=\"https:\/\/www.secovi.com.br\/noticias\/Desafios-e-tend\u00eancias-de-mercado-pautam-abertura-do-Enacon-2019\/14469\" \/>\n<meta property=\"og:site_name\" content=\"Minha Portaria\" \/>\n<meta property=\"article:published_time\" content=\"2019-10-09T14:10:21+00:00\" \/>\n<meta property=\"og:image\" content=\"https:\/\/minhaportaria.com\/wp-content\/uploads\/2019\/11\/enacon-1400x265-1.jpg\" \/>\n\t<meta property=\"og:image:width\" content=\"396\" \/>\n\t<meta property=\"og:image:height\" content=\"265\" \/>\n\t<meta property=\"og:image:type\" content=\"image\/jpeg\" \/>\n<meta name=\"author\" content=\"Walter Uvo\" \/>\n<meta name=\"twitter:card\" content=\"summary_large_image\" \/>\n<meta name=\"twitter:title\" content=\"Desafios e tend\u00eancias de mercado pautam abertura do Enacon 2019\" \/>\n<meta name=\"twitter:description\" content=\"Conflitos condominiais, novas tecnologias, inova\u00e7\u00e3o e perspectivas de crescimento estiveram em foco nos discursos\" \/>\n<meta name=\"twitter:image\" content=\"https:\/\/minhaportaria.com\/wp-content\/uploads\/2019\/11\/enacon-1400x265-1.jpg\" \/>\n<meta name=\"twitter:label1\" content=\"Written by\" \/>\n\t<meta name=\"twitter:data1\" content=\"Walter Uvo\" \/>\n\t<meta name=\"twitter:label2\" content=\"Est. reading time\" \/>\n\t<meta name=\"twitter:data2\" content=\"4 minutes\" \/>\n<script type=\"application\/ld+json\" class=\"yoast-schema-graph\">{\"@context\":\"https:\/\/schema.org\",\"@graph\":[{\"@type\":\"Article\",\"@id\":\"https:\/\/www.secovi.com.br\/noticias\/Desafios-e-tend%c3%aancias-de-mercado-pautam-abertura-do-Enacon-2019\/14469#article\",\"isPartOf\":{\"@id\":\"https:\/\/minhaportaria.com\/en\/portaria-remota\/desafios-e-tendencias-de-mercado-pautam-abertura-do-enacon-2019\/\"},\"author\":{\"name\":\"Walter Uvo\",\"@id\":\"https:\/\/minhaportaria.com\/#\/schema\/person\/1b60f6ffb6cc2dbfd6334e412ca16faf\"},\"headline\":\"Desafios e tend\u00eancias de mercado pautam abertura do Enacon 2019\",\"datePublished\":\"2019-10-09T14:10:21+00:00\",\"dateModified\":\"2019-10-09T14:10:21+00:00\",\"mainEntityOfPage\":{\"@id\":\"https:\/\/minhaportaria.com\/en\/portaria-remota\/desafios-e-tendencias-de-mercado-pautam-abertura-do-enacon-2019\/\"},\"wordCount\":902,\"commentCount\":0,\"publisher\":{\"@id\":\"https:\/\/minhaportaria.com\/#organization\"},\"image\":{\"@id\":\"https:\/\/www.secovi.com.br\/noticias\/Desafios-e-tend%c3%aancias-de-mercado-pautam-abertura-do-Enacon-2019\/14469#primaryimage\"},\"thumbnailUrl\":\"https:\/\/minhaportaria.com\/wp-content\/uploads\/2019\/11\/enacon-1400x265-1.jpg\",\"keywords\":[\"enacon\",\"PORTARIA REMOTA\",\"seguran\u00e7a em condom\u00ednio\",\"tecnologia\"],\"articleSection\":[\"Portaria Remota\",\"Portaria Virtual\",\"Seguran\u00e7a Eletr\u00f4nica\"],\"inLanguage\":\"es-ES\",\"potentialAction\":[{\"@type\":\"CommentAction\",\"name\":\"Comment\",\"target\":[\"https:\/\/www.secovi.com.br\/noticias\/Desafios-e-tend%c3%aancias-de-mercado-pautam-abertura-do-Enacon-2019\/14469#respond\"]}]},{\"@type\":\"WebPage\",\"@id\":\"https:\/\/minhaportaria.com\/en\/portaria-remota\/desafios-e-tendencias-de-mercado-pautam-abertura-do-enacon-2019\/\",\"url\":\"https:\/\/www.secovi.com.br\/noticias\/Desafios-e-tend%c3%aancias-de-mercado-pautam-abertura-do-Enacon-2019\/14469\",\"name\":\"Desafios e tend\u00eancias de mercado pautam abertura do Enacon 2019\",\"isPartOf\":{\"@id\":\"https:\/\/minhaportaria.com\/#website\"},\"primaryImageOfPage\":{\"@id\":\"https:\/\/www.secovi.com.br\/noticias\/Desafios-e-tend%c3%aancias-de-mercado-pautam-abertura-do-Enacon-2019\/14469#primaryimage\"},\"image\":{\"@id\":\"https:\/\/www.secovi.com.br\/noticias\/Desafios-e-tend%c3%aancias-de-mercado-pautam-abertura-do-Enacon-2019\/14469#primaryimage\"},\"thumbnailUrl\":\"https:\/\/minhaportaria.com\/wp-content\/uploads\/2019\/11\/enacon-1400x265-1.jpg\",\"datePublished\":\"2019-10-09T14:10:21+00:00\",\"dateModified\":\"2019-10-09T14:10:21+00:00\",\"description\":\"Conflitos condominiais, novas tecnologias, inova\u00e7\u00e3o e perspectivas de crescimento estiveram em foco nos discursos da ENACOM 2019.\",\"breadcrumb\":{\"@id\":\"https:\/\/www.secovi.com.br\/noticias\/Desafios-e-tend%c3%aancias-de-mercado-pautam-abertura-do-Enacon-2019\/14469#breadcrumb\"},\"inLanguage\":\"es-ES\",\"potentialAction\":[{\"@type\":\"ReadAction\",\"target\":[\"https:\/\/www.secovi.com.br\/noticias\/Desafios-e-tend%c3%aancias-de-mercado-pautam-abertura-do-Enacon-2019\/14469\"]}]},{\"@type\":\"ImageObject\",\"inLanguage\":\"es-ES\",\"@id\":\"https:\/\/www.secovi.com.br\/noticias\/Desafios-e-tend%c3%aancias-de-mercado-pautam-abertura-do-Enacon-2019\/14469#primaryimage\",\"url\":\"https:\/\/minhaportaria.com\/wp-content\/uploads\/2019\/11\/enacon-1400x265-1.jpg\",\"contentUrl\":\"https:\/\/minhaportaria.com\/wp-content\/uploads\/2019\/11\/enacon-1400x265-1.jpg\",\"width\":396,\"height\":265,\"caption\":\"enacon x\"},{\"@type\":\"BreadcrumbList\",\"@id\":\"https:\/\/www.secovi.com.br\/noticias\/Desafios-e-tend%c3%aancias-de-mercado-pautam-abertura-do-Enacon-2019\/14469#breadcrumb\",\"itemListElement\":[{\"@type\":\"ListItem\",\"position\":1,\"name\":\"Home\",\"item\":\"https:\/\/minhaportaria.com\/\"},{\"@type\":\"ListItem\",\"position\":2,\"name\":\"Portaria Remota\",\"item\":\"https:\/\/minhaportaria.com\/en\/category\/portaria-remota\/\"},{\"@type\":\"ListItem\",\"position\":3,\"name\":\"Desafios e tend\u00eancias de mercado pautam abertura do Enacon 2019\"}]},{\"@type\":\"WebSite\",\"@id\":\"https:\/\/minhaportaria.com\/#website\",\"url\":\"https:\/\/minhaportaria.com\/\",\"name\":\"Minha Portaria\",\"description\":\"\",\"publisher\":{\"@id\":\"https:\/\/minhaportaria.com\/#organization\"},\"potentialAction\":[{\"@type\":\"SearchAction\",\"target\":{\"@type\":\"EntryPoint\",\"urlTemplate\":\"https:\/\/minhaportaria.com\/?s={search_term_string}\"},\"query-input\":{\"@type\":\"PropertyValueSpecification\",\"valueRequired\":true,\"valueName\":\"search_term_string\"}}],\"inLanguage\":\"es-ES\"},{\"@type\":\"Organization\",\"@id\":\"https:\/\/minhaportaria.com\/#organization\",\"name\":\"Minha Portaria\",\"url\":\"https:\/\/minhaportaria.com\/\",\"logo\":{\"@type\":\"ImageObject\",\"inLanguage\":\"es-ES\",\"@id\":\"https:\/\/minhaportaria.com\/#\/schema\/logo\/image\/\",\"url\":\"https:\/\/minhaportaria.com\/wp-content\/uploads\/2021\/01\/logo-home-175854.png\",\"contentUrl\":\"https:\/\/minhaportaria.com\/wp-content\/uploads\/2021\/01\/logo-home-175854.png\",\"width\":134,\"height\":62,\"caption\":\"Minha Portaria \"},\"image\":{\"@id\":\"https:\/\/minhaportaria.com\/#\/schema\/logo\/image\/\"}},{\"@type\":\"Person\",\"@id\":\"https:\/\/minhaportaria.com\/#\/schema\/person\/1b60f6ffb6cc2dbfd6334e412ca16faf\",\"name\":\"Walter Uvo\",\"image\":{\"@type\":\"ImageObject\",\"inLanguage\":\"es-ES\",\"@id\":\"https:\/\/minhaportaria.com\/#\/schema\/person\/image\/\",\"url\":\"https:\/\/secure.gravatar.com\/avatar\/ed74b837a4835d4a7b377236f4b28538?s=96&d=mm&r=g\",\"contentUrl\":\"https:\/\/secure.gravatar.com\/avatar\/ed74b837a4835d4a7b377236f4b28538?s=96&d=mm&r=g\",\"caption\":\"Walter Uvo\"},\"url\":\"https:\/\/minhaportaria.com\/es\/author\/walter-uvo\/\"}]}<\/script>\n<!-- \/ Yoast SEO plugin. -->","yoast_head_json":{"title":"Desafios e tend\u00eancias de mercado pautam abertura do Enacon 2019","description":"Conflitos condominiais, novas tecnologias, inova\u00e7\u00e3o e perspectivas de crescimento estiveram em foco nos discursos da ENACOM 2019.","robots":{"index":"index","follow":"follow","max-snippet":"max-snippet:-1","max-image-preview":"max-image-preview:large","max-video-preview":"max-video-preview:-1"},"canonical":"https:\/\/www.secovi.com.br\/noticias\/Desafios-e-tend\u00eancias-de-mercado-pautam-abertura-do-Enacon-2019\/14469","og_locale":"es_ES","og_type":"article","og_title":"Desafios e tend\u00eancias de mercado pautam abertura do Enacon 2019","og_description":"Conflitos condominiais, novas tecnologias, inova\u00e7\u00e3o e perspectivas de crescimento estiveram em foco nos discursos","og_url":"https:\/\/www.secovi.com.br\/noticias\/Desafios-e-tend\u00eancias-de-mercado-pautam-abertura-do-Enacon-2019\/14469","og_site_name":"Minha Portaria","article_published_time":"2019-10-09T14:10:21+00:00","og_image":[{"width":396,"height":265,"url":"https:\/\/minhaportaria.com\/wp-content\/uploads\/2019\/11\/enacon-1400x265-1.jpg","type":"image\/jpeg"}],"author":"Walter Uvo","twitter_card":"summary_large_image","twitter_title":"Desafios e tend\u00eancias de mercado pautam abertura do Enacon 2019","twitter_description":"Conflitos condominiais, novas tecnologias, inova\u00e7\u00e3o e perspectivas de crescimento estiveram em foco nos discursos","twitter_image":"https:\/\/minhaportaria.com\/wp-content\/uploads\/2019\/11\/enacon-1400x265-1.jpg","twitter_misc":{"Written by":"Walter Uvo","Est. reading time":"4 minutes"},"schema":{"@context":"https:\/\/schema.org","@graph":[{"@type":"Article","@id":"https:\/\/www.secovi.com.br\/noticias\/Desafios-e-tend%c3%aancias-de-mercado-pautam-abertura-do-Enacon-2019\/14469#article","isPartOf":{"@id":"https:\/\/minhaportaria.com\/en\/portaria-remota\/desafios-e-tendencias-de-mercado-pautam-abertura-do-enacon-2019\/"},"author":{"name":"Walter Uvo","@id":"https:\/\/minhaportaria.com\/#\/schema\/person\/1b60f6ffb6cc2dbfd6334e412ca16faf"},"headline":"Desafios e tend\u00eancias de mercado pautam abertura do Enacon 2019","datePublished":"2019-10-09T14:10:21+00:00","dateModified":"2019-10-09T14:10:21+00:00","mainEntityOfPage":{"@id":"https:\/\/minhaportaria.com\/en\/portaria-remota\/desafios-e-tendencias-de-mercado-pautam-abertura-do-enacon-2019\/"},"wordCount":902,"commentCount":0,"publisher":{"@id":"https:\/\/minhaportaria.com\/#organization"},"image":{"@id":"https:\/\/www.secovi.com.br\/noticias\/Desafios-e-tend%c3%aancias-de-mercado-pautam-abertura-do-Enacon-2019\/14469#primaryimage"},"thumbnailUrl":"https:\/\/minhaportaria.com\/wp-content\/uploads\/2019\/11\/enacon-1400x265-1.jpg","keywords":["enacon","PORTARIA REMOTA","seguran\u00e7a em condom\u00ednio","tecnologia"],"articleSection":["Portaria Remota","Portaria Virtual","Seguran\u00e7a Eletr\u00f4nica"],"inLanguage":"es-ES","potentialAction":[{"@type":"CommentAction","name":"Comment","target":["https:\/\/www.secovi.com.br\/noticias\/Desafios-e-tend%c3%aancias-de-mercado-pautam-abertura-do-Enacon-2019\/14469#respond"]}]},{"@type":"WebPage","@id":"https:\/\/minhaportaria.com\/en\/portaria-remota\/desafios-e-tendencias-de-mercado-pautam-abertura-do-enacon-2019\/","url":"https:\/\/www.secovi.com.br\/noticias\/Desafios-e-tend%c3%aancias-de-mercado-pautam-abertura-do-Enacon-2019\/14469","name":"Desafios e tend\u00eancias de mercado pautam abertura do Enacon 2019","isPartOf":{"@id":"https:\/\/minhaportaria.com\/#website"},"primaryImageOfPage":{"@id":"https:\/\/www.secovi.com.br\/noticias\/Desafios-e-tend%c3%aancias-de-mercado-pautam-abertura-do-Enacon-2019\/14469#primaryimage"},"image":{"@id":"https:\/\/www.secovi.com.br\/noticias\/Desafios-e-tend%c3%aancias-de-mercado-pautam-abertura-do-Enacon-2019\/14469#primaryimage"},"thumbnailUrl":"https:\/\/minhaportaria.com\/wp-content\/uploads\/2019\/11\/enacon-1400x265-1.jpg","datePublished":"2019-10-09T14:10:21+00:00","dateModified":"2019-10-09T14:10:21+00:00","description":"Conflitos condominiais, novas tecnologias, inova\u00e7\u00e3o e perspectivas de crescimento estiveram em foco nos discursos da ENACOM 2019.","breadcrumb":{"@id":"https:\/\/www.secovi.com.br\/noticias\/Desafios-e-tend%c3%aancias-de-mercado-pautam-abertura-do-Enacon-2019\/14469#breadcrumb"},"inLanguage":"es-ES","potentialAction":[{"@type":"ReadAction","target":["https:\/\/www.secovi.com.br\/noticias\/Desafios-e-tend%c3%aancias-de-mercado-pautam-abertura-do-Enacon-2019\/14469"]}]},{"@type":"ImageObject","inLanguage":"es-ES","@id":"https:\/\/www.secovi.com.br\/noticias\/Desafios-e-tend%c3%aancias-de-mercado-pautam-abertura-do-Enacon-2019\/14469#primaryimage","url":"https:\/\/minhaportaria.com\/wp-content\/uploads\/2019\/11\/enacon-1400x265-1.jpg","contentUrl":"https:\/\/minhaportaria.com\/wp-content\/uploads\/2019\/11\/enacon-1400x265-1.jpg","width":396,"height":265,"caption":"enacon x"},{"@type":"BreadcrumbList","@id":"https:\/\/www.secovi.com.br\/noticias\/Desafios-e-tend%c3%aancias-de-mercado-pautam-abertura-do-Enacon-2019\/14469#breadcrumb","itemListElement":[{"@type":"ListItem","position":1,"name":"Home","item":"https:\/\/minhaportaria.com\/"},{"@type":"ListItem","position":2,"name":"Portaria Remota","item":"https:\/\/minhaportaria.com\/en\/category\/portaria-remota\/"},{"@type":"ListItem","position":3,"name":"Desafios e tend\u00eancias de mercado pautam abertura do Enacon 2019"}]},{"@type":"WebSite","@id":"https:\/\/minhaportaria.com\/#website","url":"https:\/\/minhaportaria.com\/","name":"Minha Portaria","description":"","publisher":{"@id":"https:\/\/minhaportaria.com\/#organization"},"potentialAction":[{"@type":"SearchAction","target":{"@type":"EntryPoint","urlTemplate":"https:\/\/minhaportaria.com\/?s={search_term_string}"},"query-input":{"@type":"PropertyValueSpecification","valueRequired":true,"valueName":"search_term_string"}}],"inLanguage":"es-ES"},{"@type":"Organization","@id":"https:\/\/minhaportaria.com\/#organization","name":"Minha Portaria","url":"https:\/\/minhaportaria.com\/","logo":{"@type":"ImageObject","inLanguage":"es-ES","@id":"https:\/\/minhaportaria.com\/#\/schema\/logo\/image\/","url":"https:\/\/minhaportaria.com\/wp-content\/uploads\/2021\/01\/logo-home-175854.png","contentUrl":"https:\/\/minhaportaria.com\/wp-content\/uploads\/2021\/01\/logo-home-175854.png","width":134,"height":62,"caption":"Minha Portaria "},"image":{"@id":"https:\/\/minhaportaria.com\/#\/schema\/logo\/image\/"}},{"@type":"Person","@id":"https:\/\/minhaportaria.com\/#\/schema\/person\/1b60f6ffb6cc2dbfd6334e412ca16faf","name":"Walter Uvo","image":{"@type":"ImageObject","inLanguage":"es-ES","@id":"https:\/\/minhaportaria.com\/#\/schema\/person\/image\/","url":"https:\/\/secure.gravatar.com\/avatar\/ed74b837a4835d4a7b377236f4b28538?s=96&d=mm&r=g","contentUrl":"https:\/\/secure.gravatar.com\/avatar\/ed74b837a4835d4a7b377236f4b28538?s=96&d=mm&r=g","caption":"Walter Uvo"},"url":"https:\/\/minhaportaria.com\/es\/author\/walter-uvo\/"}]}},"_links":{"self":[{"href":"https:\/\/minhaportaria.com\/es\/wp-json\/wp\/v2\/posts\/809"}],"collection":[{"href":"https:\/\/minhaportaria.com\/es\/wp-json\/wp\/v2\/posts"}],"about":[{"href":"https:\/\/minhaportaria.com\/es\/wp-json\/wp\/v2\/types\/post"}],"author":[{"embeddable":true,"href":"https:\/\/minhaportaria.com\/es\/wp-json\/wp\/v2\/users\/13"}],"replies":[{"embeddable":true,"href":"https:\/\/minhaportaria.com\/es\/wp-json\/wp\/v2\/comments?post=809"}],"version-history":[{"count":0,"href":"https:\/\/minhaportaria.com\/es\/wp-json\/wp\/v2\/posts\/809\/revisions"}],"wp:featuredmedia":[{"embeddable":true,"href":"https:\/\/minhaportaria.com\/es\/wp-json\/wp\/v2\/media\/810"}],"wp:attachment":[{"href":"https:\/\/minhaportaria.com\/es\/wp-json\/wp\/v2\/media?parent=809"}],"wp:term":[{"taxonomy":"category","embeddable":true,"href":"https:\/\/minhaportaria.com\/es\/wp-json\/wp\/v2\/categories?post=809"},{"taxonomy":"post_tag","embeddable":true,"href":"https:\/\/minhaportaria.com\/es\/wp-json\/wp\/v2\/tags?post=809"}],"curies":[{"name":"wp","href":"https:\/\/api.w.org\/{rel}","templated":true}]}}