{"id":806,"date":"2019-10-08T11:05:47","date_gmt":"2019-10-08T14:05:47","guid":{"rendered":"http:\/\/blog.minhaportaria.com\/?p=806"},"modified":"2019-10-08T11:05:47","modified_gmt":"2019-10-08T14:05:47","slug":"confianca-e-o-ingrediente-principal-da-lideranca-positiva","status":"publish","type":"post","link":"https:\/\/minhaportaria.com\/es\/portaria-remota\/confianca-e-o-ingrediente-principal-da-lideranca-positiva\/","title":{"rendered":"Confian\u00e7a \u00e9 o ingrediente principal da lideran\u00e7a positiva"},"content":{"rendered":"<div class=\"wp-block-image\"><figure class=\"alignleft\" style=\"padding:0 30px 30px 0;\"><img decoding=\"async\" src=\"https:\/\/minhaportaria.com\/wp-content\/uploads\/2019\/11\/stj8574-shirley400x267.jpg\" alt=\"minhaportaria\" class=\"wp-image-610\"><\/figure><\/div>\n\n\n\n<p class=\"has-text-align-justify\"> <em><strong>Pedro Calabrez, professor e neurocientista, diferenciou os tipos de lideran\u00e7as e deu dicas para uma gest\u00e3o positiva no encerramento do primeiro dia do Enacon<\/strong><\/em><strong> <\/strong><\/p>\n\n\n\n<p class=\"has-text-align-justify\">Em seu segundo ano consecutivo como palestrante do Enacon (Encontro Nacional das Administradoras de Condom\u00ednios), Pedro Calabrez encerrou o primeiro dia da edi\u00e7\u00e3o 2019 do evento abordando o tema Lideran\u00e7a: mente, c\u00e9rebro e comportamento. S\u00f3cio-diretor da NeuroVox, professor e pesquisador do Laborat\u00f3rio de Neuroci\u00eancias Cl\u00ednicas da Escola Paulista de Medicina da Unifesp, ele apresentou, em quase uma hora e meia, in\u00fameros conceitos aplic\u00e1veis ao dia a dia pessoal e profissional.<\/p>\n\n\n\n<p class=\"has-text-align-justify\">Calabrez lembrou que h\u00e1 70 mil anos, o planeta tinha somente seis mil habitantes. A expectativa de vida girava entre 25 e 30 anos, essas pessoas se agrupavam e viviam de forma n\u00f4made e ficavam sujeitos a cat\u00e1strofes ambientais e predadores, como le\u00f5es, elefantes e hipop\u00f3tamos. \u201cHoje, somos quase 8 bilh\u00f5es de pessoas, a expectativa de vida triplicou e n\u00e3o h\u00e1 predadores. Isso mostra a capacidade que o ser humano tem de transformar a sociedade. E essa transforma\u00e7\u00e3o se d\u00e1 pela lideran\u00e7a\u201d, disse.<\/p>\n\n\n\n<p class=\"has-text-align-justify\">De acordo com ele, para entender a lideran\u00e7a no mundo corporativo, \u00e9 preciso compreender os conceitos de transforma\u00e7\u00e3o emocional dentro das empresas. \u201cOs verdadeiros l\u00edderes conseguem tocar emocionalmente as pessoas e, assim, engaj\u00e1-las nos processos. Caso contr\u00e1rio, n\u00e3o haver\u00e1 efic\u00e1cia\u201d, explicou.<\/p>\n\n\n\n<p class=\"has-text-align-justify\">A intelig\u00eancia, de acordo com ele, n\u00e3o pode ser tratada de maneira distorcida, como se fosse poss\u00edvel existir \u201cg\u00eanios solit\u00e1rios\u201d. Ele citou o exemplo do f\u00edsico alem\u00e3o Albert Einstein e sua forte atua\u00e7\u00e3o junto ao meio cient\u00edfico. \u201cA conviv\u00eancia social foi fundamental para o seu brilhantismo pessoal.\u201d Ele aproveitou para citar frase de Isaac Newton: \u201cSe enxerguei longe, foi por estar em p\u00e9 nos ombros de gigantes\u201d.<\/p>\n\n\n\n<p class=\"has-text-align-justify\"><strong>Dois lados da lideran\u00e7a&nbsp;<\/strong>\u2013 Para uma lideran\u00e7a eficiente, deve haver coopera\u00e7\u00e3o. E para se chegar a isso, o l\u00edder deve inspirar em suas equipes transforma\u00e7\u00f5es positivas por meio de suas a\u00e7\u00f5es, comunica\u00e7\u00f5es e comportamentos, sem o exerc\u00edcio duro da hierarquia.<\/p>\n\n\n\n<p class=\"has-text-align-justify\">Conforme Calabrez, h\u00e1 dois modelos de lideran\u00e7a: dissonante e ressonante. O primeiro tipo \u00e9 exercido por um gestor distante emocionalmente das pessoas, que n\u00e3o enxerga a individualidade de seus colaboradores, que deixam de compor uma equipe para formar um time. Esse tipo de l\u00edder costuma ter personalidade eg\u00f3ica \u2013 centrada no ego, e acredita ser mais importante do que a coletividade. Tem foco nos problemas e cultiva a culpabilidade. Critica os erros dos funcion\u00e1rios humilhando-os e usa o b\u00f4nus (aumento salarial ou comiss\u00e3o) como est\u00edmulo produtivo. \u201c\u00c9 a gest\u00e3o exercida pelo medo e o medo gera desconfian\u00e7a\u201d, disse.<\/p>\n\n\n\n<p class=\"has-text-align-justify\">A lideran\u00e7a ressonante, por sua vez, \u00e9 exercida por um l\u00edder pr\u00f3ximo emocionalmente da sua equipe. Ele lidera indiv\u00edduos e \u00e9 respons\u00e1vel pelas pessoas e n\u00e3o pelos aspectos exclusivamente t\u00e9cnicos do trabalho. Mant\u00e9m o foco na solu\u00e7\u00e3o de problemas, no crescimento e desenvolvimento das pessoas e as cr\u00edticas s\u00e3o feitas individualmente e em particular. A gest\u00e3o usa est\u00edmulos prim\u00e1rios (valores intr\u00ednsecos), com o objetivo de se alcan\u00e7ar algo maior, coletivo. Esse tipo de lideran\u00e7a promove engajamento, inspira e n\u00e3o compara um profissional com outro. \u201cEla procura a parceria, promove a empatia e ativa circuitos associados a emo\u00e7\u00f5es positivas. E, acima de tudo, est\u00e1 alicer\u00e7ada na confian\u00e7a\u201d, destacou Calabrez.<\/p>\n\n\n\n<p class=\"has-text-align-justify\">Para ser um l\u00edder ressoante, o professor e estudioso da neuroci\u00eancia deu algumas dicas. A fundamental \u00e9 a pr\u00e1tica da escuta ativa e construtiva, sem julgamentos, preconceitos, com empatia. \u201cA escuta e o di\u00e1logo aproximam. \u00c9 preciso ouvir mais, com energia\u201d, ressaltou. Isso significa engajamento, que nada mais \u00e9 do que conhecer as pessoas e alinhar as compet\u00eancias, evitando estresse, ansiedade, t\u00e9dio e desest\u00edmulo.<\/p>\n\n\n\n<p class=\"has-text-align-justify\">Contudo, a base de uma lideran\u00e7a ressonante \u00e9 a confian\u00e7a entre os colaboradores e os l\u00edderes, e o respeito. \u201cConfian\u00e7a \u00e9 o principal fator para rela\u00e7\u00f5es de sucesso e qualidade. Tamb\u00e9m \u00e9 respons\u00e1vel pela felicidade dos seres humanos.\u201d<\/p>\n\n\n\n<p>N\u00e3o ser grosseiro, pedir desculpas, ter consci\u00eancia e coer\u00eancia, respeitar a rotina e fazer o melhor poss\u00edvel e com carinho s\u00e3o outros itens para o exerc\u00edcio da lideran\u00e7a ressonante. \u201cTem de se travar um caminho estrat\u00e9gico\u201d, concluiu.<\/p>\n\n\n\n<p class=\"has-text-align-justify\">Uma exposi\u00e7\u00e3o de produtos e servi\u00e7os para o segmento condominial completou a programa\u00e7\u00e3o do Enacon 2019, que contou com o patroc\u00ednio de Bradesco, Atlas Schindler, Intelbras, Comgas, Souza Lima, Vila Velha, Superl\u00f3gica, Vivo, Empresta Capital, Graber, Group Software, Hagan\u00e1, Jupiter, Limpidus, Techem, Aster, Pormade e Minha Portaria. Apoio institucional da Aabic (Associa\u00e7\u00e3o das Administradoras de Bens Im\u00f3veis e Condom\u00ednios de S\u00e3o Paulo), entre outras institui\u00e7\u00f5es representativas do setor imobili\u00e1rio.<\/p>\n\n\n\n<p>Quer saber mais sobre o assunto? Ent\u00e3o <strong>mande um whats para n\u00f3s<\/strong>! \u00c9 s\u00f3 clicar no \u00edcone do aplicativo no canto direito da p\u00e1gina.<\/p>","protected":false},"excerpt":{"rendered":"<p>Pedro Calabrez, professor e neurocientista, diferenciou os tipos de lideran\u00e7as e deu dicas para uma gest\u00e3o positiva no encerramento do primeiro dia do Enacon Em seu segundo ano consecutivo como palestrante do Enacon (Encontro Nacional das Administradoras de Condom\u00ednios), Pedro Calabrez encerrou o primeiro dia da edi\u00e7\u00e3o 2019 do evento abordando o tema Lideran\u00e7a: mente, [&hellip;]<\/p>","protected":false},"author":13,"featured_media":807,"comment_status":"open","ping_status":"open","sticky":false,"template":"","format":"standard","meta":{"footnotes":""},"categories":[27,42,53],"tags":[51,191,39],"class_list":["post-806","post","type-post","status-publish","format-standard","has-post-thumbnail","hentry","category-portaria-remota","category-portaria-virtual","category-seguranca-eletronica","tag-condominios","tag-lideranca","tag-portaria-remota-aumenta-segura-e-reduz-custo"],"yoast_head":"<!-- This site is optimized with the Yoast SEO plugin v23.5 - https:\/\/yoast.com\/wordpress\/plugins\/seo\/ -->\n<title>Confian\u00e7a \u00e9 o ingrediente principal da lideran\u00e7a positiva Minha Portaria<\/title>\n<meta name=\"description\" content=\"Veja aqui a mat\u00e9ria do Sindicato da Habita\u00e7\u00e3o de SP sobre confian\u00e7a e lideran\u00e7a.\" \/>\n<meta name=\"robots\" content=\"index, follow, max-snippet:-1, max-image-preview:large, max-video-preview:-1\" \/>\n<link rel=\"canonical\" href=\"https:\/\/www.secovi.com.br\/noticias\/confianca-e-o-ingrediente-principal-da-lideranca-positiva\/14473\" \/>\n<meta property=\"og:locale\" content=\"es_ES\" \/>\n<meta property=\"og:type\" content=\"article\" \/>\n<meta property=\"og:title\" content=\"Confian\u00e7a \u00e9 o ingrediente principal da lideran\u00e7a positiva\" \/>\n<meta property=\"og:description\" content=\"Pedro Calabrez, professor e neurocientista, diferenciou os tipos de lideran\u00e7as e deu dicas para uma gest\u00e3o positiva no encerramento do primeiro dia do Enacon\" \/>\n<meta property=\"og:url\" content=\"https:\/\/www.secovi.com.br\/noticias\/confianca-e-o-ingrediente-principal-da-lideranca-positiva\/14473\" \/>\n<meta property=\"og:site_name\" content=\"Minha Portaria\" \/>\n<meta property=\"article:published_time\" content=\"2019-10-08T14:05:47+00:00\" \/>\n<meta property=\"og:image\" content=\"https:\/\/minhaportaria.com\/wp-content\/uploads\/2019\/11\/stj8574-shirley400x267.jpg\" \/>\n\t<meta property=\"og:image:width\" content=\"400\" \/>\n\t<meta property=\"og:image:height\" content=\"267\" \/>\n\t<meta property=\"og:image:type\" content=\"image\/jpeg\" \/>\n<meta name=\"author\" content=\"Walter Uvo\" \/>\n<meta name=\"twitter:card\" content=\"summary_large_image\" \/>\n<meta name=\"twitter:title\" content=\"Confian\u00e7a \u00e9 o ingrediente principal da lideran\u00e7a positiva\" \/>\n<meta name=\"twitter:description\" content=\"Pedro Calabrez, professor e neurocientista, diferenciou os tipos de lideran\u00e7as e deu dicas para uma gest\u00e3o positiva no encerramento do primeiro dia do Enacon\" \/>\n<meta name=\"twitter:image\" content=\"https:\/\/minhaportaria.com\/wp-content\/uploads\/2019\/11\/stj8574-shirley400x267.jpg\" \/>\n<meta name=\"twitter:label1\" content=\"Written by\" \/>\n\t<meta name=\"twitter:data1\" content=\"Walter Uvo\" \/>\n\t<meta name=\"twitter:label2\" content=\"Est. reading time\" \/>\n\t<meta name=\"twitter:data2\" content=\"4 minutes\" \/>\n<script type=\"application\/ld+json\" class=\"yoast-schema-graph\">{\"@context\":\"https:\/\/schema.org\",\"@graph\":[{\"@type\":\"Article\",\"@id\":\"https:\/\/www.secovi.com.br\/noticias\/confianca-e-o-ingrediente-principal-da-lideranca-positiva\/14473#article\",\"isPartOf\":{\"@id\":\"https:\/\/minhaportaria.com\/en\/portaria-remota\/confianca-e-o-ingrediente-principal-da-lideranca-positiva\/\"},\"author\":{\"name\":\"Walter Uvo\",\"@id\":\"https:\/\/minhaportaria.com\/#\/schema\/person\/1b60f6ffb6cc2dbfd6334e412ca16faf\"},\"headline\":\"Confian\u00e7a \u00e9 o ingrediente principal da lideran\u00e7a positiva\",\"datePublished\":\"2019-10-08T14:05:47+00:00\",\"dateModified\":\"2019-10-08T14:05:47+00:00\",\"mainEntityOfPage\":{\"@id\":\"https:\/\/minhaportaria.com\/en\/portaria-remota\/confianca-e-o-ingrediente-principal-da-lideranca-positiva\/\"},\"wordCount\":866,\"commentCount\":0,\"publisher\":{\"@id\":\"https:\/\/minhaportaria.com\/#organization\"},\"image\":{\"@id\":\"https:\/\/www.secovi.com.br\/noticias\/confianca-e-o-ingrediente-principal-da-lideranca-positiva\/14473#primaryimage\"},\"thumbnailUrl\":\"https:\/\/minhaportaria.com\/wp-content\/uploads\/2019\/11\/stj8574-shirley400x267.jpg\",\"keywords\":[\"condom\u00ednios\",\"lideran\u00e7a\",\"PORTARIA REMOTA\"],\"articleSection\":[\"Portaria Remota\",\"Portaria Virtual\",\"Seguran\u00e7a Eletr\u00f4nica\"],\"inLanguage\":\"es-ES\",\"potentialAction\":[{\"@type\":\"CommentAction\",\"name\":\"Comment\",\"target\":[\"https:\/\/www.secovi.com.br\/noticias\/confianca-e-o-ingrediente-principal-da-lideranca-positiva\/14473#respond\"]}]},{\"@type\":\"WebPage\",\"@id\":\"https:\/\/minhaportaria.com\/en\/portaria-remota\/confianca-e-o-ingrediente-principal-da-lideranca-positiva\/\",\"url\":\"https:\/\/www.secovi.com.br\/noticias\/confianca-e-o-ingrediente-principal-da-lideranca-positiva\/14473\",\"name\":\"Confian\u00e7a \u00e9 o ingrediente principal da lideran\u00e7a positiva Minha Portaria\",\"isPartOf\":{\"@id\":\"https:\/\/minhaportaria.com\/#website\"},\"primaryImageOfPage\":{\"@id\":\"https:\/\/www.secovi.com.br\/noticias\/confianca-e-o-ingrediente-principal-da-lideranca-positiva\/14473#primaryimage\"},\"image\":{\"@id\":\"https:\/\/www.secovi.com.br\/noticias\/confianca-e-o-ingrediente-principal-da-lideranca-positiva\/14473#primaryimage\"},\"thumbnailUrl\":\"https:\/\/minhaportaria.com\/wp-content\/uploads\/2019\/11\/stj8574-shirley400x267.jpg\",\"datePublished\":\"2019-10-08T14:05:47+00:00\",\"dateModified\":\"2019-10-08T14:05:47+00:00\",\"description\":\"Veja aqui a mat\u00e9ria do Sindicato da Habita\u00e7\u00e3o de SP sobre confian\u00e7a e lideran\u00e7a.\",\"breadcrumb\":{\"@id\":\"https:\/\/www.secovi.com.br\/noticias\/confianca-e-o-ingrediente-principal-da-lideranca-positiva\/14473#breadcrumb\"},\"inLanguage\":\"es-ES\",\"potentialAction\":[{\"@type\":\"ReadAction\",\"target\":[\"https:\/\/www.secovi.com.br\/noticias\/confianca-e-o-ingrediente-principal-da-lideranca-positiva\/14473\"]}]},{\"@type\":\"ImageObject\",\"inLanguage\":\"es-ES\",\"@id\":\"https:\/\/www.secovi.com.br\/noticias\/confianca-e-o-ingrediente-principal-da-lideranca-positiva\/14473#primaryimage\",\"url\":\"https:\/\/minhaportaria.com\/wp-content\/uploads\/2019\/11\/stj8574-shirley400x267.jpg\",\"contentUrl\":\"https:\/\/minhaportaria.com\/wp-content\/uploads\/2019\/11\/stj8574-shirley400x267.jpg\",\"width\":400,\"height\":267,\"caption\":\"stj shirleyx\"},{\"@type\":\"BreadcrumbList\",\"@id\":\"https:\/\/www.secovi.com.br\/noticias\/confianca-e-o-ingrediente-principal-da-lideranca-positiva\/14473#breadcrumb\",\"itemListElement\":[{\"@type\":\"ListItem\",\"position\":1,\"name\":\"Home\",\"item\":\"https:\/\/minhaportaria.com\/\"},{\"@type\":\"ListItem\",\"position\":2,\"name\":\"Portaria Remota\",\"item\":\"https:\/\/minhaportaria.com\/en\/category\/portaria-remota\/\"},{\"@type\":\"ListItem\",\"position\":3,\"name\":\"Confian\u00e7a \u00e9 o ingrediente principal da lideran\u00e7a positiva\"}]},{\"@type\":\"WebSite\",\"@id\":\"https:\/\/minhaportaria.com\/#website\",\"url\":\"https:\/\/minhaportaria.com\/\",\"name\":\"Minha Portaria\",\"description\":\"\",\"publisher\":{\"@id\":\"https:\/\/minhaportaria.com\/#organization\"},\"potentialAction\":[{\"@type\":\"SearchAction\",\"target\":{\"@type\":\"EntryPoint\",\"urlTemplate\":\"https:\/\/minhaportaria.com\/?s={search_term_string}\"},\"query-input\":{\"@type\":\"PropertyValueSpecification\",\"valueRequired\":true,\"valueName\":\"search_term_string\"}}],\"inLanguage\":\"es-ES\"},{\"@type\":\"Organization\",\"@id\":\"https:\/\/minhaportaria.com\/#organization\",\"name\":\"Minha Portaria\",\"url\":\"https:\/\/minhaportaria.com\/\",\"logo\":{\"@type\":\"ImageObject\",\"inLanguage\":\"es-ES\",\"@id\":\"https:\/\/minhaportaria.com\/#\/schema\/logo\/image\/\",\"url\":\"https:\/\/minhaportaria.com\/wp-content\/uploads\/2021\/01\/logo-home-175854.png\",\"contentUrl\":\"https:\/\/minhaportaria.com\/wp-content\/uploads\/2021\/01\/logo-home-175854.png\",\"width\":134,\"height\":62,\"caption\":\"Minha Portaria \"},\"image\":{\"@id\":\"https:\/\/minhaportaria.com\/#\/schema\/logo\/image\/\"}},{\"@type\":\"Person\",\"@id\":\"https:\/\/minhaportaria.com\/#\/schema\/person\/1b60f6ffb6cc2dbfd6334e412ca16faf\",\"name\":\"Walter Uvo\",\"image\":{\"@type\":\"ImageObject\",\"inLanguage\":\"es-ES\",\"@id\":\"https:\/\/minhaportaria.com\/#\/schema\/person\/image\/\",\"url\":\"https:\/\/secure.gravatar.com\/avatar\/ed74b837a4835d4a7b377236f4b28538?s=96&d=mm&r=g\",\"contentUrl\":\"https:\/\/secure.gravatar.com\/avatar\/ed74b837a4835d4a7b377236f4b28538?s=96&d=mm&r=g\",\"caption\":\"Walter Uvo\"},\"url\":\"https:\/\/minhaportaria.com\/es\/author\/walter-uvo\/\"}]}<\/script>\n<!-- \/ Yoast SEO plugin. -->","yoast_head_json":{"title":"Confian\u00e7a \u00e9 o ingrediente principal da lideran\u00e7a positiva Minha Portaria","description":"Veja aqui a mat\u00e9ria do Sindicato da Habita\u00e7\u00e3o de SP sobre confian\u00e7a e lideran\u00e7a.","robots":{"index":"index","follow":"follow","max-snippet":"max-snippet:-1","max-image-preview":"max-image-preview:large","max-video-preview":"max-video-preview:-1"},"canonical":"https:\/\/www.secovi.com.br\/noticias\/confianca-e-o-ingrediente-principal-da-lideranca-positiva\/14473","og_locale":"es_ES","og_type":"article","og_title":"Confian\u00e7a \u00e9 o ingrediente principal da lideran\u00e7a positiva","og_description":"Pedro Calabrez, professor e neurocientista, diferenciou os tipos de lideran\u00e7as e deu dicas para uma gest\u00e3o positiva no encerramento do primeiro dia do Enacon","og_url":"https:\/\/www.secovi.com.br\/noticias\/confianca-e-o-ingrediente-principal-da-lideranca-positiva\/14473","og_site_name":"Minha Portaria","article_published_time":"2019-10-08T14:05:47+00:00","og_image":[{"width":400,"height":267,"url":"https:\/\/minhaportaria.com\/wp-content\/uploads\/2019\/11\/stj8574-shirley400x267.jpg","type":"image\/jpeg"}],"author":"Walter Uvo","twitter_card":"summary_large_image","twitter_title":"Confian\u00e7a \u00e9 o ingrediente principal da lideran\u00e7a positiva","twitter_description":"Pedro Calabrez, professor e neurocientista, diferenciou os tipos de lideran\u00e7as e deu dicas para uma gest\u00e3o positiva no encerramento do primeiro dia do Enacon","twitter_image":"https:\/\/minhaportaria.com\/wp-content\/uploads\/2019\/11\/stj8574-shirley400x267.jpg","twitter_misc":{"Written by":"Walter Uvo","Est. reading time":"4 minutes"},"schema":{"@context":"https:\/\/schema.org","@graph":[{"@type":"Article","@id":"https:\/\/www.secovi.com.br\/noticias\/confianca-e-o-ingrediente-principal-da-lideranca-positiva\/14473#article","isPartOf":{"@id":"https:\/\/minhaportaria.com\/en\/portaria-remota\/confianca-e-o-ingrediente-principal-da-lideranca-positiva\/"},"author":{"name":"Walter Uvo","@id":"https:\/\/minhaportaria.com\/#\/schema\/person\/1b60f6ffb6cc2dbfd6334e412ca16faf"},"headline":"Confian\u00e7a \u00e9 o ingrediente principal da lideran\u00e7a positiva","datePublished":"2019-10-08T14:05:47+00:00","dateModified":"2019-10-08T14:05:47+00:00","mainEntityOfPage":{"@id":"https:\/\/minhaportaria.com\/en\/portaria-remota\/confianca-e-o-ingrediente-principal-da-lideranca-positiva\/"},"wordCount":866,"commentCount":0,"publisher":{"@id":"https:\/\/minhaportaria.com\/#organization"},"image":{"@id":"https:\/\/www.secovi.com.br\/noticias\/confianca-e-o-ingrediente-principal-da-lideranca-positiva\/14473#primaryimage"},"thumbnailUrl":"https:\/\/minhaportaria.com\/wp-content\/uploads\/2019\/11\/stj8574-shirley400x267.jpg","keywords":["condom\u00ednios","lideran\u00e7a","PORTARIA REMOTA"],"articleSection":["Portaria Remota","Portaria Virtual","Seguran\u00e7a Eletr\u00f4nica"],"inLanguage":"es-ES","potentialAction":[{"@type":"CommentAction","name":"Comment","target":["https:\/\/www.secovi.com.br\/noticias\/confianca-e-o-ingrediente-principal-da-lideranca-positiva\/14473#respond"]}]},{"@type":"WebPage","@id":"https:\/\/minhaportaria.com\/en\/portaria-remota\/confianca-e-o-ingrediente-principal-da-lideranca-positiva\/","url":"https:\/\/www.secovi.com.br\/noticias\/confianca-e-o-ingrediente-principal-da-lideranca-positiva\/14473","name":"Confian\u00e7a \u00e9 o ingrediente principal da lideran\u00e7a positiva Minha Portaria","isPartOf":{"@id":"https:\/\/minhaportaria.com\/#website"},"primaryImageOfPage":{"@id":"https:\/\/www.secovi.com.br\/noticias\/confianca-e-o-ingrediente-principal-da-lideranca-positiva\/14473#primaryimage"},"image":{"@id":"https:\/\/www.secovi.com.br\/noticias\/confianca-e-o-ingrediente-principal-da-lideranca-positiva\/14473#primaryimage"},"thumbnailUrl":"https:\/\/minhaportaria.com\/wp-content\/uploads\/2019\/11\/stj8574-shirley400x267.jpg","datePublished":"2019-10-08T14:05:47+00:00","dateModified":"2019-10-08T14:05:47+00:00","description":"Veja aqui a mat\u00e9ria do Sindicato da Habita\u00e7\u00e3o de SP sobre confian\u00e7a e lideran\u00e7a.","breadcrumb":{"@id":"https:\/\/www.secovi.com.br\/noticias\/confianca-e-o-ingrediente-principal-da-lideranca-positiva\/14473#breadcrumb"},"inLanguage":"es-ES","potentialAction":[{"@type":"ReadAction","target":["https:\/\/www.secovi.com.br\/noticias\/confianca-e-o-ingrediente-principal-da-lideranca-positiva\/14473"]}]},{"@type":"ImageObject","inLanguage":"es-ES","@id":"https:\/\/www.secovi.com.br\/noticias\/confianca-e-o-ingrediente-principal-da-lideranca-positiva\/14473#primaryimage","url":"https:\/\/minhaportaria.com\/wp-content\/uploads\/2019\/11\/stj8574-shirley400x267.jpg","contentUrl":"https:\/\/minhaportaria.com\/wp-content\/uploads\/2019\/11\/stj8574-shirley400x267.jpg","width":400,"height":267,"caption":"stj shirleyx"},{"@type":"BreadcrumbList","@id":"https:\/\/www.secovi.com.br\/noticias\/confianca-e-o-ingrediente-principal-da-lideranca-positiva\/14473#breadcrumb","itemListElement":[{"@type":"ListItem","position":1,"name":"Home","item":"https:\/\/minhaportaria.com\/"},{"@type":"ListItem","position":2,"name":"Portaria Remota","item":"https:\/\/minhaportaria.com\/en\/category\/portaria-remota\/"},{"@type":"ListItem","position":3,"name":"Confian\u00e7a \u00e9 o ingrediente principal da lideran\u00e7a positiva"}]},{"@type":"WebSite","@id":"https:\/\/minhaportaria.com\/#website","url":"https:\/\/minhaportaria.com\/","name":"Minha Portaria","description":"","publisher":{"@id":"https:\/\/minhaportaria.com\/#organization"},"potentialAction":[{"@type":"SearchAction","target":{"@type":"EntryPoint","urlTemplate":"https:\/\/minhaportaria.com\/?s={search_term_string}"},"query-input":{"@type":"PropertyValueSpecification","valueRequired":true,"valueName":"search_term_string"}}],"inLanguage":"es-ES"},{"@type":"Organization","@id":"https:\/\/minhaportaria.com\/#organization","name":"Minha Portaria","url":"https:\/\/minhaportaria.com\/","logo":{"@type":"ImageObject","inLanguage":"es-ES","@id":"https:\/\/minhaportaria.com\/#\/schema\/logo\/image\/","url":"https:\/\/minhaportaria.com\/wp-content\/uploads\/2021\/01\/logo-home-175854.png","contentUrl":"https:\/\/minhaportaria.com\/wp-content\/uploads\/2021\/01\/logo-home-175854.png","width":134,"height":62,"caption":"Minha Portaria "},"image":{"@id":"https:\/\/minhaportaria.com\/#\/schema\/logo\/image\/"}},{"@type":"Person","@id":"https:\/\/minhaportaria.com\/#\/schema\/person\/1b60f6ffb6cc2dbfd6334e412ca16faf","name":"Walter Uvo","image":{"@type":"ImageObject","inLanguage":"es-ES","@id":"https:\/\/minhaportaria.com\/#\/schema\/person\/image\/","url":"https:\/\/secure.gravatar.com\/avatar\/ed74b837a4835d4a7b377236f4b28538?s=96&d=mm&r=g","contentUrl":"https:\/\/secure.gravatar.com\/avatar\/ed74b837a4835d4a7b377236f4b28538?s=96&d=mm&r=g","caption":"Walter Uvo"},"url":"https:\/\/minhaportaria.com\/es\/author\/walter-uvo\/"}]}},"_links":{"self":[{"href":"https:\/\/minhaportaria.com\/es\/wp-json\/wp\/v2\/posts\/806"}],"collection":[{"href":"https:\/\/minhaportaria.com\/es\/wp-json\/wp\/v2\/posts"}],"about":[{"href":"https:\/\/minhaportaria.com\/es\/wp-json\/wp\/v2\/types\/post"}],"author":[{"embeddable":true,"href":"https:\/\/minhaportaria.com\/es\/wp-json\/wp\/v2\/users\/13"}],"replies":[{"embeddable":true,"href":"https:\/\/minhaportaria.com\/es\/wp-json\/wp\/v2\/comments?post=806"}],"version-history":[{"count":0,"href":"https:\/\/minhaportaria.com\/es\/wp-json\/wp\/v2\/posts\/806\/revisions"}],"wp:featuredmedia":[{"embeddable":true,"href":"https:\/\/minhaportaria.com\/es\/wp-json\/wp\/v2\/media\/807"}],"wp:attachment":[{"href":"https:\/\/minhaportaria.com\/es\/wp-json\/wp\/v2\/media?parent=806"}],"wp:term":[{"taxonomy":"category","embeddable":true,"href":"https:\/\/minhaportaria.com\/es\/wp-json\/wp\/v2\/categories?post=806"},{"taxonomy":"post_tag","embeddable":true,"href":"https:\/\/minhaportaria.com\/es\/wp-json\/wp\/v2\/tags?post=806"}],"curies":[{"name":"wp","href":"https:\/\/api.w.org\/{rel}","templated":true}]}}