{"id":2452,"date":"2019-07-12T11:04:24","date_gmt":"2019-07-12T14:04:24","guid":{"rendered":"http:\/\/blog.minhaportaria.com\/?p=753"},"modified":"2019-07-12T11:04:24","modified_gmt":"2019-07-12T14:04:24","slug":"e-possivel-otimizar-a-seguranca-em-casa-durante-as-ferias","status":"publish","type":"post","link":"https:\/\/minhaportaria.com\/es\/portaria-remota\/e-possivel-otimizar-a-seguranca-em-casa-durante-as-ferias\/","title":{"rendered":"\u00c9 poss\u00edvel otimizar a seguran\u00e7a em casa durante as f\u00e9rias?"},"content":{"rendered":"<p class=\"has-text-align-justify\">Movimenta\u00e7\u00e3o maior de pessoas nos residenciais requer mais cuidado.<\/p>\n\n\n\n<p class=\"has-text-align-justify\">Depois de um semestre de estudo e dedica\u00e7\u00e3o, aproxima-se o per\u00edodo mais esperado pela garotada: as f\u00e9rias. O recesso escolar \u00e9 sempre uma boa \u00e9poca para viajar com a fam\u00edlia ou deixar os estudantes passando uns dias tranquilos em casa. \u00c9 justamente a\u00ed que surge a d\u00favida para aqueles que n\u00e3o podem se ausentar do trabalho: quem fica respons\u00e1vel pela molecada?<\/p>\n\n\n\n<p class=\"has-text-align-justify\">Para aquelas fam\u00edlias que t\u00eam a op\u00e7\u00e3o de viajar, fica a preocupa\u00e7\u00e3o com furtos, pois ao mesmo tempo que a resid\u00eancia est\u00e1 fechada e sem ningu\u00e9m, h\u00e1 uma maior movimenta\u00e7\u00e3o de pessoas no condom\u00ednio e, muitas vezes, sem muito controle do entra e sai. Se o morador, por meio da tecnologia, tem controle sobre o local onde mora, a preocupa\u00e7\u00e3o com seguran\u00e7a tende a ser reduzida. <a href=\"https:\/\/blog.minhaportaria.com\/aumento-na-seguranca\/\">A portaria remota tem se mostrado uma op\u00e7\u00e3o efetiva na promo\u00e7\u00e3o da seguran\u00e7a<\/a>. A princ\u00edpio, por meio da biometria, \u00e9 poss\u00edvel deixar registrado quem entrou e saiu e a que horas ocorreu qualquer fato.<\/p>\n\n\n\n<p class=\"has-text-align-justify\">Hoje, o servi\u00e7o de portaria remota conta com aplicativo para otimizar o dia a dia do local. Entre as funcionalidades que facilitam a rotina do condom\u00ednio, est\u00e3o: cadastro de visitantes, acesso \u00e0s c\u00e2meras e bot\u00e3o de emerg\u00eancia e p\u00e2nico. No que diz respeito \u00e0 entrada de visitantes (pelo app), o morador gera um QR Code e envia ao convidado; dessa forma, ao utiliz\u00e1-lo, a entrada fica liberada, e comprova que foi realmente autorizada pelo morador.<\/p>\n\n\n\n<p class=\"has-text-align-justify\">Walter Uvo, especialista em tecnologia do MinhaPortaria.com, ressalta que os moradores podem ter acesso \u00e0s informa\u00e7\u00f5es pelo monitoramento remoto do aplicativo, que deve ser instalado em seu smartphone. &#8220;Se os pais querem sair juntos, viajar e deixar os filhos em casa, podem fiscalizar os momentos e hor\u00e1rios que seus filhos deixaram ou retornaram \u00e0 resid\u00eancia&#8221;, comenta.<\/p>\n\n\n\n<p class=\"has-text-align-justify\">Mesmo para aqueles que n\u00e3o t\u00eam esse controle na palma das m\u00e3os, \u00e9 poss\u00edvel tomar medidas que elevam o n\u00edvel de seguran\u00e7a do local e diminuam a preocupa\u00e7\u00e3o. Amilton Saraiva, especialista em condom\u00ednios da GS Terceiriza\u00e7\u00e3o, aponta o qu\u00e3o importante \u00e9 o morador evitar espalhar sobre sua viagem e itiner\u00e1rio. &#8220;A dica \u00e9 agir com discri\u00e7\u00e3o, pois, assim, se evita que outras pessoas tenham conhecimento da casa vazia. \u00c9 preciso ter cuidado tamb\u00e9m no que se refere aos trabalhadores \u2014 como faxineiras e diaristas \u2014 que, sem querer, podem comentar com algu\u00e9m de fora&#8221;, afirma. Por isso mesmo \u00e9 essencial que o morador informe ao porteiro e ao zelador sobre a sua sa\u00edda, deixando uma autoriza\u00e7\u00e3o sobre quem poder\u00e1 entrar no condom\u00ednio em sua aus\u00eancia.<\/p>\n\n\n\n<p class=\"has-text-align-justify\">No que se refere \u00e0 cautela pela entrada de estranhos, a necessidade de cuidado por parte da administra\u00e7\u00e3o do condom\u00ednio \u00e9 destacada. O ideal \u00e9 n\u00e3o deixar que desconhecidos tenham acesso livre sem cadastro pr\u00e9vio, a\u00e7\u00e3o que requer o b\u00e1sico: documenta\u00e7\u00e3o. No fim das contas, estrat\u00e9gias para elevar a seguran\u00e7a podem ser pensadas em conjunto entre a administra\u00e7\u00e3o e os moradores, dessa forma, se ausentar por uns dias ou deixar os adolescentes sozinhos em casa deixa de ser sin\u00f4nimo de preocupa\u00e7\u00e3o.<\/p>\n\n\n\n<p>Fonte:  <a href=\"https:\/\/www.segs.com.br\/demais\/180411-e-possivel-otimizar-a-seguranca-em-casa-durante-as-ferias\">https:\/\/www.segs.com.br\/demais\/180411-e-possivel-otimizar-a-seguranca-em-casa-durante-as-ferias<\/a> <\/p>\n\n\n\n<p>Tem alguma d\u00favida sobre o assunto? <strong>Mande um whats para n\u00f3s<\/strong>! \u00c9 s\u00f3 clicar no \u00edcone do aplicativo no canto direito da p\u00e1gina.<\/p>","protected":false},"excerpt":{"rendered":"<p>Movimenta\u00e7\u00e3o maior de pessoas nos residenciais requer mais cuidado. Depois de um semestre de estudo e dedica\u00e7\u00e3o, aproxima-se o per\u00edodo mais esperado pela garotada: as f\u00e9rias. O recesso escolar \u00e9 sempre uma boa \u00e9poca para viajar com a fam\u00edlia ou deixar os estudantes passando uns dias tranquilos em casa. \u00c9 justamente a\u00ed que surge a [&hellip;]<\/p>","protected":false},"author":13,"featured_media":282,"comment_status":"open","ping_status":"open","sticky":false,"template":"","format":"standard","meta":{"footnotes":""},"categories":[27,42,53],"tags":[40,43],"class_list":["post-2452","post","type-post","status-publish","format-standard","has-post-thumbnail","hentry","category-portaria-remota","category-portaria-virtual","category-seguranca-eletronica","tag-portaria-remota-como-funciona","tag-portaria-virtual-como-funciona"],"yoast_head":"<!-- This site is optimized with the Yoast SEO plugin v23.5 - https:\/\/yoast.com\/wordpress\/plugins\/seo\/ -->\n<title>\u00c9 poss\u00edvel otimizar a seguran\u00e7a em casa durante as f\u00e9rias?<\/title>\n<meta name=\"description\" content=\"Veja nesta mat\u00e9ria algumas formas de manter a seguran\u00e7a em casa mesmo durante as f\u00e9rias.\" \/>\n<meta name=\"robots\" content=\"index, nofollow, max-snippet:-1, max-image-preview:large, max-video-preview:-1\" \/>\n<link rel=\"canonical\" href=\"https:\/\/www.segs.com.br\/demais\/180411-e-possivel-otimizar-a-seguranca-em-casa-durante-as-ferias\" \/>\n<meta property=\"og:locale\" content=\"es_ES\" \/>\n<meta property=\"og:type\" content=\"article\" \/>\n<meta property=\"og:title\" content=\"\u00c9 poss\u00edvel otimizar a seguran\u00e7a em casa durante as f\u00e9rias?\" \/>\n<meta property=\"og:description\" content=\"Depois de um semestre de estudo e dedica\u00e7\u00e3o, aproxima-se o per\u00edodo mais esperado pela garotada: as f\u00e9rias. O recesso escolar \u00e9 sempre uma boa \u00e9poca para viajar com a fam\u00edlia ou deixar os estudantes passando uns dias tranquilos em casa.\" \/>\n<meta property=\"og:url\" content=\"https:\/\/www.segs.com.br\/demais\/180411-e-possivel-otimizar-a-seguranca-em-casa-durante-as-ferias\" \/>\n<meta property=\"og:site_name\" content=\"Minha Portaria\" \/>\n<meta property=\"article:published_time\" content=\"2019-07-12T14:04:24+00:00\" \/>\n<meta property=\"og:image\" content=\"https:\/\/minhaportaria.com\/wp-content\/uploads\/2019\/04\/5-ferramentas-de-seguranca-que-todo-suporte-em-TI-precisa-dominar.jpg\" \/>\n\t<meta property=\"og:image:width\" content=\"1080\" \/>\n\t<meta property=\"og:image:height\" content=\"731\" \/>\n\t<meta property=\"og:image:type\" content=\"image\/jpeg\" \/>\n<meta name=\"author\" content=\"Walter Uvo\" \/>\n<meta name=\"twitter:card\" content=\"summary_large_image\" \/>\n<meta name=\"twitter:title\" content=\"Novidades mundiais no setor de seguran\u00e7a\" \/>\n<meta name=\"twitter:description\" content=\"Sistemas integrados, equipamentos aut\u00f4nomos e intelig\u00eancia artificial foram alguns dos destaques demonstrados por 800 marcas expositoras\" \/>\n<meta name=\"twitter:label1\" content=\"Written by\" \/>\n\t<meta name=\"twitter:data1\" content=\"Walter Uvo\" \/>\n\t<meta name=\"twitter:label2\" content=\"Est. reading time\" \/>\n\t<meta name=\"twitter:data2\" content=\"3 minutes\" \/>\n<script type=\"application\/ld+json\" class=\"yoast-schema-graph\">{\"@context\":\"https:\/\/schema.org\",\"@graph\":[{\"@type\":\"Article\",\"@id\":\"https:\/\/www.segs.com.br\/demais\/180411-e-possivel-otimizar-a-seguranca-em-casa-durante-as-ferias#article\",\"isPartOf\":{\"@id\":\"https:\/\/minhaportaria.com\/es\/portaria-remota\/e-possivel-otimizar-a-seguranca-em-casa-durante-as-ferias\/\"},\"author\":{\"name\":\"Walter Uvo\",\"@id\":\"https:\/\/minhaportaria.com\/#\/schema\/person\/1b60f6ffb6cc2dbfd6334e412ca16faf\"},\"headline\":\"\u00c9 poss\u00edvel otimizar a seguran\u00e7a em casa durante as f\u00e9rias?\",\"datePublished\":\"2019-07-12T14:04:24+00:00\",\"dateModified\":\"2019-07-12T14:04:24+00:00\",\"mainEntityOfPage\":{\"@id\":\"https:\/\/minhaportaria.com\/es\/portaria-remota\/e-possivel-otimizar-a-seguranca-em-casa-durante-as-ferias\/\"},\"wordCount\":602,\"commentCount\":0,\"publisher\":{\"@id\":\"https:\/\/minhaportaria.com\/#organization\"},\"image\":{\"@id\":\"https:\/\/www.segs.com.br\/demais\/180411-e-possivel-otimizar-a-seguranca-em-casa-durante-as-ferias#primaryimage\"},\"thumbnailUrl\":\"https:\/\/minhaportaria.com\/wp-content\/uploads\/2019\/04\/5-ferramentas-de-seguranca-que-todo-suporte-em-TI-precisa-dominar.jpg\",\"keywords\":[\"Portaria Remota Como Funciona\",\"Portaria Virtual Como Funciona\"],\"articleSection\":[\"Portaria Remota\",\"Portaria Virtual\",\"Seguran\u00e7a Eletr\u00f4nica\"],\"inLanguage\":\"es-ES\",\"potentialAction\":[{\"@type\":\"CommentAction\",\"name\":\"Comment\",\"target\":[\"https:\/\/www.segs.com.br\/demais\/180411-e-possivel-otimizar-a-seguranca-em-casa-durante-as-ferias#respond\"]}]},{\"@type\":\"WebPage\",\"@id\":\"https:\/\/minhaportaria.com\/es\/portaria-remota\/e-possivel-otimizar-a-seguranca-em-casa-durante-as-ferias\/\",\"url\":\"https:\/\/www.segs.com.br\/demais\/180411-e-possivel-otimizar-a-seguranca-em-casa-durante-as-ferias\",\"name\":\"\u00c9 poss\u00edvel otimizar a seguran\u00e7a em casa durante as f\u00e9rias?\",\"isPartOf\":{\"@id\":\"https:\/\/minhaportaria.com\/#website\"},\"primaryImageOfPage\":{\"@id\":\"https:\/\/www.segs.com.br\/demais\/180411-e-possivel-otimizar-a-seguranca-em-casa-durante-as-ferias#primaryimage\"},\"image\":{\"@id\":\"https:\/\/www.segs.com.br\/demais\/180411-e-possivel-otimizar-a-seguranca-em-casa-durante-as-ferias#primaryimage\"},\"thumbnailUrl\":\"https:\/\/minhaportaria.com\/wp-content\/uploads\/2019\/04\/5-ferramentas-de-seguranca-que-todo-suporte-em-TI-precisa-dominar.jpg\",\"datePublished\":\"2019-07-12T14:04:24+00:00\",\"dateModified\":\"2019-07-12T14:04:24+00:00\",\"description\":\"Veja nesta mat\u00e9ria algumas formas de manter a seguran\u00e7a em casa mesmo durante as f\u00e9rias.\",\"breadcrumb\":{\"@id\":\"https:\/\/www.segs.com.br\/demais\/180411-e-possivel-otimizar-a-seguranca-em-casa-durante-as-ferias#breadcrumb\"},\"inLanguage\":\"es-ES\",\"potentialAction\":[{\"@type\":\"ReadAction\",\"target\":[\"https:\/\/www.segs.com.br\/demais\/180411-e-possivel-otimizar-a-seguranca-em-casa-durante-as-ferias\"]}]},{\"@type\":\"ImageObject\",\"inLanguage\":\"es-ES\",\"@id\":\"https:\/\/www.segs.com.br\/demais\/180411-e-possivel-otimizar-a-seguranca-em-casa-durante-as-ferias#primaryimage\",\"url\":\"https:\/\/minhaportaria.com\/wp-content\/uploads\/2019\/04\/5-ferramentas-de-seguranca-que-todo-suporte-em-TI-precisa-dominar.jpg\",\"contentUrl\":\"https:\/\/minhaportaria.com\/wp-content\/uploads\/2019\/04\/5-ferramentas-de-seguranca-que-todo-suporte-em-TI-precisa-dominar.jpg\",\"width\":1080,\"height\":731,\"caption\":\"ferramentas de seguranca que todo suporte em TI precisa dominar\"},{\"@type\":\"BreadcrumbList\",\"@id\":\"https:\/\/www.segs.com.br\/demais\/180411-e-possivel-otimizar-a-seguranca-em-casa-durante-as-ferias#breadcrumb\",\"itemListElement\":[{\"@type\":\"ListItem\",\"position\":1,\"name\":\"Home\",\"item\":\"https:\/\/minhaportaria.com\/\"},{\"@type\":\"ListItem\",\"position\":2,\"name\":\"Portaria Remota\",\"item\":\"https:\/\/minhaportaria.com\/en\/category\/portaria-remota\/\"},{\"@type\":\"ListItem\",\"position\":3,\"name\":\"\u00c9 poss\u00edvel otimizar a seguran\u00e7a em casa durante as f\u00e9rias?\"}]},{\"@type\":\"WebSite\",\"@id\":\"https:\/\/minhaportaria.com\/#website\",\"url\":\"https:\/\/minhaportaria.com\/\",\"name\":\"Minha Portaria\",\"description\":\"\",\"publisher\":{\"@id\":\"https:\/\/minhaportaria.com\/#organization\"},\"potentialAction\":[{\"@type\":\"SearchAction\",\"target\":{\"@type\":\"EntryPoint\",\"urlTemplate\":\"https:\/\/minhaportaria.com\/?s={search_term_string}\"},\"query-input\":{\"@type\":\"PropertyValueSpecification\",\"valueRequired\":true,\"valueName\":\"search_term_string\"}}],\"inLanguage\":\"es-ES\"},{\"@type\":\"Organization\",\"@id\":\"https:\/\/minhaportaria.com\/#organization\",\"name\":\"Minha Portaria\",\"url\":\"https:\/\/minhaportaria.com\/\",\"logo\":{\"@type\":\"ImageObject\",\"inLanguage\":\"es-ES\",\"@id\":\"https:\/\/minhaportaria.com\/#\/schema\/logo\/image\/\",\"url\":\"https:\/\/minhaportaria.com\/wp-content\/uploads\/2021\/01\/logo-home-175854.png\",\"contentUrl\":\"https:\/\/minhaportaria.com\/wp-content\/uploads\/2021\/01\/logo-home-175854.png\",\"width\":134,\"height\":62,\"caption\":\"Minha Portaria \"},\"image\":{\"@id\":\"https:\/\/minhaportaria.com\/#\/schema\/logo\/image\/\"}},{\"@type\":\"Person\",\"@id\":\"https:\/\/minhaportaria.com\/#\/schema\/person\/1b60f6ffb6cc2dbfd6334e412ca16faf\",\"name\":\"Walter Uvo\",\"image\":{\"@type\":\"ImageObject\",\"inLanguage\":\"es-ES\",\"@id\":\"https:\/\/minhaportaria.com\/#\/schema\/person\/image\/\",\"url\":\"https:\/\/secure.gravatar.com\/avatar\/ed74b837a4835d4a7b377236f4b28538?s=96&d=mm&r=g\",\"contentUrl\":\"https:\/\/secure.gravatar.com\/avatar\/ed74b837a4835d4a7b377236f4b28538?s=96&d=mm&r=g\",\"caption\":\"Walter Uvo\"},\"url\":\"https:\/\/minhaportaria.com\/es\/author\/walter-uvo\/\"}]}<\/script>\n<!-- \/ Yoast SEO plugin. -->","yoast_head_json":{"title":"\u00c9 poss\u00edvel otimizar a seguran\u00e7a em casa durante as f\u00e9rias?","description":"Veja nesta mat\u00e9ria algumas formas de manter a seguran\u00e7a em casa mesmo durante as f\u00e9rias.","robots":{"index":"index","follow":"nofollow","max-snippet":"max-snippet:-1","max-image-preview":"max-image-preview:large","max-video-preview":"max-video-preview:-1"},"canonical":"https:\/\/www.segs.com.br\/demais\/180411-e-possivel-otimizar-a-seguranca-em-casa-durante-as-ferias","og_locale":"es_ES","og_type":"article","og_title":"\u00c9 poss\u00edvel otimizar a seguran\u00e7a em casa durante as f\u00e9rias?","og_description":"Depois de um semestre de estudo e dedica\u00e7\u00e3o, aproxima-se o per\u00edodo mais esperado pela garotada: as f\u00e9rias. O recesso escolar \u00e9 sempre uma boa \u00e9poca para viajar com a fam\u00edlia ou deixar os estudantes passando uns dias tranquilos em casa.","og_url":"https:\/\/www.segs.com.br\/demais\/180411-e-possivel-otimizar-a-seguranca-em-casa-durante-as-ferias","og_site_name":"Minha Portaria","article_published_time":"2019-07-12T14:04:24+00:00","og_image":[{"width":1080,"height":731,"url":"https:\/\/minhaportaria.com\/wp-content\/uploads\/2019\/04\/5-ferramentas-de-seguranca-que-todo-suporte-em-TI-precisa-dominar.jpg","type":"image\/jpeg"}],"author":"Walter Uvo","twitter_card":"summary_large_image","twitter_title":"Novidades mundiais no setor de seguran\u00e7a","twitter_description":"Sistemas integrados, equipamentos aut\u00f4nomos e intelig\u00eancia artificial foram alguns dos destaques demonstrados por 800 marcas expositoras","twitter_misc":{"Written by":"Walter Uvo","Est. reading time":"3 minutes"},"schema":{"@context":"https:\/\/schema.org","@graph":[{"@type":"Article","@id":"https:\/\/www.segs.com.br\/demais\/180411-e-possivel-otimizar-a-seguranca-em-casa-durante-as-ferias#article","isPartOf":{"@id":"https:\/\/minhaportaria.com\/es\/portaria-remota\/e-possivel-otimizar-a-seguranca-em-casa-durante-as-ferias\/"},"author":{"name":"Walter Uvo","@id":"https:\/\/minhaportaria.com\/#\/schema\/person\/1b60f6ffb6cc2dbfd6334e412ca16faf"},"headline":"\u00c9 poss\u00edvel otimizar a seguran\u00e7a em casa durante as f\u00e9rias?","datePublished":"2019-07-12T14:04:24+00:00","dateModified":"2019-07-12T14:04:24+00:00","mainEntityOfPage":{"@id":"https:\/\/minhaportaria.com\/es\/portaria-remota\/e-possivel-otimizar-a-seguranca-em-casa-durante-as-ferias\/"},"wordCount":602,"commentCount":0,"publisher":{"@id":"https:\/\/minhaportaria.com\/#organization"},"image":{"@id":"https:\/\/www.segs.com.br\/demais\/180411-e-possivel-otimizar-a-seguranca-em-casa-durante-as-ferias#primaryimage"},"thumbnailUrl":"https:\/\/minhaportaria.com\/wp-content\/uploads\/2019\/04\/5-ferramentas-de-seguranca-que-todo-suporte-em-TI-precisa-dominar.jpg","keywords":["Portaria Remota Como Funciona","Portaria Virtual Como Funciona"],"articleSection":["Portaria Remota","Portaria Virtual","Seguran\u00e7a Eletr\u00f4nica"],"inLanguage":"es-ES","potentialAction":[{"@type":"CommentAction","name":"Comment","target":["https:\/\/www.segs.com.br\/demais\/180411-e-possivel-otimizar-a-seguranca-em-casa-durante-as-ferias#respond"]}]},{"@type":"WebPage","@id":"https:\/\/minhaportaria.com\/es\/portaria-remota\/e-possivel-otimizar-a-seguranca-em-casa-durante-as-ferias\/","url":"https:\/\/www.segs.com.br\/demais\/180411-e-possivel-otimizar-a-seguranca-em-casa-durante-as-ferias","name":"\u00c9 poss\u00edvel otimizar a seguran\u00e7a em casa durante as f\u00e9rias?","isPartOf":{"@id":"https:\/\/minhaportaria.com\/#website"},"primaryImageOfPage":{"@id":"https:\/\/www.segs.com.br\/demais\/180411-e-possivel-otimizar-a-seguranca-em-casa-durante-as-ferias#primaryimage"},"image":{"@id":"https:\/\/www.segs.com.br\/demais\/180411-e-possivel-otimizar-a-seguranca-em-casa-durante-as-ferias#primaryimage"},"thumbnailUrl":"https:\/\/minhaportaria.com\/wp-content\/uploads\/2019\/04\/5-ferramentas-de-seguranca-que-todo-suporte-em-TI-precisa-dominar.jpg","datePublished":"2019-07-12T14:04:24+00:00","dateModified":"2019-07-12T14:04:24+00:00","description":"Veja nesta mat\u00e9ria algumas formas de manter a seguran\u00e7a em casa mesmo durante as f\u00e9rias.","breadcrumb":{"@id":"https:\/\/www.segs.com.br\/demais\/180411-e-possivel-otimizar-a-seguranca-em-casa-durante-as-ferias#breadcrumb"},"inLanguage":"es-ES","potentialAction":[{"@type":"ReadAction","target":["https:\/\/www.segs.com.br\/demais\/180411-e-possivel-otimizar-a-seguranca-em-casa-durante-as-ferias"]}]},{"@type":"ImageObject","inLanguage":"es-ES","@id":"https:\/\/www.segs.com.br\/demais\/180411-e-possivel-otimizar-a-seguranca-em-casa-durante-as-ferias#primaryimage","url":"https:\/\/minhaportaria.com\/wp-content\/uploads\/2019\/04\/5-ferramentas-de-seguranca-que-todo-suporte-em-TI-precisa-dominar.jpg","contentUrl":"https:\/\/minhaportaria.com\/wp-content\/uploads\/2019\/04\/5-ferramentas-de-seguranca-que-todo-suporte-em-TI-precisa-dominar.jpg","width":1080,"height":731,"caption":"ferramentas de seguranca que todo suporte em TI precisa dominar"},{"@type":"BreadcrumbList","@id":"https:\/\/www.segs.com.br\/demais\/180411-e-possivel-otimizar-a-seguranca-em-casa-durante-as-ferias#breadcrumb","itemListElement":[{"@type":"ListItem","position":1,"name":"Home","item":"https:\/\/minhaportaria.com\/"},{"@type":"ListItem","position":2,"name":"Portaria Remota","item":"https:\/\/minhaportaria.com\/en\/category\/portaria-remota\/"},{"@type":"ListItem","position":3,"name":"\u00c9 poss\u00edvel otimizar a seguran\u00e7a em casa durante as f\u00e9rias?"}]},{"@type":"WebSite","@id":"https:\/\/minhaportaria.com\/#website","url":"https:\/\/minhaportaria.com\/","name":"Minha Portaria","description":"","publisher":{"@id":"https:\/\/minhaportaria.com\/#organization"},"potentialAction":[{"@type":"SearchAction","target":{"@type":"EntryPoint","urlTemplate":"https:\/\/minhaportaria.com\/?s={search_term_string}"},"query-input":{"@type":"PropertyValueSpecification","valueRequired":true,"valueName":"search_term_string"}}],"inLanguage":"es-ES"},{"@type":"Organization","@id":"https:\/\/minhaportaria.com\/#organization","name":"Minha Portaria","url":"https:\/\/minhaportaria.com\/","logo":{"@type":"ImageObject","inLanguage":"es-ES","@id":"https:\/\/minhaportaria.com\/#\/schema\/logo\/image\/","url":"https:\/\/minhaportaria.com\/wp-content\/uploads\/2021\/01\/logo-home-175854.png","contentUrl":"https:\/\/minhaportaria.com\/wp-content\/uploads\/2021\/01\/logo-home-175854.png","width":134,"height":62,"caption":"Minha Portaria "},"image":{"@id":"https:\/\/minhaportaria.com\/#\/schema\/logo\/image\/"}},{"@type":"Person","@id":"https:\/\/minhaportaria.com\/#\/schema\/person\/1b60f6ffb6cc2dbfd6334e412ca16faf","name":"Walter Uvo","image":{"@type":"ImageObject","inLanguage":"es-ES","@id":"https:\/\/minhaportaria.com\/#\/schema\/person\/image\/","url":"https:\/\/secure.gravatar.com\/avatar\/ed74b837a4835d4a7b377236f4b28538?s=96&d=mm&r=g","contentUrl":"https:\/\/secure.gravatar.com\/avatar\/ed74b837a4835d4a7b377236f4b28538?s=96&d=mm&r=g","caption":"Walter Uvo"},"url":"https:\/\/minhaportaria.com\/es\/author\/walter-uvo\/"}]}},"_links":{"self":[{"href":"https:\/\/minhaportaria.com\/es\/wp-json\/wp\/v2\/posts\/2452"}],"collection":[{"href":"https:\/\/minhaportaria.com\/es\/wp-json\/wp\/v2\/posts"}],"about":[{"href":"https:\/\/minhaportaria.com\/es\/wp-json\/wp\/v2\/types\/post"}],"author":[{"embeddable":true,"href":"https:\/\/minhaportaria.com\/es\/wp-json\/wp\/v2\/users\/13"}],"replies":[{"embeddable":true,"href":"https:\/\/minhaportaria.com\/es\/wp-json\/wp\/v2\/comments?post=2452"}],"version-history":[{"count":0,"href":"https:\/\/minhaportaria.com\/es\/wp-json\/wp\/v2\/posts\/2452\/revisions"}],"wp:featuredmedia":[{"embeddable":true,"href":"https:\/\/minhaportaria.com\/es\/wp-json\/wp\/v2\/media\/282"}],"wp:attachment":[{"href":"https:\/\/minhaportaria.com\/es\/wp-json\/wp\/v2\/media?parent=2452"}],"wp:term":[{"taxonomy":"category","embeddable":true,"href":"https:\/\/minhaportaria.com\/es\/wp-json\/wp\/v2\/categories?post=2452"},{"taxonomy":"post_tag","embeddable":true,"href":"https:\/\/minhaportaria.com\/es\/wp-json\/wp\/v2\/tags?post=2452"}],"curies":[{"name":"wp","href":"https:\/\/api.w.org\/{rel}","templated":true}]}}