{"id":2451,"date":"2019-07-10T10:31:23","date_gmt":"2019-07-10T13:31:23","guid":{"rendered":"http:\/\/blog.minhaportaria.com\/?p=750"},"modified":"2019-07-10T10:31:23","modified_gmt":"2019-07-10T13:31:23","slug":"seguranca-em-condominios-em-pauta-no-ciclo-de-palestras-de-agosto","status":"publish","type":"post","link":"https:\/\/minhaportaria.com\/es\/conteudos-diversos\/seguranca-em-condominios-em-pauta-no-ciclo-de-palestras-de-agosto\/","title":{"rendered":"Seguran\u00e7a em condom\u00ednios em pauta no Ciclo de Palestras de agosto"},"content":{"rendered":"<div class=\"wp-block-image\"><figure class=\"alignleft\" style=\"padding:0 30px 30px 0;\"><img decoding=\"async\" src=\"https:\/\/minhaportaria.com\/wp-content\/uploads\/2019\/09\/coronel-camilo400x400.jpg\" alt=\"\" class=\"wp-image-610\"><\/figure><\/div>\n\n\n\n<p class=\"has-text-align-justify\"><em>O coronel&nbsp;\u00c1lvaro Camilo, secret\u00e1rio executivo da PM, vai ministrar palestra e empresas v\u00e3o mostrar soluc\u00f5es e tecnologias relacionadas \u00e0 seguran\u00e7a<\/em><\/p>\n\n\n\n<p class=\"has-text-align-justify\"> Para aquelas fam\u00edlias que t\u00eam a op\u00e7\u00e3o de viajar, fica a preocupa\u00e7\u00e3o com furtos, pois ao mesmo tempo que a resid\u00eancia est\u00e1 fechada e sem ningu\u00e9m, h\u00e1 uma maior movimenta\u00e7\u00e3o de pessoas no condom\u00ednio e, muitas vezes, sem muito controle do entra e sai. Se o morador, por meio da tecnologia, tem controle sobre o local onde mora, a preocupa\u00e7\u00e3o com seguran\u00e7a tende a ser reduzida. A portaria remota tem se mostrado uma op\u00e7\u00e3o efetiva na promo\u00e7\u00e3o da seguran\u00e7a. A princ\u00edpio, por meio da biometria, \u00e9 poss\u00edvel deixar registrado quem entrou e saiu e a que horas ocorreu qualquer fato.<br><br>Hoje, o servi\u00e7o de portaria remota conta com aplicativo para otimizar o dia a dia do local. Entre as funcionalidades que facilitam a rotina do condom\u00ednio, est\u00e3o: cadastro de visitantes, acesso \u00e0s c\u00e2meras e bot\u00e3o de emerg\u00eancia e p\u00e2nico. No que diz respeito \u00e0 entrada de visitantes (pelo app), o morador gera um\u00a0QR Code\u00a0e envia ao convidado; dessa forma, ao utiliz\u00e1-lo, a entrada fica liberada, e comprova que foi realmente autorizada pelo morador.<br><br>Walter Uvo, especialista em tecnologia do MinhaPortaria.com, ressalta que os moradores podem ter acesso \u00e0s informa\u00e7\u00f5es pelo monitoramento remoto do aplicativo, que deve ser instalado em seu smartphone. \u201cSe os pais querem sair juntos, viajar e deixar os filhos em casa, podem fiscalizar os momentos e hor\u00e1rios que seus filhos deixaram ou retornaram \u00e0 resid\u00eancia\u201d, comenta.<br><br>Mesmo para aqueles que n\u00e3o t\u00eam esse controle na palma das m\u00e3os, \u00e9 poss\u00edvel tomar medidas que elevam o n\u00edvel de seguran\u00e7a do local e diminuam a preocupa\u00e7\u00e3o. Amilton Saraiva, especialista em condom\u00ednios da GS Terceiriza\u00e7\u00e3o, aponta o qu\u00e3o importante \u00e9 o morador evitar espalhar sobre sua viagem e itiner\u00e1rio. \u201cA dica \u00e9 agir com discri\u00e7\u00e3o, pois, assim, se evita que outras pessoas tenham conhecimento da casa vazia. \u00c9 preciso ter cuidado tamb\u00e9m no que se refere aos trabalhadores \u2014 como faxineiras e diaristas \u2014 que, sem querer, podem comentar com algu\u00e9m de fora\u201d, afirma. Por isso mesmo \u00e9 essencial que o morador informe ao porteiro e ao zelador sobre a sua sa\u00edda, deixando uma autoriza\u00e7\u00e3o sobre quem poder\u00e1 entrar no condom\u00ednio em sua aus\u00eancia.<br><br>No que se refere \u00e0 cautela pela entrada de estranhos, a necessidade de cuidado por parte da administra\u00e7\u00e3o do condom\u00ednio \u00e9 destacada. O ideal \u00e9 n\u00e3o deixar que desconhecidos tenham acesso livre sem cadastro pr\u00e9vio, a\u00e7\u00e3o que requer o b\u00e1sico: documenta\u00e7\u00e3o. No fim das contas, estrat\u00e9gias para elevar a seguran\u00e7a podem ser pensadas em conjunto entre a administra\u00e7\u00e3o e os moradores, dessa forma, se ausentar por uns dias ou deixar os adolescentes sozinhos em casa deixa de ser sin\u00f4nimo de preocupa\u00e7\u00e3o. <\/p>\n\n\n\n<p class=\"has-text-align-justify\">Oferecer informa\u00e7\u00f5es importantes que possibilitem aos s\u00edndicos e gestores de condom\u00ednios desenvolverem a\u00e7\u00f5es preventivas de seguran\u00e7a com efici\u00eancia e integra\u00e7\u00e3o \u00e9 o objetivo da edi\u00e7\u00e3o de agosto do Ciclo de Palestras para Condom\u00ednios.<\/p>\n\n\n\n<p class=\"has-text-align-justify\">Em palestra&nbsp;<strong>dia 7&nbsp;de agosto<\/strong>, das 19 \u00e0s 21 horas, o&nbsp;coronel&nbsp;\u00c1lvaro Camilo, secret\u00e1rio executivo da Pol\u00edcia Militar de S\u00e3o Paulo, vai dar&nbsp;dicas de seguran\u00e7a em condom\u00ednios.&nbsp;Hubert Gebara, vice-presidente de Administra\u00e7\u00e3o Imobili\u00e1ria e Condom\u00ednios do Secovi-SP, far\u00e1 a abertura do encontro, que ser\u00e1 coordenado por S\u00e9rgio Meira de Castro Neto, diretor de Condom\u00ednios da entidade. Haver\u00e1 ainda a participa\u00e7\u00e3o das&nbsp;empresas Aster, Focusmind\/Minha Portaria, Hagan\u00e1 e intelbr\u00e1s que apresentar\u00e3o suas solu\u00e7\u00f5es e tecnologias relacionadas \u00e0 seguran\u00e7a.&nbsp;<\/p>\n\n\n\n<p class=\"has-text-align-justify\">O evento \u00e9 gratuito e destinado a s\u00edndicos, subs\u00edndicos, conselheiros, funcion\u00e1rios de condom\u00ednios, empres\u00e1rios e profissionais de administradoras, que podem agasalhos\u00a0para o Ampliar, programa de responsabilidade social do Secovi-SP.\u00a0<br>\u00a0<br>Mais informa\u00e7\u00f5es e inscri\u00e7\u00f5es: (11) 5591-1306 ou clique\u00a0<a href=\"http:\/\/www.secovi.com.br\/cursos-e-eventos\/ciclo-condominios-e-possivel-ter-mais-seguranca-participe-e-saiba-como\/3082\">aqui<\/a>.<\/p>\n\n\n\n<p><strong>Autor:<\/strong>\u00a0Assessoria de Comunica\u00e7\u00e3o &#8211; Secovi-SP\u00a0<\/p>","protected":false},"excerpt":{"rendered":"<p>O coronel&nbsp;\u00c1lvaro Camilo, secret\u00e1rio executivo da PM, vai ministrar palestra e empresas v\u00e3o mostrar soluc\u00f5es e tecnologias relacionadas \u00e0 seguran\u00e7a Para aquelas fam\u00edlias que t\u00eam a op\u00e7\u00e3o de viajar, fica a preocupa\u00e7\u00e3o com furtos, pois ao mesmo tempo que a resid\u00eancia est\u00e1 fechada e sem ningu\u00e9m, h\u00e1 uma maior movimenta\u00e7\u00e3o de pessoas no condom\u00ednio e, [&hellip;]<\/p>","protected":false},"author":13,"featured_media":751,"comment_status":"open","ping_status":"open","sticky":false,"template":"","format":"standard","meta":{"footnotes":""},"categories":[105],"tags":[40,43],"class_list":["post-2451","post","type-post","status-publish","format-standard","has-post-thumbnail","hentry","category-conteudos-diversos","tag-portaria-remota-como-funciona","tag-portaria-virtual-como-funciona"],"yoast_head":"<!-- This site is optimized with the Yoast SEO plugin v23.5 - https:\/\/yoast.com\/wordpress\/plugins\/seo\/ -->\n<title>Seguran\u00e7a em condom\u00ednios em pauta no Ciclo de Palestras de agosto Minha Portaria<\/title>\n<meta name=\"description\" content=\"O coronel \u00c1lvaro Camilo, secret\u00e1rio executivo da PM, vai ministrar palestra e empresas v\u00e3o mostrar soluc\u00f5es e tecnologias relacionadas \u00e0 seguran\u00e7a\" \/>\n<meta name=\"robots\" content=\"index, nofollow, max-snippet:-1, max-image-preview:large, max-video-preview:-1\" \/>\n<link rel=\"canonical\" href=\"http:\/\/www.secovi.com.br\/noticias\/seguranca-em-condominios-em-pauta-no-ciclo-de-palestras-de-agosto\/14281\" \/>\n<meta property=\"og:locale\" content=\"es_ES\" \/>\n<meta property=\"og:type\" content=\"article\" \/>\n<meta property=\"og:title\" content=\"Seguran\u00e7a em condom\u00ednios em pauta no Ciclo de Palestras de agosto Minha Portaria\" \/>\n<meta property=\"og:description\" content=\"Depois de um semestre de estudo e dedica\u00e7\u00e3o, aproxima-se o per\u00edodo mais esperado pela garotada: as f\u00e9rias. O recesso escolar \u00e9 sempre uma boa \u00e9poca para viajar com a fam\u00edlia ou deixar os estudantes passando uns dias tranquilos em casa.\" \/>\n<meta property=\"og:url\" content=\"http:\/\/www.secovi.com.br\/noticias\/seguranca-em-condominios-em-pauta-no-ciclo-de-palestras-de-agosto\/14281\" \/>\n<meta property=\"og:site_name\" content=\"Minha Portaria\" \/>\n<meta property=\"article:published_time\" content=\"2019-07-10T13:31:23+00:00\" \/>\n<meta property=\"og:image\" content=\"https:\/\/minhaportaria.com\/wp-content\/uploads\/2019\/09\/activity-beauty-blue-61129-1080x720-1.jpg\" \/>\n\t<meta property=\"og:image:width\" content=\"1080\" \/>\n\t<meta property=\"og:image:height\" content=\"720\" \/>\n\t<meta property=\"og:image:type\" content=\"image\/jpeg\" \/>\n<meta name=\"author\" content=\"Walter Uvo\" \/>\n<meta name=\"twitter:card\" content=\"summary_large_image\" \/>\n<meta name=\"twitter:title\" content=\"F\u00e9rias escolares: preocupa\u00e7\u00e3o dobrada\" \/>\n<meta name=\"twitter:description\" content=\"Depois de um semestre de estudo e dedica\u00e7\u00e3o, aproxima-se o per\u00edodo mais esperado pela garotada: as f\u00e9rias. O recesso escolar \u00e9 sempre uma boa \u00e9poca para viajar com a fam\u00edlia ou deixar os estudantes passando uns dias tranquilos em casa.\" \/>\n<meta name=\"twitter:label1\" content=\"Written by\" \/>\n\t<meta name=\"twitter:data1\" content=\"Walter Uvo\" \/>\n\t<meta name=\"twitter:label2\" content=\"Est. reading time\" \/>\n\t<meta name=\"twitter:data2\" content=\"3 minutes\" \/>\n<script type=\"application\/ld+json\" class=\"yoast-schema-graph\">{\"@context\":\"https:\/\/schema.org\",\"@graph\":[{\"@type\":\"Article\",\"@id\":\"http:\/\/www.secovi.com.br\/noticias\/seguranca-em-condominios-em-pauta-no-ciclo-de-palestras-de-agosto\/14281#article\",\"isPartOf\":{\"@id\":\"https:\/\/minhaportaria.com\/en\/conteudos-diversos\/seguranca-em-condominios-em-pauta-no-ciclo-de-palestras-de-agosto\/\"},\"author\":{\"name\":\"Walter Uvo\",\"@id\":\"https:\/\/minhaportaria.com\/#\/schema\/person\/1b60f6ffb6cc2dbfd6334e412ca16faf\"},\"headline\":\"Seguran\u00e7a em condom\u00ednios em pauta no Ciclo de Palestras de agosto\",\"datePublished\":\"2019-07-10T13:31:23+00:00\",\"dateModified\":\"2019-07-10T13:31:23+00:00\",\"mainEntityOfPage\":{\"@id\":\"https:\/\/minhaportaria.com\/en\/conteudos-diversos\/seguranca-em-condominios-em-pauta-no-ciclo-de-palestras-de-agosto\/\"},\"wordCount\":711,\"commentCount\":0,\"publisher\":{\"@id\":\"https:\/\/minhaportaria.com\/#organization\"},\"image\":{\"@id\":\"http:\/\/www.secovi.com.br\/noticias\/seguranca-em-condominios-em-pauta-no-ciclo-de-palestras-de-agosto\/14281#primaryimage\"},\"thumbnailUrl\":\"https:\/\/minhaportaria.com\/wp-content\/uploads\/2021\/01\/icone-cftv-013444.svg\",\"keywords\":[\"Portaria Remota Como Funciona\",\"Portaria Virtual Como Funciona\"],\"articleSection\":[\"Conte\u00fados Diversos\"],\"inLanguage\":\"es-ES\",\"potentialAction\":[{\"@type\":\"CommentAction\",\"name\":\"Comment\",\"target\":[\"http:\/\/www.secovi.com.br\/noticias\/seguranca-em-condominios-em-pauta-no-ciclo-de-palestras-de-agosto\/14281#respond\"]}]},{\"@type\":\"WebPage\",\"@id\":\"https:\/\/minhaportaria.com\/en\/conteudos-diversos\/seguranca-em-condominios-em-pauta-no-ciclo-de-palestras-de-agosto\/\",\"url\":\"http:\/\/www.secovi.com.br\/noticias\/seguranca-em-condominios-em-pauta-no-ciclo-de-palestras-de-agosto\/14281\",\"name\":\"Seguran\u00e7a em condom\u00ednios em pauta no Ciclo de Palestras de agosto Minha Portaria\",\"isPartOf\":{\"@id\":\"https:\/\/minhaportaria.com\/#website\"},\"primaryImageOfPage\":{\"@id\":\"http:\/\/www.secovi.com.br\/noticias\/seguranca-em-condominios-em-pauta-no-ciclo-de-palestras-de-agosto\/14281#primaryimage\"},\"image\":{\"@id\":\"http:\/\/www.secovi.com.br\/noticias\/seguranca-em-condominios-em-pauta-no-ciclo-de-palestras-de-agosto\/14281#primaryimage\"},\"thumbnailUrl\":\"https:\/\/minhaportaria.com\/wp-content\/uploads\/2021\/01\/icone-cftv-013444.svg\",\"datePublished\":\"2019-07-10T13:31:23+00:00\",\"dateModified\":\"2019-07-10T13:31:23+00:00\",\"description\":\"O coronel \u00c1lvaro Camilo, secret\u00e1rio executivo da PM, vai ministrar palestra e empresas v\u00e3o mostrar soluc\u00f5es e tecnologias relacionadas \u00e0 seguran\u00e7a\",\"breadcrumb\":{\"@id\":\"http:\/\/www.secovi.com.br\/noticias\/seguranca-em-condominios-em-pauta-no-ciclo-de-palestras-de-agosto\/14281#breadcrumb\"},\"inLanguage\":\"es-ES\",\"potentialAction\":[{\"@type\":\"ReadAction\",\"target\":[\"http:\/\/www.secovi.com.br\/noticias\/seguranca-em-condominios-em-pauta-no-ciclo-de-palestras-de-agosto\/14281\"]}]},{\"@type\":\"ImageObject\",\"inLanguage\":\"es-ES\",\"@id\":\"http:\/\/www.secovi.com.br\/noticias\/seguranca-em-condominios-em-pauta-no-ciclo-de-palestras-de-agosto\/14281#primaryimage\",\"url\":\"https:\/\/minhaportaria.com\/wp-content\/uploads\/2021\/01\/icone-cftv-013444.svg\",\"contentUrl\":\"https:\/\/minhaportaria.com\/wp-content\/uploads\/2021\/01\/icone-cftv-013444.svg\",\"width\":56.139,\"height\":56,\"caption\":\"icone-cftv\"},{\"@type\":\"BreadcrumbList\",\"@id\":\"http:\/\/www.secovi.com.br\/noticias\/seguranca-em-condominios-em-pauta-no-ciclo-de-palestras-de-agosto\/14281#breadcrumb\",\"itemListElement\":[{\"@type\":\"ListItem\",\"position\":1,\"name\":\"Home\",\"item\":\"https:\/\/minhaportaria.com\/\"},{\"@type\":\"ListItem\",\"position\":2,\"name\":\"Uncategorized\",\"item\":\"https:\/\/minhaportaria.com\/en\/category\/uncategorized\/\"},{\"@type\":\"ListItem\",\"position\":3,\"name\":\"Seguran\u00e7a em condom\u00ednios em pauta no Ciclo de Palestras de agosto\"}]},{\"@type\":\"WebSite\",\"@id\":\"https:\/\/minhaportaria.com\/#website\",\"url\":\"https:\/\/minhaportaria.com\/\",\"name\":\"Minha Portaria\",\"description\":\"\",\"publisher\":{\"@id\":\"https:\/\/minhaportaria.com\/#organization\"},\"potentialAction\":[{\"@type\":\"SearchAction\",\"target\":{\"@type\":\"EntryPoint\",\"urlTemplate\":\"https:\/\/minhaportaria.com\/?s={search_term_string}\"},\"query-input\":{\"@type\":\"PropertyValueSpecification\",\"valueRequired\":true,\"valueName\":\"search_term_string\"}}],\"inLanguage\":\"es-ES\"},{\"@type\":\"Organization\",\"@id\":\"https:\/\/minhaportaria.com\/#organization\",\"name\":\"Minha Portaria\",\"url\":\"https:\/\/minhaportaria.com\/\",\"logo\":{\"@type\":\"ImageObject\",\"inLanguage\":\"es-ES\",\"@id\":\"https:\/\/minhaportaria.com\/#\/schema\/logo\/image\/\",\"url\":\"https:\/\/minhaportaria.com\/wp-content\/uploads\/2021\/01\/logo-home-175854.png\",\"contentUrl\":\"https:\/\/minhaportaria.com\/wp-content\/uploads\/2021\/01\/logo-home-175854.png\",\"width\":134,\"height\":62,\"caption\":\"Minha Portaria \"},\"image\":{\"@id\":\"https:\/\/minhaportaria.com\/#\/schema\/logo\/image\/\"}},{\"@type\":\"Person\",\"@id\":\"https:\/\/minhaportaria.com\/#\/schema\/person\/1b60f6ffb6cc2dbfd6334e412ca16faf\",\"name\":\"Walter Uvo\",\"image\":{\"@type\":\"ImageObject\",\"inLanguage\":\"es-ES\",\"@id\":\"https:\/\/minhaportaria.com\/#\/schema\/person\/image\/\",\"url\":\"https:\/\/secure.gravatar.com\/avatar\/ed74b837a4835d4a7b377236f4b28538?s=96&d=mm&r=g\",\"contentUrl\":\"https:\/\/secure.gravatar.com\/avatar\/ed74b837a4835d4a7b377236f4b28538?s=96&d=mm&r=g\",\"caption\":\"Walter Uvo\"},\"url\":\"https:\/\/minhaportaria.com\/es\/author\/walter-uvo\/\"}]}<\/script>\n<!-- \/ Yoast SEO plugin. -->","yoast_head_json":{"title":"Seguran\u00e7a em condom\u00ednios em pauta no Ciclo de Palestras de agosto Minha Portaria","description":"O coronel \u00c1lvaro Camilo, secret\u00e1rio executivo da PM, vai ministrar palestra e empresas v\u00e3o mostrar soluc\u00f5es e tecnologias relacionadas \u00e0 seguran\u00e7a","robots":{"index":"index","follow":"nofollow","max-snippet":"max-snippet:-1","max-image-preview":"max-image-preview:large","max-video-preview":"max-video-preview:-1"},"canonical":"http:\/\/www.secovi.com.br\/noticias\/seguranca-em-condominios-em-pauta-no-ciclo-de-palestras-de-agosto\/14281","og_locale":"es_ES","og_type":"article","og_title":"Seguran\u00e7a em condom\u00ednios em pauta no Ciclo de Palestras de agosto Minha Portaria","og_description":"Depois de um semestre de estudo e dedica\u00e7\u00e3o, aproxima-se o per\u00edodo mais esperado pela garotada: as f\u00e9rias. O recesso escolar \u00e9 sempre uma boa \u00e9poca para viajar com a fam\u00edlia ou deixar os estudantes passando uns dias tranquilos em casa.","og_url":"http:\/\/www.secovi.com.br\/noticias\/seguranca-em-condominios-em-pauta-no-ciclo-de-palestras-de-agosto\/14281","og_site_name":"Minha Portaria","article_published_time":"2019-07-10T13:31:23+00:00","og_image":[{"width":1080,"height":720,"url":"https:\/\/minhaportaria.com\/wp-content\/uploads\/2019\/09\/activity-beauty-blue-61129-1080x720-1.jpg","type":"image\/jpeg"}],"author":"Walter Uvo","twitter_card":"summary_large_image","twitter_title":"F\u00e9rias escolares: preocupa\u00e7\u00e3o dobrada","twitter_description":"Depois de um semestre de estudo e dedica\u00e7\u00e3o, aproxima-se o per\u00edodo mais esperado pela garotada: as f\u00e9rias. O recesso escolar \u00e9 sempre uma boa \u00e9poca para viajar com a fam\u00edlia ou deixar os estudantes passando uns dias tranquilos em casa.","twitter_misc":{"Written by":"Walter Uvo","Est. reading time":"3 minutes"},"schema":{"@context":"https:\/\/schema.org","@graph":[{"@type":"Article","@id":"http:\/\/www.secovi.com.br\/noticias\/seguranca-em-condominios-em-pauta-no-ciclo-de-palestras-de-agosto\/14281#article","isPartOf":{"@id":"https:\/\/minhaportaria.com\/en\/conteudos-diversos\/seguranca-em-condominios-em-pauta-no-ciclo-de-palestras-de-agosto\/"},"author":{"name":"Walter Uvo","@id":"https:\/\/minhaportaria.com\/#\/schema\/person\/1b60f6ffb6cc2dbfd6334e412ca16faf"},"headline":"Seguran\u00e7a em condom\u00ednios em pauta no Ciclo de Palestras de agosto","datePublished":"2019-07-10T13:31:23+00:00","dateModified":"2019-07-10T13:31:23+00:00","mainEntityOfPage":{"@id":"https:\/\/minhaportaria.com\/en\/conteudos-diversos\/seguranca-em-condominios-em-pauta-no-ciclo-de-palestras-de-agosto\/"},"wordCount":711,"commentCount":0,"publisher":{"@id":"https:\/\/minhaportaria.com\/#organization"},"image":{"@id":"http:\/\/www.secovi.com.br\/noticias\/seguranca-em-condominios-em-pauta-no-ciclo-de-palestras-de-agosto\/14281#primaryimage"},"thumbnailUrl":"https:\/\/minhaportaria.com\/wp-content\/uploads\/2021\/01\/icone-cftv-013444.svg","keywords":["Portaria Remota Como Funciona","Portaria Virtual Como Funciona"],"articleSection":["Conte\u00fados Diversos"],"inLanguage":"es-ES","potentialAction":[{"@type":"CommentAction","name":"Comment","target":["http:\/\/www.secovi.com.br\/noticias\/seguranca-em-condominios-em-pauta-no-ciclo-de-palestras-de-agosto\/14281#respond"]}]},{"@type":"WebPage","@id":"https:\/\/minhaportaria.com\/en\/conteudos-diversos\/seguranca-em-condominios-em-pauta-no-ciclo-de-palestras-de-agosto\/","url":"http:\/\/www.secovi.com.br\/noticias\/seguranca-em-condominios-em-pauta-no-ciclo-de-palestras-de-agosto\/14281","name":"Seguran\u00e7a em condom\u00ednios em pauta no Ciclo de Palestras de agosto Minha Portaria","isPartOf":{"@id":"https:\/\/minhaportaria.com\/#website"},"primaryImageOfPage":{"@id":"http:\/\/www.secovi.com.br\/noticias\/seguranca-em-condominios-em-pauta-no-ciclo-de-palestras-de-agosto\/14281#primaryimage"},"image":{"@id":"http:\/\/www.secovi.com.br\/noticias\/seguranca-em-condominios-em-pauta-no-ciclo-de-palestras-de-agosto\/14281#primaryimage"},"thumbnailUrl":"https:\/\/minhaportaria.com\/wp-content\/uploads\/2021\/01\/icone-cftv-013444.svg","datePublished":"2019-07-10T13:31:23+00:00","dateModified":"2019-07-10T13:31:23+00:00","description":"O coronel \u00c1lvaro Camilo, secret\u00e1rio executivo da PM, vai ministrar palestra e empresas v\u00e3o mostrar soluc\u00f5es e tecnologias relacionadas \u00e0 seguran\u00e7a","breadcrumb":{"@id":"http:\/\/www.secovi.com.br\/noticias\/seguranca-em-condominios-em-pauta-no-ciclo-de-palestras-de-agosto\/14281#breadcrumb"},"inLanguage":"es-ES","potentialAction":[{"@type":"ReadAction","target":["http:\/\/www.secovi.com.br\/noticias\/seguranca-em-condominios-em-pauta-no-ciclo-de-palestras-de-agosto\/14281"]}]},{"@type":"ImageObject","inLanguage":"es-ES","@id":"http:\/\/www.secovi.com.br\/noticias\/seguranca-em-condominios-em-pauta-no-ciclo-de-palestras-de-agosto\/14281#primaryimage","url":"https:\/\/minhaportaria.com\/wp-content\/uploads\/2021\/01\/icone-cftv-013444.svg","contentUrl":"https:\/\/minhaportaria.com\/wp-content\/uploads\/2021\/01\/icone-cftv-013444.svg","width":56.139,"height":56,"caption":"icone-cftv"},{"@type":"BreadcrumbList","@id":"http:\/\/www.secovi.com.br\/noticias\/seguranca-em-condominios-em-pauta-no-ciclo-de-palestras-de-agosto\/14281#breadcrumb","itemListElement":[{"@type":"ListItem","position":1,"name":"Home","item":"https:\/\/minhaportaria.com\/"},{"@type":"ListItem","position":2,"name":"Uncategorized","item":"https:\/\/minhaportaria.com\/en\/category\/uncategorized\/"},{"@type":"ListItem","position":3,"name":"Seguran\u00e7a em condom\u00ednios em pauta no Ciclo de Palestras de agosto"}]},{"@type":"WebSite","@id":"https:\/\/minhaportaria.com\/#website","url":"https:\/\/minhaportaria.com\/","name":"Minha Portaria","description":"","publisher":{"@id":"https:\/\/minhaportaria.com\/#organization"},"potentialAction":[{"@type":"SearchAction","target":{"@type":"EntryPoint","urlTemplate":"https:\/\/minhaportaria.com\/?s={search_term_string}"},"query-input":{"@type":"PropertyValueSpecification","valueRequired":true,"valueName":"search_term_string"}}],"inLanguage":"es-ES"},{"@type":"Organization","@id":"https:\/\/minhaportaria.com\/#organization","name":"Minha Portaria","url":"https:\/\/minhaportaria.com\/","logo":{"@type":"ImageObject","inLanguage":"es-ES","@id":"https:\/\/minhaportaria.com\/#\/schema\/logo\/image\/","url":"https:\/\/minhaportaria.com\/wp-content\/uploads\/2021\/01\/logo-home-175854.png","contentUrl":"https:\/\/minhaportaria.com\/wp-content\/uploads\/2021\/01\/logo-home-175854.png","width":134,"height":62,"caption":"Minha Portaria "},"image":{"@id":"https:\/\/minhaportaria.com\/#\/schema\/logo\/image\/"}},{"@type":"Person","@id":"https:\/\/minhaportaria.com\/#\/schema\/person\/1b60f6ffb6cc2dbfd6334e412ca16faf","name":"Walter Uvo","image":{"@type":"ImageObject","inLanguage":"es-ES","@id":"https:\/\/minhaportaria.com\/#\/schema\/person\/image\/","url":"https:\/\/secure.gravatar.com\/avatar\/ed74b837a4835d4a7b377236f4b28538?s=96&d=mm&r=g","contentUrl":"https:\/\/secure.gravatar.com\/avatar\/ed74b837a4835d4a7b377236f4b28538?s=96&d=mm&r=g","caption":"Walter Uvo"},"url":"https:\/\/minhaportaria.com\/es\/author\/walter-uvo\/"}]}},"_links":{"self":[{"href":"https:\/\/minhaportaria.com\/es\/wp-json\/wp\/v2\/posts\/2451"}],"collection":[{"href":"https:\/\/minhaportaria.com\/es\/wp-json\/wp\/v2\/posts"}],"about":[{"href":"https:\/\/minhaportaria.com\/es\/wp-json\/wp\/v2\/types\/post"}],"author":[{"embeddable":true,"href":"https:\/\/minhaportaria.com\/es\/wp-json\/wp\/v2\/users\/13"}],"replies":[{"embeddable":true,"href":"https:\/\/minhaportaria.com\/es\/wp-json\/wp\/v2\/comments?post=2451"}],"version-history":[{"count":0,"href":"https:\/\/minhaportaria.com\/es\/wp-json\/wp\/v2\/posts\/2451\/revisions"}],"wp:featuredmedia":[{"embeddable":true,"href":"https:\/\/minhaportaria.com\/es\/wp-json\/wp\/v2\/media\/751"}],"wp:attachment":[{"href":"https:\/\/minhaportaria.com\/es\/wp-json\/wp\/v2\/media?parent=2451"}],"wp:term":[{"taxonomy":"category","embeddable":true,"href":"https:\/\/minhaportaria.com\/es\/wp-json\/wp\/v2\/categories?post=2451"},{"taxonomy":"post_tag","embeddable":true,"href":"https:\/\/minhaportaria.com\/es\/wp-json\/wp\/v2\/tags?post=2451"}],"curies":[{"name":"wp","href":"https:\/\/api.w.org\/{rel}","templated":true}]}}