{"id":1950,"date":"2020-07-13T12:28:13","date_gmt":"2020-07-13T15:28:13","guid":{"rendered":"https:\/\/blog.minhaportaria.com\/?p=1950"},"modified":"2020-07-13T12:28:13","modified_gmt":"2020-07-13T15:28:13","slug":"legislacao-da-assembleia-virtual","status":"publish","type":"post","link":"https:\/\/minhaportaria.com\/es\/assembleia-virtual\/legislacao-da-assembleia-virtual\/","title":{"rendered":"Legisla\u00e7\u00e3o da Assembleia Virtual"},"content":{"rendered":"<div data-elementor-type=\"wp-post\" data-elementor-id=\"1950\" class=\"elementor elementor-1950\" data-elementor-post-type=\"post\">\n\t\t\t\t\t\t<section class=\"has_ae_slider elementor-section elementor-top-section elementor-element elementor-element-9ce13c8 elementor-section-boxed elementor-section-height-default elementor-section-height-default ae-bg-gallery-type-default\" data-id=\"9ce13c8\" data-element_type=\"section\" data-settings=\"{&quot;jet_parallax_layout_list&quot;:[]}\">\n\t\t\t\t\t\t<div class=\"elementor-container elementor-column-gap-default\">\n\t\t\t\t\t<div class=\"has_ae_slider elementor-column elementor-col-100 elementor-top-column elementor-element elementor-element-9df9434 ae-bg-gallery-type-default\" data-id=\"9df9434\" data-element_type=\"column\">\n\t\t\t<div class=\"elementor-widget-wrap elementor-element-populated\">\n\t\t\t\t\t\t<div class=\"elementor-element elementor-element-d1d20ca elementor-widget elementor-widget-text-editor\" data-id=\"d1d20ca\" data-element_type=\"widget\" data-widget_type=\"text-editor.default\">\n\t\t\t\t<div class=\"elementor-widget-container\">\n\t\t\t\t\t\t\t<p><em><strong><span style=\"color: #000000;\">Conhe\u00e7a os projetos de leis e a\u00a0<\/span><span style=\"color: #000000;\">Legisla\u00e7\u00e3o da Assembleia Virtual<\/span><span style=\"color: #000000;\">\u00a0que aprovam legalmente a realiza\u00e7\u00e3o da assembleia virtual nos condom\u00ednios.<\/span><\/strong><\/em><\/p>\t\t\t\t\t\t<\/div>\n\t\t\t\t<\/div>\n\t\t\t\t\t<\/div>\n\t\t<\/div>\n\t\t\t\t\t<\/div>\n\t\t<\/section>\n\t\t\t\t<section class=\"has_ae_slider elementor-section elementor-top-section elementor-element elementor-element-63a8c72 elementor-section-boxed elementor-section-height-default elementor-section-height-default ae-bg-gallery-type-default\" data-id=\"63a8c72\" data-element_type=\"section\" data-settings=\"{&quot;jet_parallax_layout_list&quot;:[]}\">\n\t\t\t\t\t\t<div class=\"elementor-container elementor-column-gap-default\">\n\t\t\t\t\t<div class=\"has_ae_slider elementor-column elementor-col-100 elementor-top-column elementor-element elementor-element-ccd0f77 ae-bg-gallery-type-default\" data-id=\"ccd0f77\" data-element_type=\"column\">\n\t\t\t<div class=\"elementor-widget-wrap elementor-element-populated\">\n\t\t\t\t\t\t<div class=\"elementor-element elementor-element-4bf5b1c elementor-widget elementor-widget-text-editor\" data-id=\"4bf5b1c\" data-element_type=\"widget\" data-widget_type=\"text-editor.default\">\n\t\t\t\t<div class=\"elementor-widget-container\">\n\t\t\t\t\t\t\t<h2>Projeto de Lei 548\/2019<\/h2>\t\t\t\t\t\t<\/div>\n\t\t\t\t<\/div>\n\t\t\t\t\t<\/div>\n\t\t<\/div>\n\t\t\t\t\t<\/div>\n\t\t<\/section>\n\t\t\t\t<section class=\"has_ae_slider elementor-section elementor-top-section elementor-element elementor-element-c180e2b elementor-section-boxed elementor-section-height-default elementor-section-height-default ae-bg-gallery-type-default\" data-id=\"c180e2b\" data-element_type=\"section\" data-settings=\"{&quot;jet_parallax_layout_list&quot;:[]}\">\n\t\t\t\t\t\t<div class=\"elementor-container elementor-column-gap-default\">\n\t\t\t\t\t<div class=\"has_ae_slider elementor-column elementor-col-100 elementor-top-column elementor-element elementor-element-045e367 ae-bg-gallery-type-default\" data-id=\"045e367\" data-element_type=\"column\">\n\t\t\t<div class=\"elementor-widget-wrap elementor-element-populated\">\n\t\t\t\t\t\t<div class=\"elementor-element elementor-element-81de488 elementor-widget elementor-widget-text-editor\" data-id=\"81de488\" data-element_type=\"widget\" data-widget_type=\"text-editor.default\">\n\t\t\t\t<div class=\"elementor-widget-container\">\n\t\t\t\t\t\t\t<p>O&nbsp;<a href=\"https:\/\/www25.senado.leg.br\/web\/atividade\/materias\/-\/materia\/135110\" target=\"_blank\" rel=\"noopener\">projeto de lei<\/a>&nbsp;mencionado foi aprovado pela Comiss\u00e3o de Constitui\u00e7\u00e3o e Justi\u00e7a (CCJ) do Senado e acrescenta art. 1.353-A \u00e0 Lei n\u00ba 10.406, de 10 de janeiro de 2002, para <strong>permitir \u00e0 assembleia de condom\u00ednios edil\u00edcios vota\u00e7\u00e3o por meio eletr\u00f4nico<\/strong> ou por outra forma de coleta individualizada do voto dos cond\u00f4minos ausentes \u00e0 reuni\u00e3o presencial, quando a lei exigir qu\u00f3rum especial para a delibera\u00e7\u00e3o da mat\u00e9ria.&nbsp;<\/p><p>O resultado da vota\u00e7\u00e3o foi apurado em 13\/07\/2020 \u00e0s 10h44 com 115 votos para &#8220;Sim&#8221; e apenas 8 votos para &#8220;N\u00e3o&#8221;.<\/p>\t\t\t\t\t\t<\/div>\n\t\t\t\t<\/div>\n\t\t\t\t\t<\/div>\n\t\t<\/div>\n\t\t\t\t\t<\/div>\n\t\t<\/section>\n\t\t\t\t<section class=\"has_ae_slider elementor-section elementor-top-section elementor-element elementor-element-3ab9f7f elementor-section-boxed elementor-section-height-default elementor-section-height-default ae-bg-gallery-type-default\" data-id=\"3ab9f7f\" data-element_type=\"section\" data-settings=\"{&quot;jet_parallax_layout_list&quot;:[]}\">\n\t\t\t\t\t\t<div class=\"elementor-container elementor-column-gap-default\">\n\t\t\t\t\t<div class=\"has_ae_slider elementor-column elementor-col-100 elementor-top-column elementor-element elementor-element-38da12d ae-bg-gallery-type-default\" data-id=\"38da12d\" data-element_type=\"column\">\n\t\t\t<div class=\"elementor-widget-wrap elementor-element-populated\">\n\t\t\t\t\t\t<div class=\"elementor-element elementor-element-9c64293 elementor-widget elementor-widget-text-editor\" data-id=\"9c64293\" data-element_type=\"widget\" data-widget_type=\"text-editor.default\">\n\t\t\t\t<div class=\"elementor-widget-container\">\n\t\t\t\t\t\t\t<p>Aqui no nosso blog j\u00e1 falamos mais detalhadamente sobre a <a href=\"https:\/\/blog.minhaportaria.com\/assembleia-virtual-como-funciona\/\">Assembleia Virtual<\/a>, nesse artigo vamos entender as principais quest\u00f5es sobre a legisla\u00e7\u00e3o da assembleia virtual, a participa\u00e7\u00e3o dos cond\u00f4minos e de que forma ser\u00e3o feitas as vota\u00e7\u00f5es mediante uso da assembleia online.<\/p>\t\t\t\t\t\t<\/div>\n\t\t\t\t<\/div>\n\t\t\t\t\t<\/div>\n\t\t<\/div>\n\t\t\t\t\t<\/div>\n\t\t<\/section>\n\t\t\t\t<section class=\"has_ae_slider elementor-section elementor-top-section elementor-element elementor-element-b632024 elementor-section-boxed elementor-section-height-default elementor-section-height-default ae-bg-gallery-type-default\" data-id=\"b632024\" data-element_type=\"section\" data-settings=\"{&quot;jet_parallax_layout_list&quot;:[]}\">\n\t\t\t\t\t\t<div class=\"elementor-container elementor-column-gap-default\">\n\t\t\t\t\t<div class=\"has_ae_slider elementor-column elementor-col-100 elementor-top-column elementor-element elementor-element-32b62ab ae-bg-gallery-type-default\" data-id=\"32b62ab\" data-element_type=\"column\">\n\t\t\t<div class=\"elementor-widget-wrap elementor-element-populated\">\n\t\t\t\t\t\t<div class=\"elementor-element elementor-element-9fb46a3 elementor-widget elementor-widget-text-editor\" data-id=\"9fb46a3\" data-element_type=\"widget\" data-widget_type=\"text-editor.default\">\n\t\t\t\t<div class=\"elementor-widget-container\">\n\t\t\t\t\t\t\t<h2>Aprova\u00e7\u00e3o da Lei N\u00ba 14.010\/20, datada de 10 de Junho de 2020<\/h2>\t\t\t\t\t\t<\/div>\n\t\t\t\t<\/div>\n\t\t\t\t\t<\/div>\n\t\t<\/div>\n\t\t\t\t\t<\/div>\n\t\t<\/section>\n\t\t\t\t<section class=\"has_ae_slider elementor-section elementor-top-section elementor-element elementor-element-da24629 elementor-section-boxed elementor-section-height-default elementor-section-height-default ae-bg-gallery-type-default\" data-id=\"da24629\" data-element_type=\"section\" data-settings=\"{&quot;jet_parallax_layout_list&quot;:[]}\">\n\t\t\t\t\t\t<div class=\"elementor-container elementor-column-gap-default\">\n\t\t\t\t\t<div class=\"has_ae_slider elementor-column elementor-col-100 elementor-top-column elementor-element elementor-element-abb6982 ae-bg-gallery-type-default\" data-id=\"abb6982\" data-element_type=\"column\">\n\t\t\t<div class=\"elementor-widget-wrap elementor-element-populated\">\n\t\t\t\t\t\t<div class=\"elementor-element elementor-element-afb747b elementor-widget elementor-widget-text-editor\" data-id=\"afb747b\" data-element_type=\"widget\" data-widget_type=\"text-editor.default\">\n\t\t\t\t<div class=\"elementor-widget-container\">\n\t\t\t\t\t\t\t<p>A lei n\u00ba 14.010\/20 disp\u00f5e sobre o Regime Jur\u00eddico Emergencial e Transit\u00f3rio das rela\u00e7\u00f5es jur\u00eddicas de Direito Privado (RJET) no per\u00edodo da pandemia do coronav\u00edrus (Covid-19).<\/p>\t\t\t\t\t\t<\/div>\n\t\t\t\t<\/div>\n\t\t\t\t\t<\/div>\n\t\t<\/div>\n\t\t\t\t\t<\/div>\n\t\t<\/section>\n\t\t\t\t<section class=\"has_ae_slider elementor-section elementor-top-section elementor-element elementor-element-88ac38d elementor-section-boxed elementor-section-height-default elementor-section-height-default ae-bg-gallery-type-default\" data-id=\"88ac38d\" data-element_type=\"section\" data-settings=\"{&quot;jet_parallax_layout_list&quot;:[]}\">\n\t\t\t\t\t\t<div class=\"elementor-container elementor-column-gap-default\">\n\t\t\t\t\t<div class=\"has_ae_slider elementor-column elementor-col-100 elementor-top-column elementor-element elementor-element-c3e1560 ae-bg-gallery-type-default\" data-id=\"c3e1560\" data-element_type=\"column\">\n\t\t\t<div class=\"elementor-widget-wrap elementor-element-populated\">\n\t\t\t\t\t\t<div class=\"elementor-element elementor-element-b05f19f elementor-widget elementor-widget-text-editor\" data-id=\"b05f19f\" data-element_type=\"widget\" data-widget_type=\"text-editor.default\">\n\t\t\t\t<div class=\"elementor-widget-container\">\n\t\t\t\t\t\t\t<p style=\"color: #000000; font-size: 20px; text-align: justify;\">Algumas disposi\u00e7\u00f5es dessa legisla\u00e7\u00e3o envolvem a realiza\u00e7\u00e3o de assembleias por meio eletr\u00f4nico, conforme voc\u00ea pode ver a seguir:<\/p>\t\t\t\t\t\t<\/div>\n\t\t\t\t<\/div>\n\t\t\t\t\t<\/div>\n\t\t<\/div>\n\t\t\t\t\t<\/div>\n\t\t<\/section>\n\t\t\t\t<section class=\"has_ae_slider elementor-section elementor-top-section elementor-element elementor-element-9eef13d elementor-section-boxed elementor-section-height-default elementor-section-height-default ae-bg-gallery-type-default\" data-id=\"9eef13d\" data-element_type=\"section\" data-settings=\"{&quot;jet_parallax_layout_list&quot;:[]}\">\n\t\t\t\t\t\t<div class=\"elementor-container elementor-column-gap-default\">\n\t\t\t\t\t<div class=\"has_ae_slider elementor-column elementor-col-100 elementor-top-column elementor-element elementor-element-6dc9dc8 ae-bg-gallery-type-default\" data-id=\"6dc9dc8\" data-element_type=\"column\">\n\t\t\t<div class=\"elementor-widget-wrap elementor-element-populated\">\n\t\t\t\t\t\t<div class=\"elementor-element elementor-element-def41c5 elementor-widget elementor-widget-text-editor\" data-id=\"def41c5\" data-element_type=\"widget\" data-widget_type=\"text-editor.default\">\n\t\t\t\t<div class=\"elementor-widget-container\">\n\t\t\t\t\t\t\t<p style=\"color: #000000; font-size: 20px; text-align: justify;\"><i>Art. 5\u00ba. A assembleia geral, inclusive para os fins do<a href=\"http:\/\/www.planalto.gov.br\/ccivil_03\/leis\/2002\/L10406compilada.htm\" target=\"_blank\" rel=\"noopener\">\u00a0art. 59 do C\u00f3digo Civil<\/a>, at\u00e9 30 de outubro de 2020, poder\u00e1 ser realizada por meios eletr\u00f4nicos, independentemente de previs\u00e3o nos atos constitutivos da pessoa jur\u00eddica.<\/i><\/p><p style=\"color: #000000; font-size: 20px; text-align: justify;\"><i>Par\u00e1grafo \u00fanico. A manifesta\u00e7\u00e3o dos participantes poder\u00e1 ocorrer por qualquer meio eletr\u00f4nico indicado pelo administrador, que assegure a identifica\u00e7\u00e3o do participante e a seguran\u00e7a do voto, e produzir\u00e1 todos os efeitos legais de uma assinatura presencial.<\/i><i><br \/><\/i><\/p>\t\t\t\t\t\t<\/div>\n\t\t\t\t<\/div>\n\t\t\t\t\t<\/div>\n\t\t<\/div>\n\t\t\t\t\t<\/div>\n\t\t<\/section>\n\t\t\t\t<section class=\"has_ae_slider elementor-section elementor-top-section elementor-element elementor-element-e577eca elementor-section-boxed elementor-section-height-default elementor-section-height-default ae-bg-gallery-type-default\" data-id=\"e577eca\" data-element_type=\"section\" data-settings=\"{&quot;jet_parallax_layout_list&quot;:[]}\">\n\t\t\t\t\t\t<div class=\"elementor-container elementor-column-gap-default\">\n\t\t\t\t\t<div class=\"has_ae_slider elementor-column elementor-col-100 elementor-top-column elementor-element elementor-element-2e68cc2 ae-bg-gallery-type-default\" data-id=\"2e68cc2\" data-element_type=\"column\">\n\t\t\t<div class=\"elementor-widget-wrap elementor-element-populated\">\n\t\t\t\t\t\t<div class=\"elementor-element elementor-element-9923c8a elementor-widget elementor-widget-text-editor\" data-id=\"9923c8a\" data-element_type=\"widget\" data-widget_type=\"text-editor.default\">\n\t\t\t\t<div class=\"elementor-widget-container\">\n\t\t\t\t\t\t\t<p style=\"color: #000000; font-size: 20px; text-align: justify;\">Para ter acesso \u00e0 essa legisla\u00e7\u00e3o de assembleia virtual na \u00edntegra,\u00a0<a style=\"background-color: #ffffff;\" href=\"http:\/\/www.in.gov.br\/en\/web\/dou\/-\/lei-n-14.010-de-10-de-junho-de-2020-261279456#:~:text=Para%20os%20fins%20desta%20Lei,Art.&amp;text=207%20da%20Lei%20n%C2%BA%2010.406,de%202002%20(C%C3%B3digo%20Civil).\">clique aqui.\u00a0<\/a><\/p>\t\t\t\t\t\t<\/div>\n\t\t\t\t<\/div>\n\t\t\t\t\t<\/div>\n\t\t<\/div>\n\t\t\t\t\t<\/div>\n\t\t<\/section>\n\t\t\t\t<section class=\"has_ae_slider elementor-section elementor-top-section elementor-element elementor-element-bdac100 elementor-section-boxed elementor-section-height-default elementor-section-height-default ae-bg-gallery-type-default\" data-id=\"bdac100\" data-element_type=\"section\" data-settings=\"{&quot;jet_parallax_layout_list&quot;:[]}\">\n\t\t\t\t\t\t<div class=\"elementor-container elementor-column-gap-default\">\n\t\t\t\t\t<div class=\"has_ae_slider elementor-column elementor-col-100 elementor-top-column elementor-element elementor-element-975d874 ae-bg-gallery-type-default\" data-id=\"975d874\" data-element_type=\"column\">\n\t\t\t<div class=\"elementor-widget-wrap elementor-element-populated\">\n\t\t\t\t\t\t<div class=\"elementor-element elementor-element-17bf5c7 elementor-widget elementor-widget-text-editor\" data-id=\"17bf5c7\" data-element_type=\"widget\" data-widget_type=\"text-editor.default\">\n\t\t\t\t<div class=\"elementor-widget-container\">\n\t\t\t\t\t\t\t<h2>Principais D\u00favidas sobre a Legisla\u00e7\u00e3o da Assembleia Virtual: Perguntas e Respostas<\/h2>\t\t\t\t\t\t<\/div>\n\t\t\t\t<\/div>\n\t\t\t\t\t<\/div>\n\t\t<\/div>\n\t\t\t\t\t<\/div>\n\t\t<\/section>\n\t\t\t\t<section class=\"has_ae_slider elementor-section elementor-top-section elementor-element elementor-element-2b22bce elementor-section-boxed elementor-section-height-default elementor-section-height-default ae-bg-gallery-type-default\" data-id=\"2b22bce\" data-element_type=\"section\" data-settings=\"{&quot;jet_parallax_layout_list&quot;:[]}\">\n\t\t\t\t\t\t<div class=\"elementor-container elementor-column-gap-default\">\n\t\t\t\t\t<div class=\"has_ae_slider elementor-column elementor-col-100 elementor-top-column elementor-element elementor-element-8340b57 ae-bg-gallery-type-default\" data-id=\"8340b57\" data-element_type=\"column\">\n\t\t\t<div class=\"elementor-widget-wrap elementor-element-populated\">\n\t\t\t\t\t\t<div class=\"elementor-element elementor-element-40125fd elementor-widget elementor-widget-text-editor\" data-id=\"40125fd\" data-element_type=\"widget\" data-widget_type=\"text-editor.default\">\n\t\t\t\t<div class=\"elementor-widget-container\">\n\t\t\t\t\t\t\t<p>Caso voc\u00ea queira se aprofundar em assuntos gerais das reuni\u00f5es de condom\u00ednios antes de dar continuidade a este t\u00f3pico, confira as <a href=\"https:\/\/blog.minhaportaria.com\/administracao-de-condominios\/reuniao-de-condominio-se-aprofundando-no-assunto\/\">principais informa\u00e7\u00f5es sobre as assembleias convencionais.<\/a><\/p>\t\t\t\t\t\t<\/div>\n\t\t\t\t<\/div>\n\t\t\t\t\t<\/div>\n\t\t<\/div>\n\t\t\t\t\t<\/div>\n\t\t<\/section>\n\t\t\t\t<section class=\"has_ae_slider elementor-section elementor-top-section elementor-element elementor-element-f5233d2 elementor-section-boxed elementor-section-height-default elementor-section-height-default ae-bg-gallery-type-default\" data-id=\"f5233d2\" data-element_type=\"section\" data-settings=\"{&quot;jet_parallax_layout_list&quot;:[]}\">\n\t\t\t\t\t\t<div class=\"elementor-container elementor-column-gap-default\">\n\t\t\t\t\t<div class=\"has_ae_slider elementor-column elementor-col-100 elementor-top-column elementor-element elementor-element-3c5723d ae-bg-gallery-type-default\" data-id=\"3c5723d\" data-element_type=\"column\">\n\t\t\t<div class=\"elementor-widget-wrap elementor-element-populated\">\n\t\t\t\t\t\t<div class=\"elementor-element elementor-element-351f2bf elementor-widget elementor-widget-text-editor\" data-id=\"351f2bf\" data-element_type=\"widget\" data-widget_type=\"text-editor.default\">\n\t\t\t\t<div class=\"elementor-widget-container\">\n\t\t\t\t\t\t\t<h3><span style=\"color: #000000;\">1. Em quais tipos de reuni\u00f5es a assembleia virtual pode ser utilizada?<\/span><\/h3>\t\t\t\t\t\t<\/div>\n\t\t\t\t<\/div>\n\t\t\t\t\t<\/div>\n\t\t<\/div>\n\t\t\t\t\t<\/div>\n\t\t<\/section>\n\t\t\t\t<section class=\"has_ae_slider elementor-section elementor-top-section elementor-element elementor-element-37e5186 elementor-section-boxed elementor-section-height-default elementor-section-height-default ae-bg-gallery-type-default\" data-id=\"37e5186\" data-element_type=\"section\" data-settings=\"{&quot;jet_parallax_layout_list&quot;:[]}\">\n\t\t\t\t\t\t<div class=\"elementor-container elementor-column-gap-default\">\n\t\t\t\t\t<div class=\"has_ae_slider elementor-column elementor-col-100 elementor-top-column elementor-element elementor-element-a52aa1d ae-bg-gallery-type-default\" data-id=\"a52aa1d\" data-element_type=\"column\">\n\t\t\t<div class=\"elementor-widget-wrap elementor-element-populated\">\n\t\t\t\t\t\t<div class=\"elementor-element elementor-element-5e87439 elementor-widget elementor-widget-text-editor\" data-id=\"5e87439\" data-element_type=\"widget\" data-widget_type=\"text-editor.default\">\n\t\t\t\t<div class=\"elementor-widget-container\">\n\t\t\t\t\t\t\t<p>Pela Legisla\u00e7\u00e3o da Assembleia Virtual, s\u00f3 \u00e9 legalizada as assembleias virtuais ou assembleias online que precisam de um qu\u00f3rum qualificado nas vota\u00e7\u00f5es, ou seja, quando h\u00e1 a necessidade de um n\u00famero m\u00ednimo de participantes votantes. As principais reuni\u00f5es deste tipo s\u00e3o para:<\/p>\t\t\t\t\t\t<\/div>\n\t\t\t\t<\/div>\n\t\t\t\t\t<\/div>\n\t\t<\/div>\n\t\t\t\t\t<\/div>\n\t\t<\/section>\n\t\t\t\t<section class=\"has_ae_slider elementor-section elementor-top-section elementor-element elementor-element-738a898 elementor-section-boxed elementor-section-height-default elementor-section-height-default ae-bg-gallery-type-default\" data-id=\"738a898\" data-element_type=\"section\" data-settings=\"{&quot;jet_parallax_layout_list&quot;:[]}\">\n\t\t\t\t\t\t<div class=\"elementor-container elementor-column-gap-default\">\n\t\t\t\t\t<div class=\"has_ae_slider elementor-column elementor-col-100 elementor-top-column elementor-element elementor-element-61d0a71 ae-bg-gallery-type-default\" data-id=\"61d0a71\" data-element_type=\"column\">\n\t\t\t<div class=\"elementor-widget-wrap elementor-element-populated\">\n\t\t\t\t\t\t<div class=\"elementor-element elementor-element-0f8d1c3 elementor-widget elementor-widget-text-editor\" data-id=\"0f8d1c3\" data-element_type=\"widget\" data-widget_type=\"text-editor.default\">\n\t\t\t\t<div class=\"elementor-widget-container\">\n\t\t\t\t\t\t\t<ul style=\"color: #000000; font-size: 20px; text-align: justify;\"><li>Altera\u00e7\u00e3o de Conven\u00e7\u00e3o<\/li><li>Mudan\u00e7as de fechadas ou constru\u00e7\u00e3o de \u00e1reas comuns<\/li><li>Obras voluptu\u00e1rias (todas que servem apenas ao recreio ou deleite dos usu\u00e1rios do condom\u00ednio)<\/li><li><a href=\"https:\/\/blog.minhaportaria.com\/requisitos-para-implementacao\/\">Instala\u00e7\u00e3o de Portaria Remota<\/a>\u00a0ou Portaria Virtual<\/li><\/ul>\t\t\t\t\t\t<\/div>\n\t\t\t\t<\/div>\n\t\t\t\t\t<\/div>\n\t\t<\/div>\n\t\t\t\t\t<\/div>\n\t\t<\/section>\n\t\t\t\t<section class=\"has_ae_slider elementor-section elementor-top-section elementor-element elementor-element-7869ec4 elementor-section-boxed elementor-section-height-default elementor-section-height-default ae-bg-gallery-type-default\" data-id=\"7869ec4\" data-element_type=\"section\" data-settings=\"{&quot;jet_parallax_layout_list&quot;:[]}\">\n\t\t\t\t\t\t<div class=\"elementor-container elementor-column-gap-default\">\n\t\t\t\t\t<div class=\"has_ae_slider elementor-column elementor-col-100 elementor-top-column elementor-element elementor-element-aa16fcc ae-bg-gallery-type-default\" data-id=\"aa16fcc\" data-element_type=\"column\">\n\t\t\t<div class=\"elementor-widget-wrap elementor-element-populated\">\n\t\t\t\t\t\t<div class=\"elementor-element elementor-element-6423576 elementor-widget elementor-widget-text-editor\" data-id=\"6423576\" data-element_type=\"widget\" data-widget_type=\"text-editor.default\">\n\t\t\t\t<div class=\"elementor-widget-container\">\n\t\t\t\t\t\t\t<h3>2. Condom\u00ednios antigos podem utilizar da Assembleia Virtual?<\/h3>\t\t\t\t\t\t<\/div>\n\t\t\t\t<\/div>\n\t\t\t\t\t<\/div>\n\t\t<\/div>\n\t\t\t\t\t<\/div>\n\t\t<\/section>\n\t\t\t\t<section class=\"has_ae_slider elementor-section elementor-top-section elementor-element elementor-element-8f17185 elementor-section-boxed elementor-section-height-default elementor-section-height-default ae-bg-gallery-type-default\" data-id=\"8f17185\" data-element_type=\"section\" data-settings=\"{&quot;jet_parallax_layout_list&quot;:[]}\">\n\t\t\t\t\t\t<div class=\"elementor-container elementor-column-gap-default\">\n\t\t\t\t\t<div class=\"has_ae_slider elementor-column elementor-col-100 elementor-top-column elementor-element elementor-element-7ddcfa0 ae-bg-gallery-type-default\" data-id=\"7ddcfa0\" data-element_type=\"column\">\n\t\t\t<div class=\"elementor-widget-wrap elementor-element-populated\">\n\t\t\t\t\t\t<div class=\"elementor-element elementor-element-38e8b39 elementor-widget elementor-widget-text-editor\" data-id=\"38e8b39\" data-element_type=\"widget\" data-widget_type=\"text-editor.default\">\n\t\t\t\t<div class=\"elementor-widget-container\">\n\t\t\t\t\t\t\t<p>A Legisla\u00e7\u00e3o da Assembleia Virtual diz que: se o seu condom\u00ednio n\u00e3o prev\u00ea nas conven\u00e7\u00f5es condominiais a possibilidade do voto online ou virtual, ser\u00e1 preciso alterar este documento para que se viabiliza essa modalidade de assembleia virtual.\u00a0<\/p>\t\t\t\t\t\t<\/div>\n\t\t\t\t<\/div>\n\t\t\t\t\t<\/div>\n\t\t<\/div>\n\t\t\t\t\t<\/div>\n\t\t<\/section>\n\t\t\t\t<section class=\"has_ae_slider elementor-section elementor-top-section elementor-element elementor-element-d3bd877 elementor-section-boxed elementor-section-height-default elementor-section-height-default ae-bg-gallery-type-default\" data-id=\"d3bd877\" data-element_type=\"section\" data-settings=\"{&quot;jet_parallax_layout_list&quot;:[]}\">\n\t\t\t\t\t\t<div class=\"elementor-container elementor-column-gap-default\">\n\t\t\t\t\t<div class=\"has_ae_slider elementor-column elementor-col-100 elementor-top-column elementor-element elementor-element-f7876e5 ae-bg-gallery-type-default\" data-id=\"f7876e5\" data-element_type=\"column\">\n\t\t\t<div class=\"elementor-widget-wrap elementor-element-populated\">\n\t\t\t\t\t\t<div class=\"elementor-element elementor-element-e12c458 elementor-widget elementor-widget-text-editor\" data-id=\"e12c458\" data-element_type=\"widget\" data-widget_type=\"text-editor.default\">\n\t\t\t\t<div class=\"elementor-widget-container\">\n\t\t\t\t\t\t\t<p><span style=\"color: #000000; font-size: 20px; text-align: justify;\">Nesse caso, voc\u00ea precisar\u00e1 de pelo menos 2\/3 dos votos positivos dos cond\u00f4minos para a aprova\u00e7\u00e3o.<\/span><\/p>\t\t\t\t\t\t<\/div>\n\t\t\t\t<\/div>\n\t\t\t\t\t<\/div>\n\t\t<\/div>\n\t\t\t\t\t<\/div>\n\t\t<\/section>\n\t\t\t\t<section class=\"has_ae_slider elementor-section elementor-top-section elementor-element elementor-element-08a5e40 elementor-section-boxed elementor-section-height-default elementor-section-height-default ae-bg-gallery-type-default\" data-id=\"08a5e40\" data-element_type=\"section\" data-settings=\"{&quot;jet_parallax_layout_list&quot;:[]}\">\n\t\t\t\t\t\t<div class=\"elementor-container elementor-column-gap-default\">\n\t\t\t\t\t<div class=\"has_ae_slider elementor-column elementor-col-100 elementor-top-column elementor-element elementor-element-4969faa ae-bg-gallery-type-default\" data-id=\"4969faa\" data-element_type=\"column\">\n\t\t\t<div class=\"elementor-widget-wrap elementor-element-populated\">\n\t\t\t\t\t\t<div class=\"elementor-element elementor-element-56472a2 elementor-widget elementor-widget-text-editor\" data-id=\"56472a2\" data-element_type=\"widget\" data-widget_type=\"text-editor.default\">\n\t\t\t\t<div class=\"elementor-widget-container\">\n\t\t\t\t\t\t\t<h3>3. Como fazer a convoca\u00e7\u00e3o dos cond\u00f4minos para a assembleia virtual?<\/h3>\t\t\t\t\t\t<\/div>\n\t\t\t\t<\/div>\n\t\t\t\t\t<\/div>\n\t\t<\/div>\n\t\t\t\t\t<\/div>\n\t\t<\/section>\n\t\t\t\t<section class=\"has_ae_slider elementor-section elementor-top-section elementor-element elementor-element-da3b32e elementor-section-boxed elementor-section-height-default elementor-section-height-default ae-bg-gallery-type-default\" data-id=\"da3b32e\" data-element_type=\"section\" data-settings=\"{&quot;jet_parallax_layout_list&quot;:[]}\">\n\t\t\t\t\t\t<div class=\"elementor-container elementor-column-gap-default\">\n\t\t\t\t\t<div class=\"has_ae_slider elementor-column elementor-col-100 elementor-top-column elementor-element elementor-element-b6e4d63 ae-bg-gallery-type-default\" data-id=\"b6e4d63\" data-element_type=\"column\">\n\t\t\t<div class=\"elementor-widget-wrap elementor-element-populated\">\n\t\t\t\t\t\t<div class=\"elementor-element elementor-element-53cc6c7 elementor-widget elementor-widget-text-editor\" data-id=\"53cc6c7\" data-element_type=\"widget\" data-widget_type=\"text-editor.default\">\n\t\t\t\t<div class=\"elementor-widget-container\">\n\t\t\t\t\t\t\t<p>De acordo com a Legisla\u00e7\u00e3o da Assembleia Virtual, para fazer a convoca\u00e7\u00e3o dos cond\u00f4minos para a assembleia virtual, voc\u00ea deve validar 5 etapas:<\/p>\t\t\t\t\t\t<\/div>\n\t\t\t\t<\/div>\n\t\t\t\t\t<\/div>\n\t\t<\/div>\n\t\t\t\t\t<\/div>\n\t\t<\/section>\n\t\t\t\t<section class=\"has_ae_slider elementor-section elementor-top-section elementor-element elementor-element-dba0619 elementor-section-boxed elementor-section-height-default elementor-section-height-default ae-bg-gallery-type-default\" data-id=\"dba0619\" data-element_type=\"section\" data-settings=\"{&quot;jet_parallax_layout_list&quot;:[]}\">\n\t\t\t\t\t\t<div class=\"elementor-container elementor-column-gap-default\">\n\t\t\t\t\t<div class=\"has_ae_slider elementor-column elementor-col-100 elementor-top-column elementor-element elementor-element-5ce8d2c ae-bg-gallery-type-default\" data-id=\"5ce8d2c\" data-element_type=\"column\">\n\t\t\t<div class=\"elementor-widget-wrap elementor-element-populated\">\n\t\t\t\t\t\t<div class=\"elementor-element elementor-element-29ac395 elementor-widget elementor-widget-text-editor\" data-id=\"29ac395\" data-element_type=\"widget\" data-widget_type=\"text-editor.default\">\n\t\t\t\t<div class=\"elementor-widget-container\">\n\t\t\t\t\t\t\t<ol style=\"color: #000000; font-size: 20px; text-align: justify;\"><li>Edital de Convoca\u00e7\u00e3o que atenda a todos os pr\u00e9-requisitos legais e convencionados.<\/li><li>Ampla comunica\u00e7\u00e3o. Tenha em m\u00e3os em cadastro confi\u00e1vel.<\/li><li>Habilita\u00e7\u00e3o de participantes e \/ou procuradores legais.<\/li><li>Seguran\u00e7a nas vota\u00e7\u00f5es eletr\u00f4nicas e rastreabilidade. Dar oportunidade de esclarecer d\u00favidas nos f\u00f3runs<\/li><li>Formaliza\u00e7\u00e3o e registro da ata da assembleia<\/li><\/ol>\t\t\t\t\t\t<\/div>\n\t\t\t\t<\/div>\n\t\t\t\t\t<\/div>\n\t\t<\/div>\n\t\t\t\t\t<\/div>\n\t\t<\/section>\n\t\t\t\t<section class=\"has_ae_slider elementor-section elementor-top-section elementor-element elementor-element-564a7a4 elementor-section-boxed elementor-section-height-default elementor-section-height-default ae-bg-gallery-type-default\" data-id=\"564a7a4\" data-element_type=\"section\" data-settings=\"{&quot;jet_parallax_layout_list&quot;:[]}\">\n\t\t\t\t\t\t<div class=\"elementor-container elementor-column-gap-default\">\n\t\t\t\t\t<div class=\"has_ae_slider elementor-column elementor-col-100 elementor-top-column elementor-element elementor-element-699a2e2 ae-bg-gallery-type-default\" data-id=\"699a2e2\" data-element_type=\"column\">\n\t\t\t<div class=\"elementor-widget-wrap elementor-element-populated\">\n\t\t\t\t\t\t<div class=\"elementor-element elementor-element-d2d511d elementor-widget elementor-widget-text-editor\" data-id=\"d2d511d\" data-element_type=\"widget\" data-widget_type=\"text-editor.default\">\n\t\t\t\t<div class=\"elementor-widget-container\">\n\t\t\t\t\t\t\t<p style=\"color: #000000; font-size: 20px; text-align: justify;\">N\u00f3s separamos alguns t\u00f3picos para que voc\u00ea possa seguir para fazer a convoca\u00e7\u00e3o, conforme a lei da assembleia online:<\/p>\t\t\t\t\t\t<\/div>\n\t\t\t\t<\/div>\n\t\t\t\t\t<\/div>\n\t\t<\/div>\n\t\t\t\t\t<\/div>\n\t\t<\/section>\n\t\t\t\t<section class=\"has_ae_slider elementor-section elementor-top-section elementor-element elementor-element-634e51b elementor-section-boxed elementor-section-height-default elementor-section-height-default ae-bg-gallery-type-default\" data-id=\"634e51b\" data-element_type=\"section\" data-settings=\"{&quot;jet_parallax_layout_list&quot;:[]}\">\n\t\t\t\t\t\t<div class=\"elementor-container elementor-column-gap-default\">\n\t\t\t\t\t<div class=\"has_ae_slider elementor-column elementor-col-100 elementor-top-column elementor-element elementor-element-d47f94c ae-bg-gallery-type-default\" data-id=\"d47f94c\" data-element_type=\"column\">\n\t\t\t<div class=\"elementor-widget-wrap elementor-element-populated\">\n\t\t\t\t\t\t<div class=\"elementor-element elementor-element-834be66 elementor-widget elementor-widget-text-editor\" data-id=\"834be66\" data-element_type=\"widget\" data-widget_type=\"text-editor.default\">\n\t\t\t\t<div class=\"elementor-widget-container\">\n\t\t\t\t\t\t\t<ul style=\"color: #000000; font-size: 20px; text-align: justify;\"><li>Data que voc\u00ea est\u00e1 redigindo a convoca\u00e7\u00e3o<\/li><li>Qual o motivo da convoca\u00e7\u00e3o e a modalidade da assembleia (que nesse caso seria online ou virtual)<\/li><li>\u00a0Coloque a Data da Assembleia<\/li><li>Hor\u00e1rio de In\u00edcio e T\u00e9rmino da Assembleia Virtual.<\/li><li>Coloque a Data da Assembleia<\/li><li>A pauta que ser\u00e1 discutida<\/li><li>Coloque a Data da Assembleia<\/li><li>E por fim, os procedimentos para habilita\u00e7\u00e3o dos cond\u00f4minos e procuradores\u00a0 \u00a0 \u00a0<\/li><\/ul>\t\t\t\t\t\t<\/div>\n\t\t\t\t<\/div>\n\t\t\t\t\t<\/div>\n\t\t<\/div>\n\t\t\t\t\t<\/div>\n\t\t<\/section>\n\t\t\t\t<section class=\"has_ae_slider elementor-section elementor-top-section elementor-element elementor-element-e011d76 elementor-section-boxed elementor-section-height-default elementor-section-height-default ae-bg-gallery-type-default\" data-id=\"e011d76\" data-element_type=\"section\" data-settings=\"{&quot;jet_parallax_layout_list&quot;:[]}\">\n\t\t\t\t\t\t<div class=\"elementor-container elementor-column-gap-default\">\n\t\t\t\t\t<div class=\"has_ae_slider elementor-column elementor-col-100 elementor-top-column elementor-element elementor-element-4faaa85 ae-bg-gallery-type-default\" data-id=\"4faaa85\" data-element_type=\"column\">\n\t\t\t<div class=\"elementor-widget-wrap elementor-element-populated\">\n\t\t\t\t\t\t<div class=\"elementor-element elementor-element-32b5253 elementor-widget elementor-widget-text-editor\" data-id=\"32b5253\" data-element_type=\"widget\" data-widget_type=\"text-editor.default\">\n\t\t\t\t<div class=\"elementor-widget-container\">\n\t\t\t\t\t\t\t<p><span style=\"color: #000000; font-size: 20px; text-align: justify;\">N\u00e3o se esque\u00e7a que a lei atual determina que seja obedecido o crit\u00e9rio da fra\u00e7\u00e3o ideal no c\u00f4mputo dos votos, e isso \u00e9 v\u00e1lido tamb\u00e9m para as assembleia virtuais, ok?<\/span><\/p>\t\t\t\t\t\t<\/div>\n\t\t\t\t<\/div>\n\t\t\t\t\t<\/div>\n\t\t<\/div>\n\t\t\t\t\t<\/div>\n\t\t<\/section>\n\t\t\t\t<section class=\"has_ae_slider elementor-section elementor-top-section elementor-element elementor-element-8bd91ec elementor-section-boxed elementor-section-height-default elementor-section-height-default ae-bg-gallery-type-default\" data-id=\"8bd91ec\" data-element_type=\"section\" data-settings=\"{&quot;jet_parallax_layout_list&quot;:[]}\">\n\t\t\t\t\t\t<div class=\"elementor-container elementor-column-gap-default\">\n\t\t\t\t\t<div class=\"has_ae_slider elementor-column elementor-col-100 elementor-top-column elementor-element elementor-element-32ee04b ae-bg-gallery-type-default\" data-id=\"32ee04b\" data-element_type=\"column\">\n\t\t\t<div class=\"elementor-widget-wrap elementor-element-populated\">\n\t\t\t\t\t\t<div class=\"elementor-element elementor-element-e9eb10a elementor-widget elementor-widget-text-editor\" data-id=\"e9eb10a\" data-element_type=\"widget\" data-widget_type=\"text-editor.default\">\n\t\t\t\t<div class=\"elementor-widget-container\">\n\t\t\t\t\t\t\t<p>Para mais informa\u00e7\u00f5es e obten\u00e7\u00e3o de um guia detalhado, n\u00f3s da MinhaPortaria.com disponibilizamos um material sobre as assembleia virtual bem completo e objetivo:&nbsp;<a href=\"https:\/\/condominio.minhaportaria.com\/assembleia-virtual\">Guia Completo sobre Assembleias Virtuais<\/a>. Para fazer o download gratuitamente, \u00e9 s\u00f3 preencher o formul\u00e1rio abaixo.<\/p>\t\t\t\t\t\t<\/div>\n\t\t\t\t<\/div>\n\t\t\t\t\t<\/div>\n\t\t<\/div>\n\t\t\t\t\t<\/div>\n\t\t<\/section>\n\t\t\t\t<section class=\"has_ae_slider elementor-section elementor-top-section elementor-element elementor-element-2deec35 elementor-section-boxed elementor-section-height-default elementor-section-height-default ae-bg-gallery-type-default\" data-id=\"2deec35\" data-element_type=\"section\" data-settings=\"{&quot;jet_parallax_layout_list&quot;:[]}\">\n\t\t\t\t\t\t<div class=\"elementor-container elementor-column-gap-default\">\n\t\t\t\t\t<div class=\"has_ae_slider elementor-column elementor-col-100 elementor-top-column elementor-element elementor-element-faa44c7 ae-bg-gallery-type-default\" data-id=\"faa44c7\" data-element_type=\"column\">\n\t\t\t<div class=\"elementor-widget-wrap elementor-element-populated\">\n\t\t\t\t\t\t<div class=\"elementor-element elementor-element-e569586 elementor-widget elementor-widget-html\" data-id=\"e569586\" data-element_type=\"widget\" data-widget_type=\"html.default\">\n\t\t\t\t<div class=\"elementor-widget-container\">\n\t\t\t<div role=\"main\" id=\"e-book-guia-assembleia-virtual-a94f068e8616853dfa22\"><\/div>\r\n<script type=\"text\/javascript\" src=\"https:\/\/d335luupugsy2.cloudfront.net\/js\/rdstation-forms\/stable\/rdstation-forms.min.js\"><\/script>\r\n<script type=\"text\/javascript\"> new RDStationForms('e-book-guia-assembleia-virtual-a94f068e8616853dfa22', 'UA-3455702-3').createForm();<\/script>\t\t<\/div>\n\t\t\t\t<\/div>\n\t\t\t\t\t<\/div>\n\t\t<\/div>\n\t\t\t\t\t<\/div>\n\t\t<\/section>\n\t\t\t\t<section class=\"has_ae_slider elementor-section elementor-top-section elementor-element elementor-element-d9dfafb elementor-section-boxed elementor-section-height-default elementor-section-height-default ae-bg-gallery-type-default\" data-id=\"d9dfafb\" data-element_type=\"section\" data-settings=\"{&quot;jet_parallax_layout_list&quot;:[]}\">\n\t\t\t\t\t\t<div class=\"elementor-container elementor-column-gap-default\">\n\t\t\t\t\t<div class=\"has_ae_slider elementor-column elementor-col-100 elementor-top-column elementor-element elementor-element-2c63334 ae-bg-gallery-type-default\" data-id=\"2c63334\" data-element_type=\"column\">\n\t\t\t<div class=\"elementor-widget-wrap elementor-element-populated\">\n\t\t\t\t\t\t<div class=\"elementor-element elementor-element-9c64d0d elementor-widget elementor-widget-text-editor\" data-id=\"9c64d0d\" data-element_type=\"widget\" data-widget_type=\"text-editor.default\">\n\t\t\t\t<div class=\"elementor-widget-container\">\n\t\t\t\t\t\t\t<h3>4. Lista de Presen\u00e7a na Assembleia Virtual<\/h3>\t\t\t\t\t\t<\/div>\n\t\t\t\t<\/div>\n\t\t\t\t\t<\/div>\n\t\t<\/div>\n\t\t\t\t\t<\/div>\n\t\t<\/section>\n\t\t\t\t<section class=\"has_ae_slider elementor-section elementor-top-section elementor-element elementor-element-0f419e4 elementor-section-boxed elementor-section-height-default elementor-section-height-default ae-bg-gallery-type-default\" data-id=\"0f419e4\" data-element_type=\"section\" data-settings=\"{&quot;jet_parallax_layout_list&quot;:[]}\">\n\t\t\t\t\t\t<div class=\"elementor-container elementor-column-gap-default\">\n\t\t\t\t\t<div class=\"has_ae_slider elementor-column elementor-col-100 elementor-top-column elementor-element elementor-element-124539c ae-bg-gallery-type-default\" data-id=\"124539c\" data-element_type=\"column\">\n\t\t\t<div class=\"elementor-widget-wrap elementor-element-populated\">\n\t\t\t\t\t\t<div class=\"elementor-element elementor-element-edb261e elementor-widget elementor-widget-text-editor\" data-id=\"edb261e\" data-element_type=\"widget\" data-widget_type=\"text-editor.default\">\n\t\t\t\t<div class=\"elementor-widget-container\">\n\t\t\t\t\t\t\t<p>Com as regras de assembleia virtual sendo seguidas, voc\u00ea precisa garantir a fidelidade de quem participa, como certificado digital, autentica\u00e7\u00e3o de IP, sistema criptografado.<\/p>\t\t\t\t\t\t<\/div>\n\t\t\t\t<\/div>\n\t\t\t\t\t<\/div>\n\t\t<\/div>\n\t\t\t\t\t<\/div>\n\t\t<\/section>\n\t\t\t\t<section class=\"has_ae_slider elementor-section elementor-top-section elementor-element elementor-element-4b0dca6 elementor-section-boxed elementor-section-height-default elementor-section-height-default ae-bg-gallery-type-default\" data-id=\"4b0dca6\" data-element_type=\"section\" data-settings=\"{&quot;jet_parallax_layout_list&quot;:[]}\">\n\t\t\t\t\t\t<div class=\"elementor-container elementor-column-gap-default\">\n\t\t\t\t\t<div class=\"has_ae_slider elementor-column elementor-col-100 elementor-top-column elementor-element elementor-element-26cbb8b ae-bg-gallery-type-default\" data-id=\"26cbb8b\" data-element_type=\"column\">\n\t\t\t<div class=\"elementor-widget-wrap elementor-element-populated\">\n\t\t\t\t\t\t<div class=\"elementor-element elementor-element-a5376f9 elementor-widget elementor-widget-text-editor\" data-id=\"a5376f9\" data-element_type=\"widget\" data-widget_type=\"text-editor.default\">\n\t\t\t\t<div class=\"elementor-widget-container\">\n\t\t\t\t\t\t\t<p><span style=\"color: #000000; font-size: 20px; text-align: justify;\">Durante a sua assembleia online, voc\u00ea pode coletar os nomes das pessoas que estavam presentes na reuni\u00e3o de algumas formas.\u00a0<\/span><\/p>\t\t\t\t\t\t<\/div>\n\t\t\t\t<\/div>\n\t\t\t\t\t<\/div>\n\t\t<\/div>\n\t\t\t\t\t<\/div>\n\t\t<\/section>\n\t\t\t\t<section class=\"has_ae_slider elementor-section elementor-top-section elementor-element elementor-element-4145458 elementor-section-boxed elementor-section-height-default elementor-section-height-default ae-bg-gallery-type-default\" data-id=\"4145458\" data-element_type=\"section\" data-settings=\"{&quot;jet_parallax_layout_list&quot;:[]}\">\n\t\t\t\t\t\t<div class=\"elementor-container elementor-column-gap-default\">\n\t\t\t\t\t<div class=\"has_ae_slider elementor-column elementor-col-100 elementor-top-column elementor-element elementor-element-7524472 ae-bg-gallery-type-default\" data-id=\"7524472\" data-element_type=\"column\">\n\t\t\t<div class=\"elementor-widget-wrap elementor-element-populated\">\n\t\t\t\t\t\t<div class=\"elementor-element elementor-element-58b2d9c elementor-widget elementor-widget-text-editor\" data-id=\"58b2d9c\" data-element_type=\"widget\" data-widget_type=\"text-editor.default\">\n\t\t\t\t<div class=\"elementor-widget-container\">\n\t\t\t\t\t\t\t<p><span style=\"color: #000000; font-size: 20px; text-align: justify;\">Uma delas \u00e9 pedindo para que os participantes alterem seus nomes de usu\u00e1rios para seus respectivos nomes, posteriormente o\u00a0<\/span><em style=\"color: #000000; font-size: 20px; text-align: justify;\"><span style=\"font-weight: bolder;\">controller<\/span><\/em><span style=\"color: #000000; font-size: 20px; text-align: justify;\">\u00a0ou coordenador digital poder\u00e1 gravar a reuni\u00e3o e a tela dos participantes daquela assembleia virtual, desta forma voc\u00ea ter\u00e1 o controle de todos que participaram.\u00a0<\/span><\/p>\t\t\t\t\t\t<\/div>\n\t\t\t\t<\/div>\n\t\t\t\t\t<\/div>\n\t\t<\/div>\n\t\t\t\t\t<\/div>\n\t\t<\/section>\n\t\t\t\t<section class=\"has_ae_slider elementor-section elementor-top-section elementor-element elementor-element-9347f6e elementor-section-boxed elementor-section-height-default elementor-section-height-default ae-bg-gallery-type-default\" data-id=\"9347f6e\" data-element_type=\"section\" data-settings=\"{&quot;jet_parallax_layout_list&quot;:[]}\">\n\t\t\t\t\t\t<div class=\"elementor-container elementor-column-gap-default\">\n\t\t\t\t\t<div class=\"has_ae_slider elementor-column elementor-col-50 elementor-top-column elementor-element elementor-element-4ce934e ae-bg-gallery-type-default\" data-id=\"4ce934e\" data-element_type=\"column\">\n\t\t\t<div class=\"elementor-widget-wrap elementor-element-populated\">\n\t\t\t\t\t\t<div class=\"elementor-element elementor-element-22d1860 elementor-widget elementor-widget-text-editor\" data-id=\"22d1860\" data-element_type=\"widget\" data-widget_type=\"text-editor.default\">\n\t\t\t\t<div class=\"elementor-widget-container\">\n\t\t\t\t\t\t\t<p>A Minha Portaria, se prontifica a auxiliar e fomentar as assembleias virtuais em tempos de pandemia sendo seu coordenador digital.\u00a0<\/p>\t\t\t\t\t\t<\/div>\n\t\t\t\t<\/div>\n\t\t\t\t<div class=\"elementor-element elementor-element-fab94f0 elementor-widget elementor-widget-text-editor\" data-id=\"fab94f0\" data-element_type=\"widget\" data-widget_type=\"text-editor.default\">\n\t\t\t\t<div class=\"elementor-widget-container\">\n\t\t\t\t\t\t\t<p><span style=\"color: #000000; font-size: 20px; text-align: justify;\">Ao lado, voc\u00ea pode conferir um v\u00eddeo publicado no qual explicamos mais sobre isso e sobre as reuni\u00f5es virtuais.<\/span><\/p>\t\t\t\t\t\t<\/div>\n\t\t\t\t<\/div>\n\t\t\t\t\t<\/div>\n\t\t<\/div>\n\t\t\t\t<div class=\"has_ae_slider elementor-column elementor-col-50 elementor-top-column elementor-element elementor-element-6dd06d6 ae-bg-gallery-type-default\" data-id=\"6dd06d6\" data-element_type=\"column\">\n\t\t\t<div class=\"elementor-widget-wrap elementor-element-populated\">\n\t\t\t\t\t\t<div class=\"elementor-element elementor-element-e179495 elementor-widget elementor-widget-video\" data-id=\"e179495\" data-element_type=\"widget\" data-settings=\"{&quot;youtube_url&quot;:&quot;https:\\\/\\\/www.youtube.com\\\/watch?v=QasW1c7ucKQ&quot;,&quot;video_type&quot;:&quot;youtube&quot;,&quot;controls&quot;:&quot;yes&quot;}\" data-widget_type=\"video.default\">\n\t\t\t\t<div class=\"elementor-widget-container\">\n\t\t\t\t\t<div class=\"elementor-wrapper elementor-open-inline\">\n\t\t\t<div class=\"elementor-video\"><\/div>\t\t<\/div>\n\t\t\t\t<\/div>\n\t\t\t\t<\/div>\n\t\t\t\t\t<\/div>\n\t\t<\/div>\n\t\t\t\t\t<\/div>\n\t\t<\/section>\n\t\t\t\t<section class=\"has_ae_slider elementor-section elementor-top-section elementor-element elementor-element-79f90e0 elementor-section-boxed elementor-section-height-default elementor-section-height-default ae-bg-gallery-type-default\" data-id=\"79f90e0\" data-element_type=\"section\" data-settings=\"{&quot;jet_parallax_layout_list&quot;:[]}\">\n\t\t\t\t\t\t<div class=\"elementor-container elementor-column-gap-default\">\n\t\t\t\t\t<div class=\"has_ae_slider elementor-column elementor-col-50 elementor-top-column elementor-element elementor-element-ce5f3de ae-bg-gallery-type-default\" data-id=\"ce5f3de\" data-element_type=\"column\">\n\t\t\t<div class=\"elementor-widget-wrap elementor-element-populated\">\n\t\t\t\t\t\t<div class=\"elementor-element elementor-element-af80bb0 elementor-widget elementor-widget-text-editor\" data-id=\"af80bb0\" data-element_type=\"widget\" data-widget_type=\"text-editor.default\">\n\t\t\t\t<div class=\"elementor-widget-container\">\n\t\t\t\t\t\t\t<p><span style=\"color: #000000; font-size: 20px; text-align: justify;\">Voc\u00ea sabia que a portaria remota \u00e9 um assunto muito importante a ser debatido em assembleias? Se voc\u00ea tem interesse no assunto, n\u00f3s elaboramos uma publica\u00e7\u00e3o\u00a0<\/span><a style=\"background-color: #ffffff; font-size: 20px; text-align: justify;\" href=\"https:\/\/blog.minhaportaria.com\/como-discutir-portaria-remota-nas-assembleias\/\">sobre como levar o assunto para as reuni\u00f5es.<\/a><span style=\"color: #000000; font-size: 20px; text-align: justify;\">\u00a0No v\u00eddeo ao lado, voc\u00ea tamb\u00e9m pode conferir como aprovar a portaria virtual atrav\u00e9s da assembleia virtual:<\/span><\/p>\t\t\t\t\t\t<\/div>\n\t\t\t\t<\/div>\n\t\t\t\t\t<\/div>\n\t\t<\/div>\n\t\t\t\t<div class=\"has_ae_slider elementor-column elementor-col-50 elementor-top-column elementor-element elementor-element-e2fd6ea ae-bg-gallery-type-default\" data-id=\"e2fd6ea\" data-element_type=\"column\">\n\t\t\t<div class=\"elementor-widget-wrap elementor-element-populated\">\n\t\t\t\t\t\t<div class=\"elementor-element elementor-element-1a5a12a elementor-widget elementor-widget-video\" data-id=\"1a5a12a\" data-element_type=\"widget\" data-settings=\"{&quot;youtube_url&quot;:&quot;https:\\\/\\\/www.youtube.com\\\/watch?v=iw2xnFNlOtQ&quot;,&quot;video_type&quot;:&quot;youtube&quot;,&quot;controls&quot;:&quot;yes&quot;}\" data-widget_type=\"video.default\">\n\t\t\t\t<div class=\"elementor-widget-container\">\n\t\t\t\t\t<div class=\"elementor-wrapper elementor-open-inline\">\n\t\t\t<div class=\"elementor-video\"><\/div>\t\t<\/div>\n\t\t\t\t<\/div>\n\t\t\t\t<\/div>\n\t\t\t\t\t<\/div>\n\t\t<\/div>\n\t\t\t\t\t<\/div>\n\t\t<\/section>\n\t\t\t\t<section class=\"has_ae_slider elementor-section elementor-top-section elementor-element elementor-element-9e3ddfc elementor-section-boxed elementor-section-height-default elementor-section-height-default ae-bg-gallery-type-default\" data-id=\"9e3ddfc\" data-element_type=\"section\" data-settings=\"{&quot;jet_parallax_layout_list&quot;:[]}\">\n\t\t\t\t\t\t<div class=\"elementor-container elementor-column-gap-default\">\n\t\t\t\t\t<div class=\"has_ae_slider elementor-column elementor-col-100 elementor-top-column elementor-element elementor-element-d36fd80 ae-bg-gallery-type-default\" data-id=\"d36fd80\" data-element_type=\"column\">\n\t\t\t<div class=\"elementor-widget-wrap elementor-element-populated\">\n\t\t\t\t\t\t<div class=\"elementor-element elementor-element-5cf7362 elementor-widget elementor-widget-text-editor\" data-id=\"5cf7362\" data-element_type=\"widget\" data-widget_type=\"text-editor.default\">\n\t\t\t\t<div class=\"elementor-widget-container\">\n\t\t\t\t\t\t\t<h2>Realizando a assembleia virtual pelo aplicativo ZOOM<\/h2>\t\t\t\t\t\t<\/div>\n\t\t\t\t<\/div>\n\t\t\t\t\t<\/div>\n\t\t<\/div>\n\t\t\t\t\t<\/div>\n\t\t<\/section>\n\t\t\t\t<section class=\"has_ae_slider elementor-section elementor-top-section elementor-element elementor-element-37e68ff elementor-section-boxed elementor-section-height-default elementor-section-height-default ae-bg-gallery-type-default\" data-id=\"37e68ff\" data-element_type=\"section\" data-settings=\"{&quot;jet_parallax_layout_list&quot;:[]}\">\n\t\t\t\t\t\t<div class=\"elementor-container elementor-column-gap-default\">\n\t\t\t\t\t<div class=\"has_ae_slider elementor-column elementor-col-100 elementor-top-column elementor-element elementor-element-c981c94 ae-bg-gallery-type-default\" data-id=\"c981c94\" data-element_type=\"column\">\n\t\t\t<div class=\"elementor-widget-wrap elementor-element-populated\">\n\t\t\t\t\t\t<div class=\"elementor-element elementor-element-3422b59 elementor-widget elementor-widget-text-editor\" data-id=\"3422b59\" data-element_type=\"widget\" data-widget_type=\"text-editor.default\">\n\t\t\t\t<div class=\"elementor-widget-container\">\n\t\t\t\t\t\t\t<p>Quer voc\u00ea quer saber como realizar sua assembleia virtual pelo aplicativo Zoom,&nbsp;&nbsp;<a href=\"https:\/\/blog.minhaportaria.com\/como-realizar-assembleia-virtual-no-zoom\/\" target=\"_blank\" rel=\"noopener\">clique aqui.&nbsp;<\/a><\/p>\t\t\t\t\t\t<\/div>\n\t\t\t\t<\/div>\n\t\t\t\t\t<\/div>\n\t\t<\/div>\n\t\t\t\t\t<\/div>\n\t\t<\/section>\n\t\t\t\t<section class=\"has_ae_slider elementor-section elementor-top-section elementor-element elementor-element-d8df9f6 elementor-section-boxed elementor-section-height-default elementor-section-height-default ae-bg-gallery-type-default\" data-id=\"d8df9f6\" data-element_type=\"section\" data-settings=\"{&quot;jet_parallax_layout_list&quot;:[]}\">\n\t\t\t\t\t\t<div class=\"elementor-container elementor-column-gap-default\">\n\t\t\t\t\t<div class=\"has_ae_slider elementor-column elementor-col-100 elementor-top-column elementor-element elementor-element-87840ec ae-bg-gallery-type-default\" data-id=\"87840ec\" data-element_type=\"column\">\n\t\t\t<div class=\"elementor-widget-wrap elementor-element-populated\">\n\t\t\t\t\t\t<div class=\"elementor-element elementor-element-79b9fa4 elementor-widget elementor-widget-text-editor\" data-id=\"79b9fa4\" data-element_type=\"widget\" data-widget_type=\"text-editor.default\">\n\t\t\t\t<div class=\"elementor-widget-container\">\n\t\t\t\t\t\t\t<p>Para mais informa\u00e7\u00f5es sobre como podemos auxiliar sua assembleia virtual sendo seu coordenador digital, entre em contato conosco. Al\u00e9m disso, n\u00e3o se esque\u00e7a de visitar <a href=\"https:\/\/www.youtube.com\/channel\/UCSA4Fr610ztHM7QIh3sW9Dw\/videos\" target=\"_blank\" rel=\"noopener\">nosso canal no Youtube<\/a> e acompanhar nossos programas di\u00e1rios para mais informa\u00e7\u00f5es e conte\u00fados referentes a rotina condominial.<\/p><p>Ficou com alguma d\u00favida? <strong>Mande um whats para n\u00f3s!<\/strong> \u00c9 s\u00f3 clicar no \u00edcone do aplicativo no canto direito da p\u00e1gina.\u00a0<\/p>\t\t\t\t\t\t<\/div>\n\t\t\t\t<\/div>\n\t\t\t\t\t<\/div>\n\t\t<\/div>\n\t\t\t\t\t<\/div>\n\t\t<\/section>\n\t\t\t\t<\/div>","protected":false},"excerpt":{"rendered":"<p>Conhe\u00e7a a legisla\u00e7\u00e3o e a legalidade por tr\u00e1s das assembleias virtuais em condom\u00ednios.<\/p>","protected":false},"author":13,"featured_media":1952,"comment_status":"open","ping_status":"open","sticky":false,"template":"","format":"standard","meta":{"footnotes":""},"categories":[82,29],"tags":[313,278,326,327,328,314,318,319,329,330,331,332,321,244,333],"class_list":["post-1950","post","type-post","status-publish","format-standard","has-post-thumbnail","hentry","category-administracao-de-condominios","category-assembleia-virtual","tag-assembleia-condominial","tag-assembleia-de-condominio","tag-assembleia-de-condominio-online","tag-assembleia-de-condominio-virtual","tag-assembleia-digital","tag-assembleia-online","tag-assembleia-remota-condominio","tag-assembleia-virtual","tag-legalidade-assembleia-virtual","tag-lei-14-010-20","tag-lei-548-2019","tag-lei-assembleia-virtual","tag-participacao-na-assembleia-de-condominio","tag-reuniao-de-condominio","tag-voto-remoto-assembleia-virtual"],"yoast_head":"<!-- This site is optimized with the Yoast SEO plugin v23.5 - https:\/\/yoast.com\/wordpress\/plugins\/seo\/ -->\n<title>Legisla\u00e7\u00e3o da Assembleia Virtual | Minha Portaria<\/title>\n<meta name=\"description\" content=\"Conhe\u00e7a o projeto de legisla\u00e7\u00e3o que torna a assembleia virtual devidamente legalizada e poss\u00edvel de ser realizada.\" \/>\n<meta name=\"robots\" content=\"index, follow, max-snippet:-1, max-image-preview:large, max-video-preview:-1\" \/>\n<link rel=\"canonical\" href=\"https:\/\/blog.minhaportaria.com\/assembleia-virtual\/\" \/>\n<meta property=\"og:locale\" content=\"es_ES\" \/>\n<meta property=\"og:type\" content=\"article\" \/>\n<meta property=\"og:title\" content=\"Assembleia Virtual: S\u00edndico saiba tudo sobre este novo modelo\" \/>\n<meta property=\"og:description\" content=\"Neste post vamos te mostrar tudo sobre como realizar uma assembleia virtual no seu condom\u00ednio\" \/>\n<meta property=\"og:url\" content=\"https:\/\/blog.minhaportaria.com\/assembleia-virtual\/\" \/>\n<meta property=\"og:site_name\" content=\"Minha Portaria\" \/>\n<meta property=\"article:published_time\" content=\"2020-07-13T15:28:13+00:00\" \/>\n<meta property=\"og:image\" content=\"https:\/\/minhaportaria.com\/wp-content\/uploads\/2020\/05\/COMO-REALIZAR-UMA-ASSEMBLEIA-ONLINE-EM-CONDOMI\u0301NIOS.jpeg\" \/>\n\t<meta property=\"og:image:width\" content=\"967\" \/>\n\t<meta property=\"og:image:height\" content=\"725\" \/>\n\t<meta property=\"og:image:type\" content=\"image\/jpeg\" \/>\n<meta name=\"author\" content=\"Walter Uvo\" \/>\n<meta name=\"twitter:card\" content=\"summary_large_image\" \/>\n<meta name=\"twitter:title\" content=\"Assembleia Virtual: S\u00edndico saiba tudo sobre este novo modelo\" \/>\n<meta name=\"twitter:description\" content=\"Neste post vamos te mostrar tudo sobre como realizar uma assembleia virtual no seu condom\u00ednio\" \/>\n<meta name=\"twitter:image\" content=\"https:\/\/minhaportaria.com\/wp-content\/uploads\/2020\/05\/COMO-REALIZAR-UMA-ASSEMBLEIA-ONLINE-EM-CONDOMI\u0301NIOS.jpeg\" \/>\n<meta name=\"twitter:label1\" content=\"Written by\" \/>\n\t<meta name=\"twitter:data1\" content=\"Walter Uvo\" \/>\n\t<meta name=\"twitter:label2\" content=\"Est. reading time\" \/>\n\t<meta name=\"twitter:data2\" content=\"6 minutes\" \/>\n<script type=\"application\/ld+json\" class=\"yoast-schema-graph\">{\"@context\":\"https:\/\/schema.org\",\"@graph\":[{\"@type\":\"Article\",\"@id\":\"https:\/\/blog.minhaportaria.com\/assembleia-virtual\/#article\",\"isPartOf\":{\"@id\":\"https:\/\/minhaportaria.com\/en\/assembleia-virtual\/legislacao-da-assembleia-virtual\/\"},\"author\":{\"name\":\"Walter Uvo\",\"@id\":\"https:\/\/minhaportaria.com\/#\/schema\/person\/1b60f6ffb6cc2dbfd6334e412ca16faf\"},\"headline\":\"Legisla\u00e7\u00e3o da Assembleia Virtual\",\"datePublished\":\"2020-07-13T15:28:13+00:00\",\"dateModified\":\"2020-07-13T15:28:13+00:00\",\"mainEntityOfPage\":{\"@id\":\"https:\/\/minhaportaria.com\/en\/assembleia-virtual\/legislacao-da-assembleia-virtual\/\"},\"wordCount\":1117,\"commentCount\":0,\"publisher\":{\"@id\":\"https:\/\/minhaportaria.com\/#organization\"},\"image\":{\"@id\":\"https:\/\/blog.minhaportaria.com\/assembleia-virtual\/#primaryimage\"},\"thumbnailUrl\":\"https:\/\/minhaportaria.com\/wp-content\/uploads\/2020\/07\/Legislacao-da-Assembleia-Virtual.jpg\",\"keywords\":[\"Assembleia Condominial\",\"assembleia de condom\u00ednio\",\"assembleia de condom\u00ednio online\",\"assembleia de condom\u00ednio virtual\",\"assembleia digital\",\"assembleia online\",\"Assembleia remota condominio\",\"assembleia virtual\",\"legalidade assembleia virtual\",\"Lei 14.010\/20\",\"Lei 548\/2019\",\"lei assembleia virtual\",\"participacao na assembleia de condominio\",\"reuni\u00e3o de condom\u00ednio\",\"voto remoto assembleia virtual\"],\"articleSection\":[\"Administra\u00e7\u00e3o de Condom\u00ednios\",\"Assembleia Virtual\"],\"inLanguage\":\"es-ES\",\"potentialAction\":[{\"@type\":\"CommentAction\",\"name\":\"Comment\",\"target\":[\"https:\/\/blog.minhaportaria.com\/assembleia-virtual\/#respond\"]}]},{\"@type\":\"WebPage\",\"@id\":\"https:\/\/minhaportaria.com\/en\/assembleia-virtual\/legislacao-da-assembleia-virtual\/\",\"url\":\"https:\/\/blog.minhaportaria.com\/assembleia-virtual\/\",\"name\":\"Legisla\u00e7\u00e3o da Assembleia Virtual | Minha Portaria\",\"isPartOf\":{\"@id\":\"https:\/\/minhaportaria.com\/#website\"},\"primaryImageOfPage\":{\"@id\":\"https:\/\/blog.minhaportaria.com\/assembleia-virtual\/#primaryimage\"},\"image\":{\"@id\":\"https:\/\/blog.minhaportaria.com\/assembleia-virtual\/#primaryimage\"},\"thumbnailUrl\":\"https:\/\/minhaportaria.com\/wp-content\/uploads\/2020\/07\/Legislacao-da-Assembleia-Virtual.jpg\",\"datePublished\":\"2020-07-13T15:28:13+00:00\",\"dateModified\":\"2020-07-13T15:28:13+00:00\",\"description\":\"Conhe\u00e7a o projeto de legisla\u00e7\u00e3o que torna a assembleia virtual devidamente legalizada e poss\u00edvel de ser realizada.\",\"breadcrumb\":{\"@id\":\"https:\/\/blog.minhaportaria.com\/assembleia-virtual\/#breadcrumb\"},\"inLanguage\":\"es-ES\",\"potentialAction\":[{\"@type\":\"ReadAction\",\"target\":[\"https:\/\/blog.minhaportaria.com\/assembleia-virtual\/\"]}]},{\"@type\":\"ImageObject\",\"inLanguage\":\"es-ES\",\"@id\":\"https:\/\/blog.minhaportaria.com\/assembleia-virtual\/#primaryimage\",\"url\":\"https:\/\/minhaportaria.com\/wp-content\/uploads\/2020\/07\/Legislacao-da-Assembleia-Virtual.jpg\",\"contentUrl\":\"https:\/\/minhaportaria.com\/wp-content\/uploads\/2020\/07\/Legislacao-da-Assembleia-Virtual.jpg\",\"width\":984,\"height\":615,\"caption\":\"Legislacao da Assembleia Virtual\"},{\"@type\":\"BreadcrumbList\",\"@id\":\"https:\/\/blog.minhaportaria.com\/assembleia-virtual\/#breadcrumb\",\"itemListElement\":[{\"@type\":\"ListItem\",\"position\":1,\"name\":\"Home\",\"item\":\"https:\/\/minhaportaria.com\/\"},{\"@type\":\"ListItem\",\"position\":2,\"name\":\"Administra\u00e7\u00e3o de Condom\u00ednios\",\"item\":\"https:\/\/minhaportaria.com\/en\/category\/administracao-de-condominios\/\"},{\"@type\":\"ListItem\",\"position\":3,\"name\":\"Legisla\u00e7\u00e3o da Assembleia Virtual\"}]},{\"@type\":\"WebSite\",\"@id\":\"https:\/\/minhaportaria.com\/#website\",\"url\":\"https:\/\/minhaportaria.com\/\",\"name\":\"Minha Portaria\",\"description\":\"\",\"publisher\":{\"@id\":\"https:\/\/minhaportaria.com\/#organization\"},\"potentialAction\":[{\"@type\":\"SearchAction\",\"target\":{\"@type\":\"EntryPoint\",\"urlTemplate\":\"https:\/\/minhaportaria.com\/?s={search_term_string}\"},\"query-input\":{\"@type\":\"PropertyValueSpecification\",\"valueRequired\":true,\"valueName\":\"search_term_string\"}}],\"inLanguage\":\"es-ES\"},{\"@type\":\"Organization\",\"@id\":\"https:\/\/minhaportaria.com\/#organization\",\"name\":\"Minha Portaria\",\"url\":\"https:\/\/minhaportaria.com\/\",\"logo\":{\"@type\":\"ImageObject\",\"inLanguage\":\"es-ES\",\"@id\":\"https:\/\/minhaportaria.com\/#\/schema\/logo\/image\/\",\"url\":\"https:\/\/minhaportaria.com\/wp-content\/uploads\/2021\/01\/logo-home-175854.png\",\"contentUrl\":\"https:\/\/minhaportaria.com\/wp-content\/uploads\/2021\/01\/logo-home-175854.png\",\"width\":134,\"height\":62,\"caption\":\"Minha Portaria \"},\"image\":{\"@id\":\"https:\/\/minhaportaria.com\/#\/schema\/logo\/image\/\"}},{\"@type\":\"Person\",\"@id\":\"https:\/\/minhaportaria.com\/#\/schema\/person\/1b60f6ffb6cc2dbfd6334e412ca16faf\",\"name\":\"Walter Uvo\",\"image\":{\"@type\":\"ImageObject\",\"inLanguage\":\"es-ES\",\"@id\":\"https:\/\/minhaportaria.com\/#\/schema\/person\/image\/\",\"url\":\"https:\/\/secure.gravatar.com\/avatar\/ed74b837a4835d4a7b377236f4b28538?s=96&d=mm&r=g\",\"contentUrl\":\"https:\/\/secure.gravatar.com\/avatar\/ed74b837a4835d4a7b377236f4b28538?s=96&d=mm&r=g\",\"caption\":\"Walter Uvo\"},\"url\":\"https:\/\/minhaportaria.com\/es\/author\/walter-uvo\/\"}]}<\/script>\n<!-- \/ Yoast SEO plugin. -->","yoast_head_json":{"title":"Legisla\u00e7\u00e3o da Assembleia Virtual | Minha Portaria","description":"Conhe\u00e7a o projeto de legisla\u00e7\u00e3o que torna a assembleia virtual devidamente legalizada e poss\u00edvel de ser realizada.","robots":{"index":"index","follow":"follow","max-snippet":"max-snippet:-1","max-image-preview":"max-image-preview:large","max-video-preview":"max-video-preview:-1"},"canonical":"https:\/\/blog.minhaportaria.com\/assembleia-virtual\/","og_locale":"es_ES","og_type":"article","og_title":"Assembleia Virtual: S\u00edndico saiba tudo sobre este novo modelo","og_description":"Neste post vamos te mostrar tudo sobre como realizar uma assembleia virtual no seu condom\u00ednio","og_url":"https:\/\/blog.minhaportaria.com\/assembleia-virtual\/","og_site_name":"Minha Portaria","article_published_time":"2020-07-13T15:28:13+00:00","og_image":[{"width":967,"height":725,"url":"https:\/\/minhaportaria.com\/wp-content\/uploads\/2020\/05\/COMO-REALIZAR-UMA-ASSEMBLEIA-ONLINE-EM-CONDOMI\u0301NIOS.jpeg","type":"image\/jpeg"}],"author":"Walter Uvo","twitter_card":"summary_large_image","twitter_title":"Assembleia Virtual: S\u00edndico saiba tudo sobre este novo modelo","twitter_description":"Neste post vamos te mostrar tudo sobre como realizar uma assembleia virtual no seu condom\u00ednio","twitter_image":"https:\/\/minhaportaria.com\/wp-content\/uploads\/2020\/05\/COMO-REALIZAR-UMA-ASSEMBLEIA-ONLINE-EM-CONDOMI\u0301NIOS.jpeg","twitter_misc":{"Written by":"Walter Uvo","Est. reading time":"6 minutes"},"schema":{"@context":"https:\/\/schema.org","@graph":[{"@type":"Article","@id":"https:\/\/blog.minhaportaria.com\/assembleia-virtual\/#article","isPartOf":{"@id":"https:\/\/minhaportaria.com\/en\/assembleia-virtual\/legislacao-da-assembleia-virtual\/"},"author":{"name":"Walter Uvo","@id":"https:\/\/minhaportaria.com\/#\/schema\/person\/1b60f6ffb6cc2dbfd6334e412ca16faf"},"headline":"Legisla\u00e7\u00e3o da Assembleia Virtual","datePublished":"2020-07-13T15:28:13+00:00","dateModified":"2020-07-13T15:28:13+00:00","mainEntityOfPage":{"@id":"https:\/\/minhaportaria.com\/en\/assembleia-virtual\/legislacao-da-assembleia-virtual\/"},"wordCount":1117,"commentCount":0,"publisher":{"@id":"https:\/\/minhaportaria.com\/#organization"},"image":{"@id":"https:\/\/blog.minhaportaria.com\/assembleia-virtual\/#primaryimage"},"thumbnailUrl":"https:\/\/minhaportaria.com\/wp-content\/uploads\/2020\/07\/Legislacao-da-Assembleia-Virtual.jpg","keywords":["Assembleia Condominial","assembleia de condom\u00ednio","assembleia de condom\u00ednio online","assembleia de condom\u00ednio virtual","assembleia digital","assembleia online","Assembleia remota condominio","assembleia virtual","legalidade assembleia virtual","Lei 14.010\/20","Lei 548\/2019","lei assembleia virtual","participacao na assembleia de condominio","reuni\u00e3o de condom\u00ednio","voto remoto assembleia virtual"],"articleSection":["Administra\u00e7\u00e3o de Condom\u00ednios","Assembleia Virtual"],"inLanguage":"es-ES","potentialAction":[{"@type":"CommentAction","name":"Comment","target":["https:\/\/blog.minhaportaria.com\/assembleia-virtual\/#respond"]}]},{"@type":"WebPage","@id":"https:\/\/minhaportaria.com\/en\/assembleia-virtual\/legislacao-da-assembleia-virtual\/","url":"https:\/\/blog.minhaportaria.com\/assembleia-virtual\/","name":"Legisla\u00e7\u00e3o da Assembleia Virtual | Minha Portaria","isPartOf":{"@id":"https:\/\/minhaportaria.com\/#website"},"primaryImageOfPage":{"@id":"https:\/\/blog.minhaportaria.com\/assembleia-virtual\/#primaryimage"},"image":{"@id":"https:\/\/blog.minhaportaria.com\/assembleia-virtual\/#primaryimage"},"thumbnailUrl":"https:\/\/minhaportaria.com\/wp-content\/uploads\/2020\/07\/Legislacao-da-Assembleia-Virtual.jpg","datePublished":"2020-07-13T15:28:13+00:00","dateModified":"2020-07-13T15:28:13+00:00","description":"Conhe\u00e7a o projeto de legisla\u00e7\u00e3o que torna a assembleia virtual devidamente legalizada e poss\u00edvel de ser realizada.","breadcrumb":{"@id":"https:\/\/blog.minhaportaria.com\/assembleia-virtual\/#breadcrumb"},"inLanguage":"es-ES","potentialAction":[{"@type":"ReadAction","target":["https:\/\/blog.minhaportaria.com\/assembleia-virtual\/"]}]},{"@type":"ImageObject","inLanguage":"es-ES","@id":"https:\/\/blog.minhaportaria.com\/assembleia-virtual\/#primaryimage","url":"https:\/\/minhaportaria.com\/wp-content\/uploads\/2020\/07\/Legislacao-da-Assembleia-Virtual.jpg","contentUrl":"https:\/\/minhaportaria.com\/wp-content\/uploads\/2020\/07\/Legislacao-da-Assembleia-Virtual.jpg","width":984,"height":615,"caption":"Legislacao da Assembleia Virtual"},{"@type":"BreadcrumbList","@id":"https:\/\/blog.minhaportaria.com\/assembleia-virtual\/#breadcrumb","itemListElement":[{"@type":"ListItem","position":1,"name":"Home","item":"https:\/\/minhaportaria.com\/"},{"@type":"ListItem","position":2,"name":"Administra\u00e7\u00e3o de Condom\u00ednios","item":"https:\/\/minhaportaria.com\/en\/category\/administracao-de-condominios\/"},{"@type":"ListItem","position":3,"name":"Legisla\u00e7\u00e3o da Assembleia Virtual"}]},{"@type":"WebSite","@id":"https:\/\/minhaportaria.com\/#website","url":"https:\/\/minhaportaria.com\/","name":"Minha Portaria","description":"","publisher":{"@id":"https:\/\/minhaportaria.com\/#organization"},"potentialAction":[{"@type":"SearchAction","target":{"@type":"EntryPoint","urlTemplate":"https:\/\/minhaportaria.com\/?s={search_term_string}"},"query-input":{"@type":"PropertyValueSpecification","valueRequired":true,"valueName":"search_term_string"}}],"inLanguage":"es-ES"},{"@type":"Organization","@id":"https:\/\/minhaportaria.com\/#organization","name":"Minha Portaria","url":"https:\/\/minhaportaria.com\/","logo":{"@type":"ImageObject","inLanguage":"es-ES","@id":"https:\/\/minhaportaria.com\/#\/schema\/logo\/image\/","url":"https:\/\/minhaportaria.com\/wp-content\/uploads\/2021\/01\/logo-home-175854.png","contentUrl":"https:\/\/minhaportaria.com\/wp-content\/uploads\/2021\/01\/logo-home-175854.png","width":134,"height":62,"caption":"Minha Portaria "},"image":{"@id":"https:\/\/minhaportaria.com\/#\/schema\/logo\/image\/"}},{"@type":"Person","@id":"https:\/\/minhaportaria.com\/#\/schema\/person\/1b60f6ffb6cc2dbfd6334e412ca16faf","name":"Walter Uvo","image":{"@type":"ImageObject","inLanguage":"es-ES","@id":"https:\/\/minhaportaria.com\/#\/schema\/person\/image\/","url":"https:\/\/secure.gravatar.com\/avatar\/ed74b837a4835d4a7b377236f4b28538?s=96&d=mm&r=g","contentUrl":"https:\/\/secure.gravatar.com\/avatar\/ed74b837a4835d4a7b377236f4b28538?s=96&d=mm&r=g","caption":"Walter Uvo"},"url":"https:\/\/minhaportaria.com\/es\/author\/walter-uvo\/"}]}},"_links":{"self":[{"href":"https:\/\/minhaportaria.com\/es\/wp-json\/wp\/v2\/posts\/1950"}],"collection":[{"href":"https:\/\/minhaportaria.com\/es\/wp-json\/wp\/v2\/posts"}],"about":[{"href":"https:\/\/minhaportaria.com\/es\/wp-json\/wp\/v2\/types\/post"}],"author":[{"embeddable":true,"href":"https:\/\/minhaportaria.com\/es\/wp-json\/wp\/v2\/users\/13"}],"replies":[{"embeddable":true,"href":"https:\/\/minhaportaria.com\/es\/wp-json\/wp\/v2\/comments?post=1950"}],"version-history":[{"count":0,"href":"https:\/\/minhaportaria.com\/es\/wp-json\/wp\/v2\/posts\/1950\/revisions"}],"wp:featuredmedia":[{"embeddable":true,"href":"https:\/\/minhaportaria.com\/es\/wp-json\/wp\/v2\/media\/1952"}],"wp:attachment":[{"href":"https:\/\/minhaportaria.com\/es\/wp-json\/wp\/v2\/media?parent=1950"}],"wp:term":[{"taxonomy":"category","embeddable":true,"href":"https:\/\/minhaportaria.com\/es\/wp-json\/wp\/v2\/categories?post=1950"},{"taxonomy":"post_tag","embeddable":true,"href":"https:\/\/minhaportaria.com\/es\/wp-json\/wp\/v2\/tags?post=1950"}],"curies":[{"name":"wp","href":"https:\/\/api.w.org\/{rel}","templated":true}]}}