{"id":4869,"date":"2024-09-18T17:11:22","date_gmt":"2024-09-18T20:11:22","guid":{"rendered":"https:\/\/minhaportaria.com\/?p=4869"},"modified":"2024-11-21T23:33:25","modified_gmt":"2024-11-22T02:33:25","slug":"politica_de_privacidade_de_dados","status":"publish","type":"post","link":"https:\/\/minhaportaria.com\/en\/administracao\/politica_de_privacidade_de_dados\/","title":{"rendered":"Pol\u00edtica de Privacidade de Dados"},"content":{"rendered":"<div data-elementor-type=\"wp-post\" data-elementor-id=\"4869\" class=\"elementor elementor-4869\" data-elementor-post-type=\"post\">\n\t\t\t\t\t\t<section class=\"has_ae_slider elementor-section elementor-top-section elementor-element elementor-element-7ac6e6b4 elementor-section-boxed elementor-section-height-default elementor-section-height-default ae-bg-gallery-type-default\" data-id=\"7ac6e6b4\" data-element_type=\"section\" data-settings=\"{&quot;jet_parallax_layout_list&quot;:[{&quot;jet_parallax_layout_image&quot;:{&quot;url&quot;:&quot;&quot;,&quot;id&quot;:&quot;&quot;,&quot;size&quot;:&quot;&quot;},&quot;_id&quot;:&quot;f5bf35c&quot;,&quot;jet_parallax_layout_image_tablet&quot;:{&quot;url&quot;:&quot;&quot;,&quot;id&quot;:&quot;&quot;,&quot;size&quot;:&quot;&quot;},&quot;jet_parallax_layout_image_mobile&quot;:{&quot;url&quot;:&quot;&quot;,&quot;id&quot;:&quot;&quot;,&quot;size&quot;:&quot;&quot;},&quot;jet_parallax_layout_speed&quot;:{&quot;unit&quot;:&quot;%&quot;,&quot;size&quot;:50,&quot;sizes&quot;:[]},&quot;jet_parallax_layout_type&quot;:&quot;scroll&quot;,&quot;jet_parallax_layout_direction&quot;:null,&quot;jet_parallax_layout_fx_direction&quot;:null,&quot;jet_parallax_layout_z_index&quot;:&quot;&quot;,&quot;jet_parallax_layout_bg_x&quot;:50,&quot;jet_parallax_layout_bg_x_tablet&quot;:&quot;&quot;,&quot;jet_parallax_layout_bg_x_mobile&quot;:&quot;&quot;,&quot;jet_parallax_layout_bg_y&quot;:50,&quot;jet_parallax_layout_bg_y_tablet&quot;:&quot;&quot;,&quot;jet_parallax_layout_bg_y_mobile&quot;:&quot;&quot;,&quot;jet_parallax_layout_bg_size&quot;:&quot;auto&quot;,&quot;jet_parallax_layout_bg_size_tablet&quot;:&quot;&quot;,&quot;jet_parallax_layout_bg_size_mobile&quot;:&quot;&quot;,&quot;jet_parallax_layout_animation_prop&quot;:&quot;transform&quot;,&quot;jet_parallax_layout_on&quot;:[&quot;desktop&quot;,&quot;tablet&quot;]}]}\">\n\t\t\t\t\t\t<div class=\"elementor-container elementor-column-gap-default\">\n\t\t\t\t\t<div class=\"has_ae_slider elementor-column elementor-col-100 elementor-top-column elementor-element elementor-element-317b635c ae-bg-gallery-type-default\" data-id=\"317b635c\" data-element_type=\"column\">\n\t\t\t<div class=\"elementor-widget-wrap elementor-element-populated\">\n\t\t\t\t\t\t<div class=\"elementor-element elementor-element-7f89e6d6 elementor-widget elementor-widget-text-editor\" data-id=\"7f89e6d6\" data-element_type=\"widget\" data-widget_type=\"text-editor.default\">\n\t\t\t\t<div class=\"elementor-widget-container\">\n\t\t\t\t\t\t\t<p><span style=\"color: #000000; font-family: Arial, sans-serif; font-size: 18px;\">Data de atualiza\u00e7\u00e3o: 18\/09\/2024<\/span><br style=\"color: #000000; font-family: Arial, sans-serif; font-size: 18px;\" \/><br style=\"color: #000000; font-family: Arial, sans-serif; font-size: 18px;\" \/><b style=\"color: #000000; font-family: Arial, sans-serif; font-size: 18px;\">A MinhaPortaria se obriga, nos termos da legisla\u00e7\u00e3o em vigor, a garantir a privacidade dos usu\u00e1rios dos seus produtos e servi\u00e7os. Esta Pol\u00edtica de Privacidade explica os processos de dados pessoais da MinhaPortaria, compreendendo a forma como a MinhaPortaria os coleta, utiliza e para que fins.<\/b><\/p><p><b style=\"color: #000000; font-family: Arial, sans-serif; font-size: 18px;\">MinhaPortaria.Com \u00e9 uma marca registrada no INPI pertencente a empresa FocusAlarm Servi\u00e7os de Seguran\u00e7a Eletr\u00f4nica LTDA de CNPJ: 07.941.364\/0001-15 .<\/b><\/p><p><span style=\"color: #000000; font-family: Arial, sans-serif; font-size: 18px;\">A MinhaPortaria oferece uma grande variedade de servi\u00e7os. Deste modo, as refer\u00eancias aos produtos MinhaPortaria nesta Pol\u00edtica incluem sites, aplicativos, softwares e servi\u00e7os MinhaPortaria, al\u00e9m de outras plataformas por meio das quais a MinhaPortaria se relacione com os usu\u00e1rios e que exibam esta Pol\u00edtica.<\/span><br style=\"color: #000000; font-family: Arial, sans-serif; font-size: 18px;\" \/><br style=\"color: #000000; font-family: Arial, sans-serif; font-size: 18px;\" \/><span style=\"color: #000000; font-family: Arial, sans-serif; font-size: 18px;\">Leia os detalhes espec\u00edficos nesta Pol\u00edtica de Privacidade, que fornece informa\u00e7\u00f5es importantes.<\/span><br style=\"color: #000000; font-family: Arial, sans-serif; font-size: 18px;\" \/><br style=\"color: #000000; font-family: Arial, sans-serif; font-size: 18px;\" \/><b style=\"color: #000000; font-family: Arial, sans-serif; font-size: 18px;\">1. Objetivo<\/b><br style=\"color: #000000; font-family: Arial, sans-serif; font-size: 18px;\" \/><span style=\"color: #000000; font-family: Arial, sans-serif; font-size: 18px;\">Pol\u00edtica de Privacidade de Dados foi criada para reafirmar o compromisso com a seguran\u00e7a, privacidade e a transpar\u00eancia no tratamento de dados pessoais.<\/span><br style=\"color: #000000; font-family: Arial, sans-serif; font-size: 18px;\" \/><br style=\"color: #000000; font-family: Arial, sans-serif; font-size: 18px;\" \/><b style=\"color: #000000; font-family: Arial, sans-serif; font-size: 18px;\">2. Quais dados pessoais s\u00e3o coletados?<\/b><br style=\"color: #000000; font-family: Arial, sans-serif; font-size: 18px;\" \/><span style=\"color: #000000; font-family: Arial, sans-serif; font-size: 18px;\">Os dados pessoais inseridos no software da MinhaPortaria ser\u00e3o imputados pelo controlador dos dados(condom\u00ednio ou empresa de monitoramento), neste caso, nossos clientes e\/ou representante legal ou pessoa autorizada. Sendo responsabilidade destes a obten\u00e7\u00e3o do consentimento dos titulares dos dados, ou seja, moradores, colaboradores ou visitantes de cada condom\u00ednio quando se fizer necess\u00e1rio.<\/span><br style=\"color: #000000; font-family: Arial, sans-serif; font-size: 18px;\" \/><br style=\"color: #000000; font-family: Arial, sans-serif; font-size: 18px;\" \/><span style=\"color: #000000; font-family: Arial, sans-serif; font-size: 18px;\">O Condom\u00ednio ou empresa de monitoramento deve coletar o m\u00ednimo de dados poss\u00edveis para realizar o seu servi\u00e7o, e para esse m\u00ednimo de dados ser\u00e1 necess\u00e1rio obter o consentimento do titular dos dados.<\/span><br style=\"color: #000000; font-family: Arial, sans-serif; font-size: 18px;\" \/><br style=\"color: #000000; font-family: Arial, sans-serif; font-size: 18px;\" \/><span style=\"color: #000000; font-family: Arial, sans-serif; font-size: 18px;\">Os dados pessoais, sens\u00edveis, bem como de crian\u00e7as e adolescentes coletados s\u00e3o somente aqueles essenciais para a presta\u00e7\u00e3o de servi\u00e7os previamente contratados por nossos clientes e\/ou seu representante legal. H\u00e1 de se ressaltar que os dados coletados e tratados poder\u00e3o variar de condom\u00ednio para condom\u00ednio de acordo com os servi\u00e7os contratados.<\/span><br style=\"color: #000000; font-family: Arial, sans-serif; font-size: 18px;\" \/><br style=\"color: #000000; font-family: Arial, sans-serif; font-size: 18px;\" \/><span style=\"color: #000000; font-family: Arial, sans-serif; font-size: 18px;\">Esta pol\u00edtica refere-se apenas aos dados imputados \u00fanica a exclusivamente atrav\u00e9s do software disponibilizado pela MinhaPortaria aos seus clientes e\/ou representantes legais.<\/span><br style=\"color: #000000; font-family: Arial, sans-serif; font-size: 18px;\" \/><br style=\"color: #000000; font-family: Arial, sans-serif; font-size: 18px;\" \/><b style=\"color: #000000; font-family: Arial, sans-serif; font-size: 18px;\">3. Crian\u00e7as e adolescentes<\/b><br style=\"color: #000000; font-family: Arial, sans-serif; font-size: 18px;\" \/><span style=\"color: #000000; font-family: Arial, sans-serif; font-size: 18px;\">Os dados de menores de 18 anos poder\u00e3o ser imputados no software desde que pelo menos 1 (um) dos pais ou respons\u00e1vel legal autorize, portanto, o respons\u00e1vel por menores dever\u00e3o autorizar o cadastro de dados dele(s).<\/span><br style=\"color: #000000; font-family: Arial, sans-serif; font-size: 18px;\" \/><br style=\"color: #000000; font-family: Arial, sans-serif; font-size: 18px;\" \/><b style=\"color: #000000; font-family: Arial, sans-serif; font-size: 18px;\">4. Para que finalidades utilizamos os dados pessoais?<\/b><br style=\"color: #000000; font-family: Arial, sans-serif; font-size: 18px;\" \/><span style=\"color: #000000; font-family: Arial, sans-serif; font-size: 18px;\">Os dados pessoais s\u00e3o coletados para fins de identifica\u00e7\u00e3o, autentica\u00e7\u00e3o e autoriza\u00e7\u00e3o de acesso; preven\u00e7\u00e3o e combate a crimes praticados por acesso indevido ao condom\u00ednio, problemas t\u00e9cnicos ou de seguran\u00e7a nos processos de identifica\u00e7\u00e3o e autentica\u00e7\u00e3o; e at\u00e9 mesmo a melhoria de servi\u00e7os e da sua experi\u00eancia. Dentre os dados coletados, podemos tratar dados sens\u00edveis, como biometria e fotografias, para fins de preven\u00e7\u00e3o de fraude e garantia de seguran\u00e7a dos servi\u00e7os contratados. A MinhaPortaria n\u00e3o divulga publicamente nem a terceiros suas informa\u00e7\u00f5es de modo que possam identific\u00e1-lo, mas pode faz\u00ea-lo cumprir obriga\u00e7\u00f5es judiciais, regulat\u00f3rias ou atender a legisla\u00e7\u00e3o vigente aplic\u00e1vel.<\/span><br style=\"color: #000000; font-family: Arial, sans-serif; font-size: 18px;\" \/><br style=\"color: #000000; font-family: Arial, sans-serif; font-size: 18px;\" \/><span style=\"color: #000000; font-family: Arial, sans-serif; font-size: 18px;\">Abaixo, est\u00e3o descritas as finalidades da coleta de dados:<\/span><br style=\"color: #000000; font-family: Arial, sans-serif; font-size: 18px;\" \/><br style=\"color: #000000; font-family: Arial, sans-serif; font-size: 18px;\" \/><span style=\"color: #000000; font-family: Arial, sans-serif; font-size: 18px;\">. Cadastro e identifica\u00e7\u00e3o para controle e monitoramento de acesso de pessoas e ve\u00edculos ao condom\u00ednio;<\/span><br style=\"color: #000000; font-family: Arial, sans-serif; font-size: 18px;\" \/><br style=\"color: #000000; font-family: Arial, sans-serif; font-size: 18px;\" \/><span style=\"color: #000000; font-family: Arial, sans-serif; font-size: 18px;\">. Permitir que somente pessoas autorizadas tenham acesso a entrar no condom\u00ednio;<\/span><br style=\"color: #000000; font-family: Arial, sans-serif; font-size: 18px;\" \/><br style=\"color: #000000; font-family: Arial, sans-serif; font-size: 18px;\" \/><span style=\"color: #000000; font-family: Arial, sans-serif; font-size: 18px;\">. Facilitar e deixar mais seguro o acesso de moradores atrav\u00e9s de equipamento eletr\u00f4nicos de controle de acesso;<\/span><br style=\"color: #000000; font-family: Arial, sans-serif; font-size: 18px;\" \/><br style=\"color: #000000; font-family: Arial, sans-serif; font-size: 18px;\" \/><span style=\"color: #000000; font-family: Arial, sans-serif; font-size: 18px;\">. Elabora\u00e7\u00e3o de estat\u00edstica de acesso de moradores e visitantes ao condom\u00ednio;<\/span><br style=\"color: #000000; font-family: Arial, sans-serif; font-size: 18px;\" \/><br style=\"color: #000000; font-family: Arial, sans-serif; font-size: 18px;\" \/><span style=\"color: #000000; font-family: Arial, sans-serif; font-size: 18px;\">. Realiza\u00e7\u00e3o e efetiva\u00e7\u00e3o de Transa\u00e7\u00f5es no software\/app;<\/span><br style=\"color: #000000; font-family: Arial, sans-serif; font-size: 18px;\" \/><br style=\"color: #000000; font-family: Arial, sans-serif; font-size: 18px;\" \/><span style=\"color: #000000; font-family: Arial, sans-serif; font-size: 18px;\">. Apoio \u00e0 tomada de decis\u00e3o estrat\u00e9gica, com a metrifica\u00e7\u00e3o dos dados e an\u00e1lise de padr\u00f5es de utiliza\u00e7\u00e3o;<\/span><br style=\"color: #000000; font-family: Arial, sans-serif; font-size: 18px;\" \/><br style=\"color: #000000; font-family: Arial, sans-serif; font-size: 18px;\" \/><span style=\"color: #000000; font-family: Arial, sans-serif; font-size: 18px;\">. Notificar moradores, gestores e funcion\u00e1rios sobre ocorr\u00eancias, recados e acessos;<\/span><br style=\"color: #000000; font-family: Arial, sans-serif; font-size: 18px;\" \/><br style=\"color: #000000; font-family: Arial, sans-serif; font-size: 18px;\" \/><span style=\"color: #000000; font-family: Arial, sans-serif; font-size: 18px;\">. Cumprir com as obriga\u00e7\u00f5es advindas da lei e assumidas no \u00e2mbito da contrata\u00e7\u00e3o dos Servi\u00e7os e\/ou do acesso e utiliza\u00e7\u00e3o \u00e0 Plataforma;<\/span><br style=\"color: #000000; font-family: Arial, sans-serif; font-size: 18px;\" \/><br style=\"color: #000000; font-family: Arial, sans-serif; font-size: 18px;\" \/><b style=\"color: #000000; font-family: Arial, sans-serif; font-size: 18px;\">5. Compartilhamento de dados pessoais<\/b><br style=\"color: #000000; font-family: Arial, sans-serif; font-size: 18px;\" \/><span style=\"color: #000000; font-family: Arial, sans-serif; font-size: 18px;\">Caso exista necessidade de compartilhamento e integra\u00e7\u00e3o com software de terceiros, ser\u00e1 necess\u00e1rio que o condom\u00ednio ou empresa de monitoramento fa\u00e7a a solicita\u00e7\u00e3o do consentimento do titular dos dados. Toda e qualquer informa\u00e7\u00e3o poder\u00e1 ser fornecida para atendimento de obriga\u00e7\u00e3o judicial ou regulat\u00f3rio sem pr\u00e9vio aviso as partes.<\/span><br style=\"color: #000000; font-family: Arial, sans-serif; font-size: 18px;\" \/><br style=\"color: #000000; font-family: Arial, sans-serif; font-size: 18px;\" \/><b style=\"color: #000000; font-family: Arial, sans-serif; font-size: 18px;\">6. Reten\u00e7\u00e3o de dados<\/b><br style=\"color: #000000; font-family: Arial, sans-serif; font-size: 18px;\" \/><span style=\"color: #000000; font-family: Arial, sans-serif; font-size: 18px;\">Seus dados pessoais ser\u00e3o retidos e mantidos em nosso banco de dados enquanto for necess\u00e1rio para prestar os servi\u00e7os contratados pelo condom\u00ednio ou empresa de monitoramento e tamb\u00e9m para fins de cumprimento de obriga\u00e7\u00f5es legais e solu\u00e7\u00e3o de disputas.<\/span><br style=\"color: #000000; font-family: Arial, sans-serif; font-size: 18px;\" \/><br style=\"color: #000000; font-family: Arial, sans-serif; font-size: 18px;\" \/><b style=\"color: #000000; font-family: Arial, sans-serif; font-size: 18px;\">7. Altera\u00e7\u00e3o\/exclus\u00e3o de informa\u00e7\u00f5es pessoais<\/b><br style=\"color: #000000; font-family: Arial, sans-serif; font-size: 18px;\" \/><span style=\"color: #000000; font-family: Arial, sans-serif; font-size: 18px;\">O titular dos dados poder\u00e1 realizar por aplicativo(se contratado) ou solicitar a revis\u00e3o e corre\u00e7\u00e3o e exclus\u00e3o de seus dados sem qualquer \u00f4nus e a qualquer tempo ao controlador dos dados, ou seja, o condom\u00ednio ou empresa de monitoramento contratante da MinhaPortaria, e este proceder\u00e1 com as altera\u00e7\u00f5es no software. Ao final da rela\u00e7\u00e3o comercial, vamos excluir todos os dados de nossa base e o condom\u00ednio ou empresa de monitoramento fica respons\u00e1vel por fazer ou solicitar uma c\u00f3pia dos dados necess\u00e1rios para cumprimento de obriga\u00e7\u00f5es legais.<\/span><br style=\"color: #000000; font-family: Arial, sans-serif; font-size: 18px;\" \/><br style=\"color: #000000; font-family: Arial, sans-serif; font-size: 18px;\" \/><span style=\"color: #000000; font-family: Arial, sans-serif; font-size: 18px;\">Os dados coletados pela MinhaPortaria ser\u00e3o exclu\u00eddos de nossos servidores quando voc\u00ea solicitar ou quando n\u00e3o forem mais necess\u00e1rios para a finalidade proposta, salvo se houver outro motivo para a sua manuten\u00e7\u00e3o, como o cumprimento de uma obriga\u00e7\u00e3o legal ou a necessidade de preserva\u00e7\u00e3o dos dados para assegurar o exerc\u00edcio de direitos da MinhaPortaria.<\/span><br style=\"color: #000000; font-family: Arial, sans-serif; font-size: 18px;\" \/><br style=\"color: #000000; font-family: Arial, sans-serif; font-size: 18px;\" \/><b style=\"color: #000000; font-family: Arial, sans-serif; font-size: 18px;\">8. Seguran\u00e7a dos dados<\/b><br style=\"color: #000000; font-family: Arial, sans-serif; font-size: 18px;\" \/><span style=\"color: #000000; font-family: Arial, sans-serif; font-size: 18px;\">A MinhaPortaria est\u00e1 empenhada em garantir a prote\u00e7\u00e3o e a confidencialidade dos dados aos quais venha a ter acesso, em especial no que diz respeito aos dados pessoais, de acordo com os fundamentos, princ\u00edpios e demais disposi\u00e7\u00f5es previstas na Lei Geral de Prote\u00e7\u00e3o de Dados e demais legisla\u00e7\u00e3o aplic\u00e1vel.<\/span><br style=\"color: #000000; font-family: Arial, sans-serif; font-size: 18px;\" \/><br style=\"color: #000000; font-family: Arial, sans-serif; font-size: 18px;\" \/><span style=\"color: #000000; font-family: Arial, sans-serif; font-size: 18px;\">Com a finalidade de garantir a sua privacidade e a prote\u00e7\u00e3o dos seus dados pessoais, adotamos as melhores pr\u00e1ticas de seguran\u00e7a da informa\u00e7\u00e3o e desenvolvimento seguro existentes no mercado, ou seja, desenhamos produtos e servi\u00e7os que promovem a prote\u00e7\u00e3o dos seus dados e nos quais voc\u00ea pode gerenciar as suas informa\u00e7\u00f5es diretamente. E aliado a esse conceito, adotamos pr\u00e1ticas de criptografia em senhas e demais informa\u00e7\u00f5es cr\u00edticas, contrata\u00e7\u00e3o de servi\u00e7os cloud com certifica\u00e7\u00f5es e selos de seguran\u00e7a, como ISO 27001, SOC 1 and SOC 2\/SSAE 16\/ISAE 3402 e PCI DSS, monitoramento de sistemas 24\/7, Anti-malware, Anti-phishing, controle de conte\u00fado e VPN.<\/span><br style=\"color: #000000; font-family: Arial, sans-serif; font-size: 18px;\" \/><br style=\"color: #000000; font-family: Arial, sans-serif; font-size: 18px;\" \/><span style=\"color: #000000; font-family: Arial, sans-serif; font-size: 18px;\">O Software est\u00e1 hospedado em um datacenter com uma equipe de mais de 3.500 especialistas em seguran\u00e7a cibern\u00e9tica global que trabalham juntos proteger seus dados.<\/span><br style=\"color: #000000; font-family: Arial, sans-serif; font-size: 18px;\" \/><br style=\"color: #000000; font-family: Arial, sans-serif; font-size: 18px;\" \/><span style=\"color: #000000; font-family: Arial, sans-serif; font-size: 18px;\">Seguran\u00e7a moderna fornecida nos data centers globalmente. Nuvem criada com hardware personalizado e que tem controles de seguran\u00e7a integrados aos componentes de hardware e de firmware, bem como prote\u00e7\u00f5es adicionais contra amea\u00e7as como ataques DDoS.<\/span><br style=\"color: #000000; font-family: Arial, sans-serif; font-size: 18px;\" \/><br style=\"color: #000000; font-family: Arial, sans-serif; font-size: 18px;\" \/><span style=\"color: #000000; font-family: Arial, sans-serif; font-size: 18px;\">Nosso software utiliza medidas t\u00e9cnicas e administrativas para proteger os dados pessoais de acessos n\u00e3o autorizados e de situa\u00e7\u00f5es acidentais ou il\u00edcitas de destrui\u00e7\u00e3o ou perda.<\/span><br style=\"color: #000000; font-family: Arial, sans-serif; font-size: 18px;\" \/><br style=\"color: #000000; font-family: Arial, sans-serif; font-size: 18px;\" \/><span style=\"color: #000000; font-family: Arial, sans-serif; font-size: 18px;\">Nossa solu\u00e7\u00e3o \u00e9 baseada em ambiente WEB e utiliza certificado SSL para comunica\u00e7\u00f5es seguras na internet.<\/span><br style=\"color: #000000; font-family: Arial, sans-serif; font-size: 18px;\" \/><br style=\"color: #000000; font-family: Arial, sans-serif; font-size: 18px;\" \/><span style=\"color: #000000; font-family: Arial, sans-serif; font-size: 18px;\">Os Backups do banco de dados s\u00e3o criptografados em tr\u00e2nsito e em repouso.<\/span><br style=\"color: #000000; font-family: Arial, sans-serif; font-size: 18px;\" \/><br style=\"color: #000000; font-family: Arial, sans-serif; font-size: 18px;\" \/><span style=\"color: #000000; font-family: Arial, sans-serif; font-size: 18px;\">N\u00f3s nos esfor\u00e7amos para proteger a privacidade de sua conta e de outros dados pessoais que mantemos seus em nossos registros, por isso, nos ajude a manter um ambiente seguro para todos. Al\u00e9m de adotar boas pr\u00e1ticas de seguran\u00e7a em rela\u00e7\u00e3o a sua conta e aos seus dados, caso voc\u00ea identifique ou tome conhecimento de algo que comprometa a seguran\u00e7a dos seus dados, voc\u00ea pode entrar em contato com o controlador (condom\u00ednio ou empresa de monitoramento).<\/span><br style=\"color: #000000; font-family: Arial, sans-serif; font-size: 18px;\" \/><br style=\"color: #000000; font-family: Arial, sans-serif; font-size: 18px;\" \/><b style=\"color: #000000; font-family: Arial, sans-serif; font-size: 18px;\">09. Vazamento de dados<\/b><br style=\"color: #000000; font-family: Arial, sans-serif; font-size: 18px;\" \/><span style=\"color: #000000; font-family: Arial, sans-serif; font-size: 18px;\">Nossa pol\u00edtica de seguran\u00e7a de dados visa evitar o vazamento de dados, por\u00e9m caso o mesmo aconte\u00e7a, ser\u00e1 comunicado ao condom\u00ednio\/empresa e tamb\u00e9m \u00e0 Autoridade Nacional de Prote\u00e7\u00e3o de Dados.<\/span><br style=\"color: #000000; font-family: Arial, sans-serif; font-size: 18px;\" \/><br style=\"color: #000000; font-family: Arial, sans-serif; font-size: 18px;\" \/><b style=\"color: #000000; font-family: Arial, sans-serif; font-size: 18px;\">10. Refer\u00eancias<\/b><span style=\"color: #000000; font-family: Arial, sans-serif; font-size: 18px;\">\u00a0Lei n\u00b0 13.709\/2018 &#8211; Lei Geral de Prote\u00e7\u00e3o de Dados<\/span><\/p><p><span style=\"color: #000000; font-family: Arial, sans-serif; font-size: 18px;\">\u00a0<\/span><\/p><p><span style=\"color: #000000; font-family: Arial, sans-serif; font-size: 18px;\">\u00a0<\/span><span style=\"font-weight: bold; color: #000000; font-family: Arial, sans-serif; font-size: 18px;\">11. CONTATO<\/span><b><span style=\"color: #000000; font-family: Arial, sans-serif; font-size: 18px;\">\u00a0e D\u00daVIDAS<\/span><span style=\"color: #000000; font-family: Arial, sans-serif; font-size: 18px;\">, ligue para o nosso 08007721148, deixe seu telefone, nome, demais dados de contato\u00a0<\/span><span style=\"color: #000000; font-family: Arial, sans-serif; font-size: 18px;\">e diga a respeito do que se trata <\/span><span style=\"color: #000000; font-family: Arial, sans-serif; font-size: 18px;\">que nossa equipe jur\u00eddica entrar\u00e1 em contato em no m\u00e1ximo 48 \u00fateis<\/span><\/b><\/p><p><b><span style=\"color: #000000; font-family: Arial, sans-serif; font-size: 18px;\">12.\u00a0<\/span><\/b><span style=\"color: #000000; font-family: Arial, sans-serif;\"><span style=\"font-size: 18px;\"><b>DPO: Walter Uvo &#8211; Para exercer seus direitos ou obter mais informa\u00e7\u00f5es, entre em contato atrav\u00e9s do e-mail dpo@minhaportaria.com ou pelo telefone 0800 772 1148<\/b><\/span><\/span><\/p><p>\u00a0<\/p>\t\t\t\t\t\t<\/div>\n\t\t\t\t<\/div>\n\t\t\t\t\t<\/div>\n\t\t<\/div>\n\t\t\t\t\t<\/div>\n\t\t<\/section>\n\t\t\t\t<\/div>","protected":false},"excerpt":{"rendered":"<p>Data de atualiza\u00e7\u00e3o: 18\/09\/2024A MinhaPortaria se obriga, nos termos da legisla\u00e7\u00e3o em vigor, a garantir a privacidade dos usu\u00e1rios dos seus produtos e servi\u00e7os. Esta Pol\u00edtica de Privacidade explica os processos de dados pessoais da MinhaPortaria, compreendendo a forma como a MinhaPortaria os coleta, utiliza e para que fins. MinhaPortaria.Com \u00e9 uma marca registrada no [&hellip;]<\/p>","protected":false},"author":19,"featured_media":4880,"comment_status":"open","ping_status":"open","sticky":false,"template":"","format":"standard","meta":{"footnotes":""},"categories":[26],"tags":[590],"class_list":["post-4869","post","type-post","status-publish","format-standard","has-post-thumbnail","hentry","category-administracao","tag-politica-de-privacidade-de-dados-da-minhaportaria-com"],"yoast_head":"<!-- This site is optimized with the Yoast SEO plugin v23.5 - https:\/\/yoast.com\/wordpress\/plugins\/seo\/ -->\n<title>Pol\u00edtica de Privacidade de Dados | Minha Portaria<\/title>\n<meta name=\"robots\" content=\"index, follow, max-snippet:-1, max-image-preview:large, max-video-preview:-1\" \/>\n<link rel=\"canonical\" href=\"https:\/\/minhaportaria.com\/en\/administracao\/politica_de_privacidade_de_dados\/\" \/>\n<meta property=\"og:locale\" content=\"en_US\" \/>\n<meta property=\"og:type\" content=\"article\" \/>\n<meta property=\"og:title\" content=\"Pol\u00edtica de Privacidade de Dados | Minha Portaria\" \/>\n<meta property=\"og:description\" content=\"Data de atualiza\u00e7\u00e3o: 18\/09\/2024A MinhaPortaria se obriga, nos termos da legisla\u00e7\u00e3o em vigor, a garantir a privacidade dos usu\u00e1rios dos seus produtos e servi\u00e7os. Esta Pol\u00edtica de Privacidade explica os processos de dados pessoais da MinhaPortaria, compreendendo a forma como a MinhaPortaria os coleta, utiliza e para que fins. MinhaPortaria.Com \u00e9 uma marca registrada no [&hellip;]\" \/>\n<meta property=\"og:url\" content=\"https:\/\/minhaportaria.com\/en\/administracao\/politica_de_privacidade_de_dados\/\" \/>\n<meta property=\"og:site_name\" content=\"Minha Portaria\" \/>\n<meta property=\"article:published_time\" content=\"2024-09-18T20:11:22+00:00\" \/>\n<meta property=\"article:modified_time\" content=\"2024-11-22T02:33:25+00:00\" \/>\n<meta property=\"og:image\" content=\"https:\/\/minhaportaria.com\/wp-content\/uploads\/2024\/09\/privacidade.jpg\" \/>\n\t<meta property=\"og:image:width\" content=\"311\" \/>\n\t<meta property=\"og:image:height\" content=\"162\" \/>\n\t<meta property=\"og:image:type\" content=\"image\/jpeg\" \/>\n<meta name=\"author\" content=\"walter mind\" \/>\n<meta name=\"twitter:card\" content=\"summary_large_image\" \/>\n<meta name=\"twitter:label1\" content=\"Written by\" \/>\n\t<meta name=\"twitter:data1\" content=\"walter mind\" \/>\n\t<meta name=\"twitter:label2\" content=\"Est. reading time\" \/>\n\t<meta name=\"twitter:data2\" content=\"6 minutes\" \/>\n<script type=\"application\/ld+json\" class=\"yoast-schema-graph\">{\"@context\":\"https:\/\/schema.org\",\"@graph\":[{\"@type\":\"Article\",\"@id\":\"https:\/\/minhaportaria.com\/administracao\/politica_de_privacidade_de_dados\/#article\",\"isPartOf\":{\"@id\":\"https:\/\/minhaportaria.com\/administracao\/politica_de_privacidade_de_dados\/\"},\"author\":{\"name\":\"walter mind\",\"@id\":\"https:\/\/minhaportaria.com\/#\/schema\/person\/55bf2909410a3577eabe76d8c3cdc10a\"},\"headline\":\"Pol\u00edtica de Privacidade de Dados\",\"datePublished\":\"2024-09-18T20:11:22+00:00\",\"dateModified\":\"2024-11-22T02:33:25+00:00\",\"mainEntityOfPage\":{\"@id\":\"https:\/\/minhaportaria.com\/administracao\/politica_de_privacidade_de_dados\/\"},\"wordCount\":1460,\"commentCount\":0,\"publisher\":{\"@id\":\"https:\/\/minhaportaria.com\/#organization\"},\"image\":{\"@id\":\"https:\/\/minhaportaria.com\/administracao\/politica_de_privacidade_de_dados\/#primaryimage\"},\"thumbnailUrl\":\"https:\/\/minhaportaria.com\/wp-content\/uploads\/2024\/09\/privacidade.jpg\",\"keywords\":[\"Pol\u00edtica de Privacidade de Dados da MinhaPortaria.Com\"],\"articleSection\":[\"Administra\u00e7\u00e3o\"],\"inLanguage\":\"en-US\",\"potentialAction\":[{\"@type\":\"CommentAction\",\"name\":\"Comment\",\"target\":[\"https:\/\/minhaportaria.com\/administracao\/politica_de_privacidade_de_dados\/#respond\"]}]},{\"@type\":\"WebPage\",\"@id\":\"https:\/\/minhaportaria.com\/administracao\/politica_de_privacidade_de_dados\/\",\"url\":\"https:\/\/minhaportaria.com\/administracao\/politica_de_privacidade_de_dados\/\",\"name\":\"Pol\u00edtica de Privacidade de Dados | Minha Portaria\",\"isPartOf\":{\"@id\":\"https:\/\/minhaportaria.com\/#website\"},\"primaryImageOfPage\":{\"@id\":\"https:\/\/minhaportaria.com\/administracao\/politica_de_privacidade_de_dados\/#primaryimage\"},\"image\":{\"@id\":\"https:\/\/minhaportaria.com\/administracao\/politica_de_privacidade_de_dados\/#primaryimage\"},\"thumbnailUrl\":\"https:\/\/minhaportaria.com\/wp-content\/uploads\/2024\/09\/privacidade.jpg\",\"datePublished\":\"2024-09-18T20:11:22+00:00\",\"dateModified\":\"2024-11-22T02:33:25+00:00\",\"breadcrumb\":{\"@id\":\"https:\/\/minhaportaria.com\/administracao\/politica_de_privacidade_de_dados\/#breadcrumb\"},\"inLanguage\":\"en-US\",\"potentialAction\":[{\"@type\":\"ReadAction\",\"target\":[\"https:\/\/minhaportaria.com\/administracao\/politica_de_privacidade_de_dados\/\"]}]},{\"@type\":\"ImageObject\",\"inLanguage\":\"en-US\",\"@id\":\"https:\/\/minhaportaria.com\/administracao\/politica_de_privacidade_de_dados\/#primaryimage\",\"url\":\"https:\/\/minhaportaria.com\/wp-content\/uploads\/2024\/09\/privacidade.jpg\",\"contentUrl\":\"https:\/\/minhaportaria.com\/wp-content\/uploads\/2024\/09\/privacidade.jpg\",\"width\":311,\"height\":162,\"caption\":\"privacidade\"},{\"@type\":\"BreadcrumbList\",\"@id\":\"https:\/\/minhaportaria.com\/administracao\/politica_de_privacidade_de_dados\/#breadcrumb\",\"itemListElement\":[{\"@type\":\"ListItem\",\"position\":1,\"name\":\"Home\",\"item\":\"https:\/\/minhaportaria.com\/\"},{\"@type\":\"ListItem\",\"position\":2,\"name\":\"Administra\u00e7\u00e3o\",\"item\":\"http:\/\/minhaportaria.com\/en\/category\/administracao\/\"},{\"@type\":\"ListItem\",\"position\":3,\"name\":\"Pol\u00edtica de Privacidade de Dados\"}]},{\"@type\":\"WebSite\",\"@id\":\"https:\/\/minhaportaria.com\/#website\",\"url\":\"https:\/\/minhaportaria.com\/\",\"name\":\"Minha Portaria\",\"description\":\"\",\"publisher\":{\"@id\":\"https:\/\/minhaportaria.com\/#organization\"},\"potentialAction\":[{\"@type\":\"SearchAction\",\"target\":{\"@type\":\"EntryPoint\",\"urlTemplate\":\"https:\/\/minhaportaria.com\/?s={search_term_string}\"},\"query-input\":{\"@type\":\"PropertyValueSpecification\",\"valueRequired\":true,\"valueName\":\"search_term_string\"}}],\"inLanguage\":\"en-US\"},{\"@type\":\"Organization\",\"@id\":\"https:\/\/minhaportaria.com\/#organization\",\"name\":\"Minha Portaria\",\"url\":\"https:\/\/minhaportaria.com\/\",\"logo\":{\"@type\":\"ImageObject\",\"inLanguage\":\"en-US\",\"@id\":\"https:\/\/minhaportaria.com\/#\/schema\/logo\/image\/\",\"url\":\"https:\/\/minhaportaria.com\/wp-content\/uploads\/2021\/01\/logo-home-175854.png\",\"contentUrl\":\"https:\/\/minhaportaria.com\/wp-content\/uploads\/2021\/01\/logo-home-175854.png\",\"width\":134,\"height\":62,\"caption\":\"Minha Portaria \"},\"image\":{\"@id\":\"https:\/\/minhaportaria.com\/#\/schema\/logo\/image\/\"}},{\"@type\":\"Person\",\"@id\":\"https:\/\/minhaportaria.com\/#\/schema\/person\/55bf2909410a3577eabe76d8c3cdc10a\",\"name\":\"walter mind\",\"image\":{\"@type\":\"ImageObject\",\"inLanguage\":\"en-US\",\"@id\":\"https:\/\/minhaportaria.com\/#\/schema\/person\/image\/\",\"url\":\"https:\/\/secure.gravatar.com\/avatar\/3c177a4600b70dd8da3e9a1a1f04baeb?s=96&d=mm&r=g\",\"contentUrl\":\"https:\/\/secure.gravatar.com\/avatar\/3c177a4600b70dd8da3e9a1a1f04baeb?s=96&d=mm&r=g\",\"caption\":\"walter mind\"},\"url\":\"https:\/\/minhaportaria.com\/en\/author\/walter\/\"}]}<\/script>\n<!-- \/ Yoast SEO plugin. -->","yoast_head_json":{"title":"Pol\u00edtica de Privacidade de Dados | Minha Portaria","robots":{"index":"index","follow":"follow","max-snippet":"max-snippet:-1","max-image-preview":"max-image-preview:large","max-video-preview":"max-video-preview:-1"},"canonical":"https:\/\/minhaportaria.com\/en\/administracao\/politica_de_privacidade_de_dados\/","og_locale":"en_US","og_type":"article","og_title":"Pol\u00edtica de Privacidade de Dados | Minha Portaria","og_description":"Data de atualiza\u00e7\u00e3o: 18\/09\/2024A MinhaPortaria se obriga, nos termos da legisla\u00e7\u00e3o em vigor, a garantir a privacidade dos usu\u00e1rios dos seus produtos e servi\u00e7os. Esta Pol\u00edtica de Privacidade explica os processos de dados pessoais da MinhaPortaria, compreendendo a forma como a MinhaPortaria os coleta, utiliza e para que fins. MinhaPortaria.Com \u00e9 uma marca registrada no [&hellip;]","og_url":"https:\/\/minhaportaria.com\/en\/administracao\/politica_de_privacidade_de_dados\/","og_site_name":"Minha Portaria","article_published_time":"2024-09-18T20:11:22+00:00","article_modified_time":"2024-11-22T02:33:25+00:00","og_image":[{"width":311,"height":162,"url":"https:\/\/minhaportaria.com\/wp-content\/uploads\/2024\/09\/privacidade.jpg","type":"image\/jpeg"}],"author":"walter mind","twitter_card":"summary_large_image","twitter_misc":{"Written by":"walter mind","Est. reading time":"6 minutes"},"schema":{"@context":"https:\/\/schema.org","@graph":[{"@type":"Article","@id":"https:\/\/minhaportaria.com\/administracao\/politica_de_privacidade_de_dados\/#article","isPartOf":{"@id":"https:\/\/minhaportaria.com\/administracao\/politica_de_privacidade_de_dados\/"},"author":{"name":"walter mind","@id":"https:\/\/minhaportaria.com\/#\/schema\/person\/55bf2909410a3577eabe76d8c3cdc10a"},"headline":"Pol\u00edtica de Privacidade de Dados","datePublished":"2024-09-18T20:11:22+00:00","dateModified":"2024-11-22T02:33:25+00:00","mainEntityOfPage":{"@id":"https:\/\/minhaportaria.com\/administracao\/politica_de_privacidade_de_dados\/"},"wordCount":1460,"commentCount":0,"publisher":{"@id":"https:\/\/minhaportaria.com\/#organization"},"image":{"@id":"https:\/\/minhaportaria.com\/administracao\/politica_de_privacidade_de_dados\/#primaryimage"},"thumbnailUrl":"https:\/\/minhaportaria.com\/wp-content\/uploads\/2024\/09\/privacidade.jpg","keywords":["Pol\u00edtica de Privacidade de Dados da MinhaPortaria.Com"],"articleSection":["Administra\u00e7\u00e3o"],"inLanguage":"en-US","potentialAction":[{"@type":"CommentAction","name":"Comment","target":["https:\/\/minhaportaria.com\/administracao\/politica_de_privacidade_de_dados\/#respond"]}]},{"@type":"WebPage","@id":"https:\/\/minhaportaria.com\/administracao\/politica_de_privacidade_de_dados\/","url":"https:\/\/minhaportaria.com\/administracao\/politica_de_privacidade_de_dados\/","name":"Pol\u00edtica de Privacidade de Dados | Minha Portaria","isPartOf":{"@id":"https:\/\/minhaportaria.com\/#website"},"primaryImageOfPage":{"@id":"https:\/\/minhaportaria.com\/administracao\/politica_de_privacidade_de_dados\/#primaryimage"},"image":{"@id":"https:\/\/minhaportaria.com\/administracao\/politica_de_privacidade_de_dados\/#primaryimage"},"thumbnailUrl":"https:\/\/minhaportaria.com\/wp-content\/uploads\/2024\/09\/privacidade.jpg","datePublished":"2024-09-18T20:11:22+00:00","dateModified":"2024-11-22T02:33:25+00:00","breadcrumb":{"@id":"https:\/\/minhaportaria.com\/administracao\/politica_de_privacidade_de_dados\/#breadcrumb"},"inLanguage":"en-US","potentialAction":[{"@type":"ReadAction","target":["https:\/\/minhaportaria.com\/administracao\/politica_de_privacidade_de_dados\/"]}]},{"@type":"ImageObject","inLanguage":"en-US","@id":"https:\/\/minhaportaria.com\/administracao\/politica_de_privacidade_de_dados\/#primaryimage","url":"https:\/\/minhaportaria.com\/wp-content\/uploads\/2024\/09\/privacidade.jpg","contentUrl":"https:\/\/minhaportaria.com\/wp-content\/uploads\/2024\/09\/privacidade.jpg","width":311,"height":162,"caption":"privacidade"},{"@type":"BreadcrumbList","@id":"https:\/\/minhaportaria.com\/administracao\/politica_de_privacidade_de_dados\/#breadcrumb","itemListElement":[{"@type":"ListItem","position":1,"name":"Home","item":"https:\/\/minhaportaria.com\/"},{"@type":"ListItem","position":2,"name":"Administra\u00e7\u00e3o","item":"http:\/\/minhaportaria.com\/en\/category\/administracao\/"},{"@type":"ListItem","position":3,"name":"Pol\u00edtica de Privacidade de Dados"}]},{"@type":"WebSite","@id":"https:\/\/minhaportaria.com\/#website","url":"https:\/\/minhaportaria.com\/","name":"Minha Portaria","description":"","publisher":{"@id":"https:\/\/minhaportaria.com\/#organization"},"potentialAction":[{"@type":"SearchAction","target":{"@type":"EntryPoint","urlTemplate":"https:\/\/minhaportaria.com\/?s={search_term_string}"},"query-input":{"@type":"PropertyValueSpecification","valueRequired":true,"valueName":"search_term_string"}}],"inLanguage":"en-US"},{"@type":"Organization","@id":"https:\/\/minhaportaria.com\/#organization","name":"Minha Portaria","url":"https:\/\/minhaportaria.com\/","logo":{"@type":"ImageObject","inLanguage":"en-US","@id":"https:\/\/minhaportaria.com\/#\/schema\/logo\/image\/","url":"https:\/\/minhaportaria.com\/wp-content\/uploads\/2021\/01\/logo-home-175854.png","contentUrl":"https:\/\/minhaportaria.com\/wp-content\/uploads\/2021\/01\/logo-home-175854.png","width":134,"height":62,"caption":"Minha Portaria "},"image":{"@id":"https:\/\/minhaportaria.com\/#\/schema\/logo\/image\/"}},{"@type":"Person","@id":"https:\/\/minhaportaria.com\/#\/schema\/person\/55bf2909410a3577eabe76d8c3cdc10a","name":"walter mind","image":{"@type":"ImageObject","inLanguage":"en-US","@id":"https:\/\/minhaportaria.com\/#\/schema\/person\/image\/","url":"https:\/\/secure.gravatar.com\/avatar\/3c177a4600b70dd8da3e9a1a1f04baeb?s=96&d=mm&r=g","contentUrl":"https:\/\/secure.gravatar.com\/avatar\/3c177a4600b70dd8da3e9a1a1f04baeb?s=96&d=mm&r=g","caption":"walter mind"},"url":"https:\/\/minhaportaria.com\/en\/author\/walter\/"}]}},"_links":{"self":[{"href":"https:\/\/minhaportaria.com\/en\/wp-json\/wp\/v2\/posts\/4869"}],"collection":[{"href":"https:\/\/minhaportaria.com\/en\/wp-json\/wp\/v2\/posts"}],"about":[{"href":"https:\/\/minhaportaria.com\/en\/wp-json\/wp\/v2\/types\/post"}],"author":[{"embeddable":true,"href":"https:\/\/minhaportaria.com\/en\/wp-json\/wp\/v2\/users\/19"}],"replies":[{"embeddable":true,"href":"https:\/\/minhaportaria.com\/en\/wp-json\/wp\/v2\/comments?post=4869"}],"version-history":[{"count":0,"href":"https:\/\/minhaportaria.com\/en\/wp-json\/wp\/v2\/posts\/4869\/revisions"}],"wp:featuredmedia":[{"embeddable":true,"href":"https:\/\/minhaportaria.com\/en\/wp-json\/wp\/v2\/media\/4880"}],"wp:attachment":[{"href":"https:\/\/minhaportaria.com\/en\/wp-json\/wp\/v2\/media?parent=4869"}],"wp:term":[{"taxonomy":"category","embeddable":true,"href":"https:\/\/minhaportaria.com\/en\/wp-json\/wp\/v2\/categories?post=4869"},{"taxonomy":"post_tag","embeddable":true,"href":"https:\/\/minhaportaria.com\/en\/wp-json\/wp\/v2\/tags?post=4869"}],"curies":[{"name":"wp","href":"https:\/\/api.w.org\/{rel}","templated":true}]}}