{"id":3278,"date":"2021-01-08T10:55:00","date_gmt":"2021-01-08T13:55:00","guid":{"rendered":"https:\/\/blog.minhaportaria.com\/?p=3278"},"modified":"2021-02-11T16:49:11","modified_gmt":"2021-02-11T19:49:11","slug":"aviso-previo-sindico","status":"publish","type":"post","link":"https:\/\/minhaportaria.com\/en\/administracao-de-condominios\/aviso-previo-sindico\/","title":{"rendered":"Aviso pr\u00e9vio: o que o s\u00edndico precisa saber"},"content":{"rendered":"<p><em><strong>No artigo de hoje, n\u00f3s iremos elencar as peculiaridades que um s\u00edndico precisa saber sobre aviso pr\u00e9vio<\/strong><\/em><\/p>\n<p><img fetchpriority=\"high\" decoding=\"async\" src=\"https:\/\/minhaportaria.com\/wp-content\/uploads\/2021\/01\/aviso-previo-funcionario-condominio.jpg\" alt=\"aviso pr\u00e9vio funcion\u00e1rio condom\u00ednio\" width=\"275\" height=\"183\" \/><\/p>\n<p>O condom\u00ednio, para funcionar plenamente, normalmente conta funcion\u00e1rios \u2013 sejam eles vinculados ao pr\u00e9dio ou terceirizados.<\/p>\n<p style=\"color: #000000; font-size: 20px; text-align: justify;\">Eles podem ser funcion\u00e1rios de portaria, de limpeza, de zeladoria e at\u00e9 mesmo de seguran\u00e7a privada, a depender do local e do porte do condom\u00ednio.<\/p>\n<p style=\"color: #000000; font-size: 20px; text-align: justify;\">Quando est\u00e3o sob responsabilidade do s\u00edndico, \u00e9 ele quem deve planejar as escalas, as f\u00e9rias, as substitui\u00e7\u00f5es, a organiza\u00e7\u00e3o da rotina de trabalho, a compra de materiais para desempenho das atividades, entre outras fun\u00e7\u00f5es.<\/p>\n<p style=\"color: #000000; font-size: 20px; text-align: justify;\">Mas, \u00e9 claro, como todo gestor de empresas, o s\u00edndico tamb\u00e9m pode se ver na necessidade de dispensar algum funcion\u00e1rio.<\/p>\n<p>Por conta disso, n\u00f3s elaboramos este artigo com os principais pontos sobre o aviso pr\u00e9vio. Confira!<\/p>\n<h2>O que \u00e9 o aviso pr\u00e9vio?<\/h2>\n<p>O aviso pr\u00e9vio \u00e9 a comunica\u00e7\u00e3o por escrito que uma das partes do contrato de trabalho (empregado ou empregador) informa a outra sobre o rompimento do acordo, sem justa causa.<\/p>\n<p style=\"color: #000000; font-size: 20px; text-align: justify;\">\u00c9 um direito garantido pela Consolida\u00e7\u00e3o das Leis do Trabalho tanto ao funcion\u00e1rio quanto ao empregador, para os contratos por tempo indeterminado e com carteira assinada.<\/p>\n<p style=\"color: #000000; font-size: 20px; text-align: justify;\">Esse direito ao desligamento do v\u00ednculo trabalhista deve ser informado \u00e0 parte interessada com pelo menos 30 dias de anteced\u00eancia.<\/p>\n<p><img decoding=\"async\" src=\"https:\/\/blog.minhaportaria.com\/wp-content\/uploads\/2021\/01\/aviso-previo-sindico-300x155.jpg\" sizes=\"(max-width: 300px) 100vw, 300px\" srcset=\"https:\/\/i1.wp.com\/blog.minhaportaria.com\/wp-content\/uploads\/2021\/01\/aviso-previo-sindico.jpg?resize=300%2C155&amp;ssl=1 300w, https:\/\/i1.wp.com\/blog.minhaportaria.com\/wp-content\/uploads\/2021\/01\/aviso-previo-sindico.jpg?w=640&amp;ssl=1 640w\" alt=\"aviso pr\u00e9vio s\u00edndico\" width=\"300\" height=\"155\" \/><\/p>\n<p>O aviso pr\u00e9vio possui a finalidade de dar \u00e0 parte tempo para tomar as provid\u00eancias necess\u00e1rias. Para o empregador, seria encontrar um novo funcion\u00e1rio. Para o empregado, seria encontrar um novo emprego.<\/p>\n<h2>Como o aviso pr\u00e9vio funciona?<\/h2>\n<p>Conforme mencionado acima, o pedido de rescis\u00e3o do contrato de trabalho pode partir do empregador ou do empregado.<\/p>\n<p style=\"color: #000000; font-size: 20px; text-align: justify;\">Quando for op\u00e7\u00e3o da empresa, ela poder\u00e1 escolher se o empregado deve cumprir o per\u00edodo do aviso pr\u00e9vio trabalhando ou se ele ser\u00e1 dispensado imediatamente.<\/p>\n<p style=\"color: #000000; font-size: 20px; text-align: justify;\">No caso de pedido de rescis\u00e3o por parte do empregado, ele deve formalizar seu pedido de demiss\u00e3o perante o empregador, cabendo \u00e0 empresa decidir se ele ir\u00e1 cumprir ou n\u00e3o o per\u00edodo do aviso pr\u00e9vio.<\/p>\n<p>Existem 3 tipos de aviso pr\u00e9vio: o aviso pr\u00e9vio trabalhado, indenizado ou cumprido em casa. Eles variam conforme a causa de desligamento do funcion\u00e1rio e a op\u00e7\u00e3o da pr\u00f3pria empresa. N\u00f3s explicaremos como cada um deles funciona abaixo.<\/p>\n<h3>Aviso pr\u00e9vio trabalhado<\/h3>\n<p>Nesta hip\u00f3tese, o empregado deve exercer as suas fun\u00e7\u00f5es na empresa durante o per\u00edodo do aviso pr\u00e9vio.<\/p>\n<p style=\"color: #000000; font-size: 20px; text-align: justify;\">Quando \u00e9 a empresa quem demite o funcion\u00e1rio e ela exigir que ele trabalhe durante esse per\u00edodo, o empregado tem direito a trabalhar duas horas a menos por dia, ou, ent\u00e3o, de n\u00e3o trabalhar por sete dias corridos ao final do prazo, para poder tomar provid\u00eancias e procurar um novo emprego. Se ele encontrar, estar\u00e1 liberado de cumprir o resto do aviso pr\u00e9vio.<\/p>\n<p style=\"color: #000000; font-size: 20px; text-align: justify;\">Neste caso, se o funcion\u00e1rio faltar ou n\u00e3o cumprir esse per\u00edodo, ele pode ter o sal\u00e1rio descontado no momento de calcular o valor da sua rescis\u00e3o. O valor deve ser pago ap\u00f3s o \u00faltimo dia do aviso pr\u00e9vio.<\/p>\n<p style=\"color: #000000; font-size: 20px; text-align: justify;\">J\u00e1 no caso em que o funcion\u00e1rio que pede demiss\u00e3o, ele pode fazer um acordo com a empresa para cumprir o aviso pr\u00e9vio de forma trabalhada, de modo que ir\u00e1 receber sal\u00e1rio por esse per\u00edodo, com valor proporcional \u00e0s f\u00e9rias e ao d\u00e9cimo terceiro sal\u00e1rio.<\/p>\n<p>Igual \u00e0 hip\u00f3tese anterior, a rescis\u00e3o ser\u00e1 paga ap\u00f3s o \u00faltimo dia do aviso pr\u00e9vio.<\/p>\n<h3>Aviso pr\u00e9vio indenizado<\/h3>\n<p>Neste caso, n\u00e3o h\u00e1 necessidade de trabalhar durante o per\u00edodo do aviso pr\u00e9vio.<\/p>\n<p style=\"color: #000000; font-size: 20px; text-align: justify;\">Se foi a empresa quem demitiu e ela n\u00e3o quer que o funcion\u00e1rio trabalhe no aviso pr\u00e9vio, ela deve pagar o sal\u00e1rio integral desse per\u00edodo mesmo assim. O pagamento deve ser feito em 10 dias corridos ap\u00f3s a data do desligamento.<\/p>\n<p><img decoding=\"async\" src=\"https:\/\/blog.minhaportaria.com\/wp-content\/uploads\/2021\/01\/aviso-previo.jpg\" alt=\"\" width=\"300\" height=\"168\" \/><\/p>\n<p>Se foi o empregado quem pediu demiss\u00e3o e ele n\u00e3o puder trabalhar no per\u00edodo do aviso pr\u00e9vio, dever\u00e1 pagar a multa de rescis\u00e3o, que ser\u00e1 descontada do valor do acerto. A cobran\u00e7a da multa \u00e9 facultativa por parte do empregador.<\/p>\n<h3>Aviso pr\u00e9vio cumprido em casa<\/h3>\n<p>Essa situa\u00e7\u00e3o n\u00e3o \u00e9 prevista em lei, apesar de bastante corriqueira.<\/p>\n<p style=\"color: #000000; font-size: 20px; text-align: justify;\">Ela ocorre nos casos de acordo demissional, em que a empresa pede ao funcion\u00e1rio cumpra o per\u00edodo do aviso pr\u00e9vio em casa, sem ir para o trabalho.<\/p>\n<p style=\"color: #000000; font-size: 20px; text-align: justify;\">Desta forma, as atividades profissionais s\u00e3o feitas de casa.<\/p>\n<p>Essa \u00e9 uma op\u00e7\u00e3o que acaba sendo escolhida pelas empresas para que tenham mais tempo de prazo para pagar o valor da rescis\u00e3o, pois, caso contr\u00e1rio, o pagamento deveria ser feito em 10 dias ap\u00f3s a demiss\u00e3o.<\/p>\n<h3>E o aviso pr\u00e9vio proporcional?<\/h3>\n<p>Foi criado com a Lei 12.506\/2011, a qual determina que, al\u00e9m dos 30 dias do aviso pr\u00e9vio, podem ser acrescentados mais 3 dias para cada ano completo de trabalho na empresa.<\/p>\n<p style=\"color: #000000; font-size: 20px; text-align: justify;\">O limite que se pode alcan\u00e7ar \u00e9 de 90 dias de aviso pr\u00e9vio (per\u00edodo total).<\/p>\n<p>O pagamento do aviso pr\u00e9vio proporcional \u00e9 obrigat\u00f3rio nos casos em que o empregador manda o empregado embora sem justa causa. Se for o funcion\u00e1rio quem pede demiss\u00e3o, ele n\u00e3o paga e nem recebe o valor do aviso pr\u00e9vio, apenas deve cumprir os 30 dias de aviso.<\/p>\n<h2>O aviso pr\u00e9vio pode ser cancelado?<\/h2>\n<p>Sim, a lei permite que o aviso pr\u00e9vio seja cancelado, caso haja concord\u00e2ncia da outra parte.<\/p>\n<p>Nestes casos, o contrato de trabalho continua em vigor, como se n\u00e3o tivesse havido o aviso pr\u00e9vio.<\/p>\n<p>A \u00fanica coisa que precisa ser negociada \u00e9 a devolu\u00e7\u00e3o do valor da rescis\u00e3o, caso j\u00e1 tenha sido paga pela empresa.<\/p>\n<h2>Qual o valor do aviso pr\u00e9vio?<\/h2>\n<p>Para saber qual o valor do aviso pr\u00e9vio que o funcion\u00e1rio ir\u00e1 receber, deve incluir em seu c\u00e1lculo:<\/p>\n<ul style=\"color: #000000; font-size: 20px; text-align: justify;\">\n<li>Sal\u00e1rio<\/li>\n<li>Gratifica\u00e7\u00e3o de fun\u00e7\u00e3o, quando for o caso<\/li>\n<li>Comiss\u00f5es<\/li>\n<li>Horas extras habituais<\/li>\n<li>Adicionais (tais como periculosidade, insalubridade, noturno)<\/li>\n<\/ul>\n<p><img loading=\"lazy\" decoding=\"async\" src=\"https:\/\/blog.minhaportaria.com\/wp-content\/uploads\/2021\/01\/aviso-previo-proporcional-300x155.jpg\" sizes=\"(max-width: 300px) 100vw, 300px\" srcset=\"https:\/\/i2.wp.com\/blog.minhaportaria.com\/wp-content\/uploads\/2021\/01\/aviso-previo-proporcional.jpg?resize=300%2C155&amp;ssl=1 300w, https:\/\/i2.wp.com\/blog.minhaportaria.com\/wp-content\/uploads\/2021\/01\/aviso-previo-proporcional.jpg?w=312&amp;ssl=1 312w\" alt=\"valor do aviso pr\u00e9vio\" width=\"300\" height=\"155\" \/><\/p>\n<p style=\"color: #000000; font-size: 20px; text-align: justify;\">Em outras palavras, o aviso pr\u00e9vio corresponde ao valor da \u00faltima remunera\u00e7\u00e3o do empregado, contemplando todos os itens acima.<\/p>\n<p>Nesse c\u00e1lculo, n\u00e3o s\u00e3o inclu\u00eddos valores de gorjetas e comiss\u00f5es pagas por terceiros.<\/p>\n<h2>Quando o aviso pr\u00e9vio n\u00e3o se aplica?<\/h2>\n<p>N\u00e3o h\u00e1 incid\u00eancia de aviso pr\u00e9vio nos casos de demiss\u00e3o por justa causa, contratos de experi\u00eancia ou contratos por prazo determinado sem cl\u00e1usula que autorize a rescis\u00e3o antecipada por ambas as partes.<\/p>\n<p>Em contratos de presta\u00e7\u00e3o de servi\u00e7o (quando o funcion\u00e1rio \u00e9 &#8220;PJ&#8221;), o aviso pr\u00e9vio pode ser negociado entre as partes livremente, por n\u00e3o se submeter a todas as regras de um contrato de carteira assinada (CLT).<\/p>\n<h2>A estabilidade se aplica durante o aviso pr\u00e9vio?<\/h2>\n<p>O entendimento jur\u00eddico \u00e9 de que o aviso pr\u00e9vio faz parte do contrato de trabalho.<\/p>\n<p>Diante disso, os s\u00edndicos precisam se atentar.<\/p>\n<p>No caso de o empregado sofrer um acidente de trabalho durante o per\u00edodo do aviso pr\u00e9vio e precisar de afastamento pelo INSS, ele ter\u00e1 direito \u00e0 estabilidade de emprego ap\u00f3s receber alta.<\/p>\n<p>O mesmo acontece com a funcion\u00e1ria que engravidar durante o aviso pr\u00e9vio. Ela ter\u00e1 direito \u00e0 estabilidade at\u00e9 cinco meses ap\u00f3s o parto, com pagamento integral do seu sal\u00e1rio.<\/p>\n<p>O que voc\u00ea achou do nosso artigo de hoje? J\u00e1 conhecia todas as peculiaridades do aviso pr\u00e9vio? Conte para n\u00f3s nos coment\u00e1rios!<\/p>","protected":false},"excerpt":{"rendered":"<p>No artigo de hoje, n\u00f3s iremos elencar as peculiaridades que um s\u00edndico precisa saber sobre aviso pr\u00e9vio O condom\u00ednio, para funcionar plenamente, normalmente conta funcion\u00e1rios \u2013 sejam eles vinculados ao pr\u00e9dio ou terceirizados. Eles podem ser funcion\u00e1rios de portaria, de limpeza, de zeladoria e at\u00e9 mesmo de seguran\u00e7a privada, a depender do local e do [&hellip;]<\/p>","protected":false},"author":13,"featured_media":3293,"comment_status":"open","ping_status":"open","sticky":false,"template":"","format":"standard","meta":{"footnotes":""},"categories":[82,218],"tags":[586,587,588,100,240],"class_list":["post-3278","post","type-post","status-publish","format-standard","has-post-thumbnail","hentry","category-administracao-de-condominios","category-sindico","tag-aviso-previo","tag-aviso-previo-para-funcionarios","tag-passivo-trabalhista","tag-sindico","tag-sindico-profissional"],"yoast_head":"<!-- This site is optimized with the Yoast SEO plugin v23.5 - https:\/\/yoast.com\/wordpress\/plugins\/seo\/ -->\n<title>Aviso pr\u00e9vio: o que o s\u00edndico precisa saber | Minha Portaria<\/title>\n<meta name=\"description\" content=\"Voc\u00ea, s\u00edndico, sabe como funciona o aviso pr\u00e9vio para os funcion\u00e1rios do condom\u00ednio? Clique aqui e confira mais informa\u00e7\u00f5es!\" \/>\n<meta name=\"robots\" content=\"index, follow, max-snippet:-1, max-image-preview:large, max-video-preview:-1\" \/>\n<link rel=\"canonical\" href=\"https:\/\/minhaportaria.com\/en\/administracao-de-condominios\/aviso-previo-sindico\/\" \/>\n<meta property=\"og:locale\" content=\"en_US\" \/>\n<meta property=\"og:type\" content=\"article\" \/>\n<meta property=\"og:title\" content=\"Aviso pr\u00e9vio: o que o s\u00edndico precisa saber | Minha Portaria\" \/>\n<meta property=\"og:description\" content=\"Voc\u00ea, s\u00edndico, sabe como funciona o aviso pr\u00e9vio para os funcion\u00e1rios do condom\u00ednio? Clique aqui e confira mais informa\u00e7\u00f5es!\" \/>\n<meta property=\"og:url\" content=\"https:\/\/minhaportaria.com\/en\/administracao-de-condominios\/aviso-previo-sindico\/\" \/>\n<meta property=\"og:site_name\" content=\"Minha Portaria\" \/>\n<meta property=\"article:published_time\" content=\"2021-01-08T13:55:00+00:00\" \/>\n<meta property=\"article:modified_time\" content=\"2021-02-11T19:49:11+00:00\" \/>\n<meta property=\"og:image\" content=\"https:\/\/minhaportaria.com\/wp-content\/uploads\/2020\/12\/aviso-previo-funcionario-condominio-192051.jpg\" \/>\n\t<meta property=\"og:image:width\" content=\"275\" \/>\n\t<meta property=\"og:image:height\" content=\"183\" \/>\n\t<meta property=\"og:image:type\" content=\"image\/jpeg\" \/>\n<meta name=\"author\" content=\"Walter Uvo\" \/>\n<meta name=\"twitter:card\" content=\"summary_large_image\" \/>\n<meta name=\"twitter:label1\" content=\"Written by\" \/>\n\t<meta name=\"twitter:data1\" content=\"Walter Uvo\" \/>\n\t<meta name=\"twitter:label2\" content=\"Est. reading time\" \/>\n\t<meta name=\"twitter:data2\" content=\"6 minutes\" \/>\n<script type=\"application\/ld+json\" class=\"yoast-schema-graph\">{\"@context\":\"https:\/\/schema.org\",\"@graph\":[{\"@type\":\"Article\",\"@id\":\"https:\/\/minhaportaria.com\/en\/administracao-de-condominios\/aviso-previo-sindico\/#article\",\"isPartOf\":{\"@id\":\"https:\/\/minhaportaria.com\/en\/administracao-de-condominios\/aviso-previo-sindico\/\"},\"author\":{\"name\":\"Walter Uvo\",\"@id\":\"https:\/\/minhaportaria.com\/#\/schema\/person\/1b60f6ffb6cc2dbfd6334e412ca16faf\"},\"headline\":\"Aviso pr\u00e9vio: o que o s\u00edndico precisa saber\",\"datePublished\":\"2021-01-08T13:55:00+00:00\",\"dateModified\":\"2021-02-11T19:49:11+00:00\",\"mainEntityOfPage\":{\"@id\":\"https:\/\/minhaportaria.com\/en\/administracao-de-condominios\/aviso-previo-sindico\/\"},\"wordCount\":1297,\"commentCount\":0,\"publisher\":{\"@id\":\"https:\/\/minhaportaria.com\/#organization\"},\"image\":{\"@id\":\"https:\/\/minhaportaria.com\/en\/administracao-de-condominios\/aviso-previo-sindico\/#primaryimage\"},\"thumbnailUrl\":\"https:\/\/minhaportaria.com\/wp-content\/uploads\/2020\/12\/aviso-previo-funcionario-condominio-192051.jpg\",\"keywords\":[\"aviso pr\u00e9vio\",\"aviso pr\u00e9vio para funcion\u00e1rios\",\"passivo trabalhista\",\"sindico\",\"s\u00edndico profissional\"],\"articleSection\":[\"Administra\u00e7\u00e3o de Condom\u00ednios\",\"S\u00edndico\"],\"inLanguage\":\"en-US\",\"potentialAction\":[{\"@type\":\"CommentAction\",\"name\":\"Comment\",\"target\":[\"https:\/\/minhaportaria.com\/en\/administracao-de-condominios\/aviso-previo-sindico\/#respond\"]}]},{\"@type\":\"WebPage\",\"@id\":\"https:\/\/minhaportaria.com\/en\/administracao-de-condominios\/aviso-previo-sindico\/\",\"url\":\"https:\/\/minhaportaria.com\/en\/administracao-de-condominios\/aviso-previo-sindico\/\",\"name\":\"Aviso pr\u00e9vio: o que o s\u00edndico precisa saber | Minha Portaria\",\"isPartOf\":{\"@id\":\"https:\/\/minhaportaria.com\/#website\"},\"primaryImageOfPage\":{\"@id\":\"https:\/\/minhaportaria.com\/en\/administracao-de-condominios\/aviso-previo-sindico\/#primaryimage\"},\"image\":{\"@id\":\"https:\/\/minhaportaria.com\/en\/administracao-de-condominios\/aviso-previo-sindico\/#primaryimage\"},\"thumbnailUrl\":\"https:\/\/minhaportaria.com\/wp-content\/uploads\/2020\/12\/aviso-previo-funcionario-condominio-192051.jpg\",\"datePublished\":\"2021-01-08T13:55:00+00:00\",\"dateModified\":\"2021-02-11T19:49:11+00:00\",\"description\":\"Voc\u00ea, s\u00edndico, sabe como funciona o aviso pr\u00e9vio para os funcion\u00e1rios do condom\u00ednio? Clique aqui e confira mais informa\u00e7\u00f5es!\",\"breadcrumb\":{\"@id\":\"https:\/\/minhaportaria.com\/en\/administracao-de-condominios\/aviso-previo-sindico\/#breadcrumb\"},\"inLanguage\":\"en-US\",\"potentialAction\":[{\"@type\":\"ReadAction\",\"target\":[\"https:\/\/minhaportaria.com\/en\/administracao-de-condominios\/aviso-previo-sindico\/\"]}]},{\"@type\":\"ImageObject\",\"inLanguage\":\"en-US\",\"@id\":\"https:\/\/minhaportaria.com\/en\/administracao-de-condominios\/aviso-previo-sindico\/#primaryimage\",\"url\":\"https:\/\/minhaportaria.com\/wp-content\/uploads\/2020\/12\/aviso-previo-funcionario-condominio-192051.jpg\",\"contentUrl\":\"https:\/\/minhaportaria.com\/wp-content\/uploads\/2020\/12\/aviso-previo-funcionario-condominio-192051.jpg\",\"width\":275,\"height\":183,\"caption\":\"blog-sobre-portaria-remota-4\"},{\"@type\":\"BreadcrumbList\",\"@id\":\"https:\/\/minhaportaria.com\/en\/administracao-de-condominios\/aviso-previo-sindico\/#breadcrumb\",\"itemListElement\":[{\"@type\":\"ListItem\",\"position\":1,\"name\":\"Home\",\"item\":\"https:\/\/minhaportaria.com\/\"},{\"@type\":\"ListItem\",\"position\":2,\"name\":\"Administra\u00e7\u00e3o de Condom\u00ednios\",\"item\":\"https:\/\/minhaportaria.com\/en\/category\/administracao-de-condominios\/\"},{\"@type\":\"ListItem\",\"position\":3,\"name\":\"Aviso pr\u00e9vio: o que o s\u00edndico precisa saber\"}]},{\"@type\":\"WebSite\",\"@id\":\"https:\/\/minhaportaria.com\/#website\",\"url\":\"https:\/\/minhaportaria.com\/\",\"name\":\"Minha Portaria\",\"description\":\"\",\"publisher\":{\"@id\":\"https:\/\/minhaportaria.com\/#organization\"},\"potentialAction\":[{\"@type\":\"SearchAction\",\"target\":{\"@type\":\"EntryPoint\",\"urlTemplate\":\"https:\/\/minhaportaria.com\/?s={search_term_string}\"},\"query-input\":{\"@type\":\"PropertyValueSpecification\",\"valueRequired\":true,\"valueName\":\"search_term_string\"}}],\"inLanguage\":\"en-US\"},{\"@type\":\"Organization\",\"@id\":\"https:\/\/minhaportaria.com\/#organization\",\"name\":\"Minha Portaria\",\"url\":\"https:\/\/minhaportaria.com\/\",\"logo\":{\"@type\":\"ImageObject\",\"inLanguage\":\"en-US\",\"@id\":\"https:\/\/minhaportaria.com\/#\/schema\/logo\/image\/\",\"url\":\"https:\/\/minhaportaria.com\/wp-content\/uploads\/2021\/01\/logo-home-175854.png\",\"contentUrl\":\"https:\/\/minhaportaria.com\/wp-content\/uploads\/2021\/01\/logo-home-175854.png\",\"width\":134,\"height\":62,\"caption\":\"Minha Portaria \"},\"image\":{\"@id\":\"https:\/\/minhaportaria.com\/#\/schema\/logo\/image\/\"}},{\"@type\":\"Person\",\"@id\":\"https:\/\/minhaportaria.com\/#\/schema\/person\/1b60f6ffb6cc2dbfd6334e412ca16faf\",\"name\":\"Walter Uvo\",\"image\":{\"@type\":\"ImageObject\",\"inLanguage\":\"en-US\",\"@id\":\"https:\/\/minhaportaria.com\/#\/schema\/person\/image\/\",\"url\":\"https:\/\/secure.gravatar.com\/avatar\/ed74b837a4835d4a7b377236f4b28538?s=96&d=mm&r=g\",\"contentUrl\":\"https:\/\/secure.gravatar.com\/avatar\/ed74b837a4835d4a7b377236f4b28538?s=96&d=mm&r=g\",\"caption\":\"Walter Uvo\"},\"url\":\"https:\/\/minhaportaria.com\/en\/author\/walter-uvo\/\"}]}<\/script>\n<!-- \/ Yoast SEO plugin. -->","yoast_head_json":{"title":"Aviso pr\u00e9vio: o que o s\u00edndico precisa saber | Minha Portaria","description":"Voc\u00ea, s\u00edndico, sabe como funciona o aviso pr\u00e9vio para os funcion\u00e1rios do condom\u00ednio? Clique aqui e confira mais informa\u00e7\u00f5es!","robots":{"index":"index","follow":"follow","max-snippet":"max-snippet:-1","max-image-preview":"max-image-preview:large","max-video-preview":"max-video-preview:-1"},"canonical":"https:\/\/minhaportaria.com\/en\/administracao-de-condominios\/aviso-previo-sindico\/","og_locale":"en_US","og_type":"article","og_title":"Aviso pr\u00e9vio: o que o s\u00edndico precisa saber | Minha Portaria","og_description":"Voc\u00ea, s\u00edndico, sabe como funciona o aviso pr\u00e9vio para os funcion\u00e1rios do condom\u00ednio? Clique aqui e confira mais informa\u00e7\u00f5es!","og_url":"https:\/\/minhaportaria.com\/en\/administracao-de-condominios\/aviso-previo-sindico\/","og_site_name":"Minha Portaria","article_published_time":"2021-01-08T13:55:00+00:00","article_modified_time":"2021-02-11T19:49:11+00:00","og_image":[{"width":275,"height":183,"url":"https:\/\/minhaportaria.com\/wp-content\/uploads\/2020\/12\/aviso-previo-funcionario-condominio-192051.jpg","type":"image\/jpeg"}],"author":"Walter Uvo","twitter_card":"summary_large_image","twitter_misc":{"Written by":"Walter Uvo","Est. reading time":"6 minutes"},"schema":{"@context":"https:\/\/schema.org","@graph":[{"@type":"Article","@id":"https:\/\/minhaportaria.com\/en\/administracao-de-condominios\/aviso-previo-sindico\/#article","isPartOf":{"@id":"https:\/\/minhaportaria.com\/en\/administracao-de-condominios\/aviso-previo-sindico\/"},"author":{"name":"Walter Uvo","@id":"https:\/\/minhaportaria.com\/#\/schema\/person\/1b60f6ffb6cc2dbfd6334e412ca16faf"},"headline":"Aviso pr\u00e9vio: o que o s\u00edndico precisa saber","datePublished":"2021-01-08T13:55:00+00:00","dateModified":"2021-02-11T19:49:11+00:00","mainEntityOfPage":{"@id":"https:\/\/minhaportaria.com\/en\/administracao-de-condominios\/aviso-previo-sindico\/"},"wordCount":1297,"commentCount":0,"publisher":{"@id":"https:\/\/minhaportaria.com\/#organization"},"image":{"@id":"https:\/\/minhaportaria.com\/en\/administracao-de-condominios\/aviso-previo-sindico\/#primaryimage"},"thumbnailUrl":"https:\/\/minhaportaria.com\/wp-content\/uploads\/2020\/12\/aviso-previo-funcionario-condominio-192051.jpg","keywords":["aviso pr\u00e9vio","aviso pr\u00e9vio para funcion\u00e1rios","passivo trabalhista","sindico","s\u00edndico profissional"],"articleSection":["Administra\u00e7\u00e3o de Condom\u00ednios","S\u00edndico"],"inLanguage":"en-US","potentialAction":[{"@type":"CommentAction","name":"Comment","target":["https:\/\/minhaportaria.com\/en\/administracao-de-condominios\/aviso-previo-sindico\/#respond"]}]},{"@type":"WebPage","@id":"https:\/\/minhaportaria.com\/en\/administracao-de-condominios\/aviso-previo-sindico\/","url":"https:\/\/minhaportaria.com\/en\/administracao-de-condominios\/aviso-previo-sindico\/","name":"Aviso pr\u00e9vio: o que o s\u00edndico precisa saber | Minha Portaria","isPartOf":{"@id":"https:\/\/minhaportaria.com\/#website"},"primaryImageOfPage":{"@id":"https:\/\/minhaportaria.com\/en\/administracao-de-condominios\/aviso-previo-sindico\/#primaryimage"},"image":{"@id":"https:\/\/minhaportaria.com\/en\/administracao-de-condominios\/aviso-previo-sindico\/#primaryimage"},"thumbnailUrl":"https:\/\/minhaportaria.com\/wp-content\/uploads\/2020\/12\/aviso-previo-funcionario-condominio-192051.jpg","datePublished":"2021-01-08T13:55:00+00:00","dateModified":"2021-02-11T19:49:11+00:00","description":"Voc\u00ea, s\u00edndico, sabe como funciona o aviso pr\u00e9vio para os funcion\u00e1rios do condom\u00ednio? Clique aqui e confira mais informa\u00e7\u00f5es!","breadcrumb":{"@id":"https:\/\/minhaportaria.com\/en\/administracao-de-condominios\/aviso-previo-sindico\/#breadcrumb"},"inLanguage":"en-US","potentialAction":[{"@type":"ReadAction","target":["https:\/\/minhaportaria.com\/en\/administracao-de-condominios\/aviso-previo-sindico\/"]}]},{"@type":"ImageObject","inLanguage":"en-US","@id":"https:\/\/minhaportaria.com\/en\/administracao-de-condominios\/aviso-previo-sindico\/#primaryimage","url":"https:\/\/minhaportaria.com\/wp-content\/uploads\/2020\/12\/aviso-previo-funcionario-condominio-192051.jpg","contentUrl":"https:\/\/minhaportaria.com\/wp-content\/uploads\/2020\/12\/aviso-previo-funcionario-condominio-192051.jpg","width":275,"height":183,"caption":"blog-sobre-portaria-remota-4"},{"@type":"BreadcrumbList","@id":"https:\/\/minhaportaria.com\/en\/administracao-de-condominios\/aviso-previo-sindico\/#breadcrumb","itemListElement":[{"@type":"ListItem","position":1,"name":"Home","item":"https:\/\/minhaportaria.com\/"},{"@type":"ListItem","position":2,"name":"Administra\u00e7\u00e3o de Condom\u00ednios","item":"https:\/\/minhaportaria.com\/en\/category\/administracao-de-condominios\/"},{"@type":"ListItem","position":3,"name":"Aviso pr\u00e9vio: o que o s\u00edndico precisa saber"}]},{"@type":"WebSite","@id":"https:\/\/minhaportaria.com\/#website","url":"https:\/\/minhaportaria.com\/","name":"Minha Portaria","description":"","publisher":{"@id":"https:\/\/minhaportaria.com\/#organization"},"potentialAction":[{"@type":"SearchAction","target":{"@type":"EntryPoint","urlTemplate":"https:\/\/minhaportaria.com\/?s={search_term_string}"},"query-input":{"@type":"PropertyValueSpecification","valueRequired":true,"valueName":"search_term_string"}}],"inLanguage":"en-US"},{"@type":"Organization","@id":"https:\/\/minhaportaria.com\/#organization","name":"Minha Portaria","url":"https:\/\/minhaportaria.com\/","logo":{"@type":"ImageObject","inLanguage":"en-US","@id":"https:\/\/minhaportaria.com\/#\/schema\/logo\/image\/","url":"https:\/\/minhaportaria.com\/wp-content\/uploads\/2021\/01\/logo-home-175854.png","contentUrl":"https:\/\/minhaportaria.com\/wp-content\/uploads\/2021\/01\/logo-home-175854.png","width":134,"height":62,"caption":"Minha Portaria "},"image":{"@id":"https:\/\/minhaportaria.com\/#\/schema\/logo\/image\/"}},{"@type":"Person","@id":"https:\/\/minhaportaria.com\/#\/schema\/person\/1b60f6ffb6cc2dbfd6334e412ca16faf","name":"Walter Uvo","image":{"@type":"ImageObject","inLanguage":"en-US","@id":"https:\/\/minhaportaria.com\/#\/schema\/person\/image\/","url":"https:\/\/secure.gravatar.com\/avatar\/ed74b837a4835d4a7b377236f4b28538?s=96&d=mm&r=g","contentUrl":"https:\/\/secure.gravatar.com\/avatar\/ed74b837a4835d4a7b377236f4b28538?s=96&d=mm&r=g","caption":"Walter Uvo"},"url":"https:\/\/minhaportaria.com\/en\/author\/walter-uvo\/"}]}},"_links":{"self":[{"href":"https:\/\/minhaportaria.com\/en\/wp-json\/wp\/v2\/posts\/3278"}],"collection":[{"href":"https:\/\/minhaportaria.com\/en\/wp-json\/wp\/v2\/posts"}],"about":[{"href":"https:\/\/minhaportaria.com\/en\/wp-json\/wp\/v2\/types\/post"}],"author":[{"embeddable":true,"href":"https:\/\/minhaportaria.com\/en\/wp-json\/wp\/v2\/users\/13"}],"replies":[{"embeddable":true,"href":"https:\/\/minhaportaria.com\/en\/wp-json\/wp\/v2\/comments?post=3278"}],"version-history":[{"count":0,"href":"https:\/\/minhaportaria.com\/en\/wp-json\/wp\/v2\/posts\/3278\/revisions"}],"wp:featuredmedia":[{"embeddable":true,"href":"https:\/\/minhaportaria.com\/en\/wp-json\/wp\/v2\/media\/3293"}],"wp:attachment":[{"href":"https:\/\/minhaportaria.com\/en\/wp-json\/wp\/v2\/media?parent=3278"}],"wp:term":[{"taxonomy":"category","embeddable":true,"href":"https:\/\/minhaportaria.com\/en\/wp-json\/wp\/v2\/categories?post=3278"},{"taxonomy":"post_tag","embeddable":true,"href":"https:\/\/minhaportaria.com\/en\/wp-json\/wp\/v2\/tags?post=3278"}],"curies":[{"name":"wp","href":"https:\/\/api.w.org\/{rel}","templated":true}]}}