{"id":1839,"date":"2020-06-19T23:55:58","date_gmt":"2020-06-20T02:55:58","guid":{"rendered":"https:\/\/blog.minhaportaria.com\/?p=1839"},"modified":"2020-06-19T23:55:58","modified_gmt":"2020-06-20T02:55:58","slug":"ocupacao-de-sindico-profissional","status":"publish","type":"post","link":"https:\/\/minhaportaria.com\/en\/portaria-remota\/ocupacao-de-sindico-profissional\/","title":{"rendered":"Gest\u00e3o qualificada: a ocupa\u00e7\u00e3o de s\u00edndico profissional"},"content":{"rendered":"<div data-elementor-type=\"wp-post\" data-elementor-id=\"1839\" class=\"elementor elementor-1839\" data-elementor-post-type=\"post\">\n\t\t\t\t\t\t<section class=\"has_ae_slider elementor-section elementor-top-section elementor-element elementor-element-cf4b8b9 elementor-section-boxed elementor-section-height-default elementor-section-height-default ae-bg-gallery-type-default\" data-id=\"cf4b8b9\" data-element_type=\"section\" data-settings=\"{&quot;jet_parallax_layout_list&quot;:[]}\">\n\t\t\t\t\t\t<div class=\"elementor-container elementor-column-gap-default\">\n\t\t\t\t\t<div class=\"has_ae_slider elementor-column elementor-col-100 elementor-top-column elementor-element elementor-element-401b350 ae-bg-gallery-type-default\" data-id=\"401b350\" data-element_type=\"column\">\n\t\t\t<div class=\"elementor-widget-wrap elementor-element-populated\">\n\t\t\t\t\t\t<div class=\"elementor-element elementor-element-9590de3 elementor-widget elementor-widget-text-editor\" data-id=\"9590de3\" data-element_type=\"widget\" data-widget_type=\"text-editor.default\">\n\t\t\t\t<div class=\"elementor-widget-container\">\n\t\t\t\t\t\t\t<p><em><strong>Entenda mais sobre o curso de forma\u00e7\u00e3o de s\u00edndico profissional da Pr\u00f3-S\u00edndico<\/strong><\/em><\/p>\t\t\t\t\t\t<\/div>\n\t\t\t\t<\/div>\n\t\t\t\t\t<\/div>\n\t\t<\/div>\n\t\t\t\t\t<\/div>\n\t\t<\/section>\n\t\t\t\t<section class=\"has_ae_slider elementor-section elementor-top-section elementor-element elementor-element-ff3d505 elementor-section-boxed elementor-section-height-default elementor-section-height-default ae-bg-gallery-type-default\" data-id=\"ff3d505\" data-element_type=\"section\" data-settings=\"{&quot;jet_parallax_layout_list&quot;:[]}\">\n\t\t\t\t\t\t<div class=\"elementor-container elementor-column-gap-default\">\n\t\t\t\t\t<div class=\"has_ae_slider elementor-column elementor-col-100 elementor-top-column elementor-element elementor-element-1f20b32 ae-bg-gallery-type-default\" data-id=\"1f20b32\" data-element_type=\"column\">\n\t\t\t<div class=\"elementor-widget-wrap elementor-element-populated\">\n\t\t\t\t\t\t<div class=\"elementor-element elementor-element-76bdaf2 elementor-widget elementor-widget-image\" data-id=\"76bdaf2\" data-element_type=\"widget\" data-widget_type=\"image.default\">\n\t\t\t\t<div class=\"elementor-widget-container\">\n\t\t\t\t\t\t\t\t\t\t\t\t\t<img fetchpriority=\"high\" decoding=\"async\" width=\"750\" height=\"500\" src=\"https:\/\/minhaportaria.com\/wp-content\/uploads\/2020\/06\/CURSO-DE-SINDICOS-PROFISSIONAL.jpg\" class=\"attachment-large size-large wp-image-1842\" alt=\"CURSO DE SINDICOS PROFISSIONAL\" srcset=\"https:\/\/minhaportaria.com\/wp-content\/uploads\/2020\/06\/CURSO-DE-SINDICOS-PROFISSIONAL.jpg 750w, https:\/\/minhaportaria.com\/wp-content\/uploads\/2020\/06\/CURSO-DE-SINDICOS-PROFISSIONAL-300x200.jpg 300w\" sizes=\"(max-width: 750px) 100vw, 750px\" \/>\t\t\t\t\t\t\t\t\t\t\t\t\t<\/div>\n\t\t\t\t<\/div>\n\t\t\t\t\t<\/div>\n\t\t<\/div>\n\t\t\t\t\t<\/div>\n\t\t<\/section>\n\t\t\t\t<section class=\"has_ae_slider elementor-section elementor-top-section elementor-element elementor-element-13de2fa elementor-section-boxed elementor-section-height-default elementor-section-height-default ae-bg-gallery-type-default\" data-id=\"13de2fa\" data-element_type=\"section\" data-settings=\"{&quot;jet_parallax_layout_list&quot;:[]}\">\n\t\t\t\t\t\t<div class=\"elementor-container elementor-column-gap-default\">\n\t\t\t\t\t<div class=\"has_ae_slider elementor-column elementor-col-100 elementor-top-column elementor-element elementor-element-8161cd0 ae-bg-gallery-type-default\" data-id=\"8161cd0\" data-element_type=\"column\">\n\t\t\t<div class=\"elementor-widget-wrap elementor-element-populated\">\n\t\t\t\t\t\t<div class=\"elementor-element elementor-element-0f825d3 elementor-widget elementor-widget-text-editor\" data-id=\"0f825d3\" data-element_type=\"widget\" data-widget_type=\"text-editor.default\">\n\t\t\t\t<div class=\"elementor-widget-container\">\n\t\t\t\t\t\t\t<h1>S\u00edndico Profissional: Introdu\u00e7\u00e3o<\/h1>\t\t\t\t\t\t<\/div>\n\t\t\t\t<\/div>\n\t\t\t\t\t<\/div>\n\t\t<\/div>\n\t\t\t\t\t<\/div>\n\t\t<\/section>\n\t\t\t\t<section class=\"has_ae_slider elementor-section elementor-top-section elementor-element elementor-element-e8ce547 elementor-section-boxed elementor-section-height-default elementor-section-height-default ae-bg-gallery-type-default\" data-id=\"e8ce547\" data-element_type=\"section\" data-settings=\"{&quot;jet_parallax_layout_list&quot;:[]}\">\n\t\t\t\t\t\t<div class=\"elementor-container elementor-column-gap-default\">\n\t\t\t\t\t<div class=\"has_ae_slider elementor-column elementor-col-100 elementor-top-column elementor-element elementor-element-4257324 ae-bg-gallery-type-default\" data-id=\"4257324\" data-element_type=\"column\">\n\t\t\t<div class=\"elementor-widget-wrap elementor-element-populated\">\n\t\t\t\t\t\t<div class=\"elementor-element elementor-element-d71214f elementor-widget elementor-widget-text-editor\" data-id=\"d71214f\" data-element_type=\"widget\" data-widget_type=\"text-editor.default\">\n\t\t\t\t<div class=\"elementor-widget-container\">\n\t\t\t\t\t\t\t<p>Antes de tudo, iniciamos informando que a profiss\u00e3o de s\u00edndico \u00e9 uma ocupa\u00e7\u00e3o que requer conhecimento, organiza\u00e7\u00e3o e facilidade para relacionamentos interpessoais.\u00a0<\/p><p>Contudo, em alguns condom\u00ednios, nem sempre os moradores se sentem confort\u00e1veis para ocupar a posi\u00e7\u00e3o de s\u00edndico, ou possuem tempo dispon\u00edvel para o cargo ou disp\u00f5em dos devidos conhecimentos.\u00a0<\/p><p>Como uma forma de suprir essas necessidades de uma boa administra\u00e7\u00e3o, a profiss\u00e3o de s\u00edndicos profissionais entra em cena para proporcionar uma gest\u00e3o mais qualificada, com bagagens de habilidades e maiores conhecimentos.\u00a0<\/p><p>Desta forma, no texto de hoje vamos abordar a profiss\u00e3o com mais detalhes e como os cursos de s\u00edndicos profissionais podem agregar ao seu repert\u00f3rio.<\/p>\t\t\t\t\t\t<\/div>\n\t\t\t\t<\/div>\n\t\t\t\t\t<\/div>\n\t\t<\/div>\n\t\t\t\t\t<\/div>\n\t\t<\/section>\n\t\t\t\t<section class=\"has_ae_slider elementor-section elementor-top-section elementor-element elementor-element-66e6670 elementor-section-boxed elementor-section-height-default elementor-section-height-default ae-bg-gallery-type-default\" data-id=\"66e6670\" data-element_type=\"section\" data-settings=\"{&quot;jet_parallax_layout_list&quot;:[]}\">\n\t\t\t\t\t\t<div class=\"elementor-container elementor-column-gap-default\">\n\t\t\t\t\t<div class=\"has_ae_slider elementor-column elementor-col-100 elementor-top-column elementor-element elementor-element-d8d1dc9 ae-bg-gallery-type-default\" data-id=\"d8d1dc9\" data-element_type=\"column\">\n\t\t\t<div class=\"elementor-widget-wrap elementor-element-populated\">\n\t\t\t\t\t\t<div class=\"elementor-element elementor-element-5c96f1c elementor-widget elementor-widget-text-editor\" data-id=\"5c96f1c\" data-element_type=\"widget\" data-widget_type=\"text-editor.default\">\n\t\t\t\t<div class=\"elementor-widget-container\">\n\t\t\t\t\t\t\t<h2>Conhe\u00e7a o fundador do curso de s\u00edndicos profissionais<\/h2>\t\t\t\t\t\t<\/div>\n\t\t\t\t<\/div>\n\t\t\t\t\t<\/div>\n\t\t<\/div>\n\t\t\t\t\t<\/div>\n\t\t<\/section>\n\t\t\t\t<section class=\"has_ae_slider elementor-section elementor-top-section elementor-element elementor-element-38bc661 elementor-section-boxed elementor-section-height-default elementor-section-height-default ae-bg-gallery-type-default\" data-id=\"38bc661\" data-element_type=\"section\" data-settings=\"{&quot;jet_parallax_layout_list&quot;:[]}\">\n\t\t\t\t\t\t<div class=\"elementor-container elementor-column-gap-default\">\n\t\t\t\t\t<div class=\"has_ae_slider elementor-column elementor-col-100 elementor-top-column elementor-element elementor-element-360aaf2 ae-bg-gallery-type-default\" data-id=\"360aaf2\" data-element_type=\"column\">\n\t\t\t<div class=\"elementor-widget-wrap elementor-element-populated\">\n\t\t\t\t\t\t<div class=\"elementor-element elementor-element-14c3a63 elementor-widget elementor-widget-text-editor\" data-id=\"14c3a63\" data-element_type=\"widget\" data-widget_type=\"text-editor.default\">\n\t\t\t\t<div class=\"elementor-widget-container\">\n\t\t\t\t\t\t\t<p>Dostoi\u00e9vscki Vieira Silbonne foi o convidado especial da live da Minha Portaria que aconteceu no dia 11\/06\/2020. Vieira \u00e9 publicit\u00e1rio e criador da marca Pr\u00f3-S\u00edndico de cursos e eventos.<\/p>\t\t\t\t\t\t<\/div>\n\t\t\t\t<\/div>\n\t\t\t\t\t<\/div>\n\t\t<\/div>\n\t\t\t\t\t<\/div>\n\t\t<\/section>\n\t\t\t\t<section class=\"has_ae_slider elementor-section elementor-top-section elementor-element elementor-element-d6cf108 elementor-section-boxed elementor-section-height-default elementor-section-height-default ae-bg-gallery-type-default\" data-id=\"d6cf108\" data-element_type=\"section\" data-settings=\"{&quot;jet_parallax_layout_list&quot;:[]}\">\n\t\t\t\t\t\t<div class=\"elementor-container elementor-column-gap-default\">\n\t\t\t\t\t<div class=\"has_ae_slider elementor-column elementor-col-100 elementor-top-column elementor-element elementor-element-d9fa1b2 ae-bg-gallery-type-default\" data-id=\"d9fa1b2\" data-element_type=\"column\">\n\t\t\t<div class=\"elementor-widget-wrap elementor-element-populated\">\n\t\t\t\t\t\t<div class=\"elementor-element elementor-element-945e153 elementor-widget elementor-widget-text-editor\" data-id=\"945e153\" data-element_type=\"widget\" data-widget_type=\"text-editor.default\">\n\t\t\t\t<div class=\"elementor-widget-container\">\n\t\t\t\t\t\t\t<p>Certamente, Vieira Silbonne \u00e9 um apaixonado por condom\u00ednios. O profissional atua na \u00e1rea condominial h\u00e1 20 anos e participou do nosso programa, publicado no canal do Youtube.\u00a0<\/p>\t\t\t\t\t\t<\/div>\n\t\t\t\t<\/div>\n\t\t\t\t\t<\/div>\n\t\t<\/div>\n\t\t\t\t\t<\/div>\n\t\t<\/section>\n\t\t\t\t<section class=\"has_ae_slider elementor-section elementor-top-section elementor-element elementor-element-9543719 elementor-section-boxed elementor-section-height-default elementor-section-height-default ae-bg-gallery-type-default\" data-id=\"9543719\" data-element_type=\"section\" data-settings=\"{&quot;jet_parallax_layout_list&quot;:[]}\">\n\t\t\t\t\t\t<div class=\"elementor-container elementor-column-gap-default\">\n\t\t\t\t\t<div class=\"has_ae_slider elementor-column elementor-col-100 elementor-top-column elementor-element elementor-element-82a23f5 ae-bg-gallery-type-default\" data-id=\"82a23f5\" data-element_type=\"column\">\n\t\t\t<div class=\"elementor-widget-wrap elementor-element-populated\">\n\t\t\t\t\t\t<div class=\"elementor-element elementor-element-08e8c43 elementor-widget elementor-widget-text-editor\" data-id=\"08e8c43\" data-element_type=\"widget\" data-widget_type=\"text-editor.default\">\n\t\t\t\t<div class=\"elementor-widget-container\">\n\t\t\t\t\t\t\t<p style=\"color: #000000; font-size: 20px; text-align: justify;\">Formado em marketing, Vieira conta ter montado em 2003 seu primeiro workshop para o setor condominial, o qual, com o passar do tempo, foi se expandindo. Consequentemente, em 2004, Silbonne fundou a Pr\u00f3-S\u00edndico.\u00a0<\/p>\t\t\t\t\t\t<\/div>\n\t\t\t\t<\/div>\n\t\t\t\t\t<\/div>\n\t\t<\/div>\n\t\t\t\t\t<\/div>\n\t\t<\/section>\n\t\t\t\t<section class=\"has_ae_slider elementor-section elementor-top-section elementor-element elementor-element-f91ad8e elementor-section-boxed elementor-section-height-default elementor-section-height-default ae-bg-gallery-type-default\" data-id=\"f91ad8e\" data-element_type=\"section\" data-settings=\"{&quot;jet_parallax_layout_list&quot;:[]}\">\n\t\t\t\t\t\t<div class=\"elementor-container elementor-column-gap-default\">\n\t\t\t\t\t<div class=\"has_ae_slider elementor-column elementor-col-100 elementor-top-column elementor-element elementor-element-4afcdf7 ae-bg-gallery-type-default\" data-id=\"4afcdf7\" data-element_type=\"column\">\n\t\t\t<div class=\"elementor-widget-wrap elementor-element-populated\">\n\t\t\t\t\t\t<div class=\"elementor-element elementor-element-bc07841 elementor-widget elementor-widget-text-editor\" data-id=\"bc07841\" data-element_type=\"widget\" data-widget_type=\"text-editor.default\">\n\t\t\t\t<div class=\"elementor-widget-container\">\n\t\t\t\t\t\t\t<p><span style=\"color: #000000; font-size: 20px; text-align: justify;\">A partir de 2011, a convite de uma incorporadora, se tornou s\u00edndico profissional de um condom\u00ednio de implanta\u00e7\u00e3o. De acordo com Vieira, tal experi\u00eancia foi fundamental, pois, assim, conseguiu compreender muitos aspectos da gest\u00e3o condominial na pr\u00e1tica.<\/span><\/p>\t\t\t\t\t\t<\/div>\n\t\t\t\t<\/div>\n\t\t\t\t\t<\/div>\n\t\t<\/div>\n\t\t\t\t\t<\/div>\n\t\t<\/section>\n\t\t\t\t<section class=\"has_ae_slider elementor-section elementor-top-section elementor-element elementor-element-3af1d73 elementor-section-boxed elementor-section-height-default elementor-section-height-default ae-bg-gallery-type-default\" data-id=\"3af1d73\" data-element_type=\"section\" data-settings=\"{&quot;jet_parallax_layout_list&quot;:[]}\">\n\t\t\t\t\t\t<div class=\"elementor-container elementor-column-gap-default\">\n\t\t\t\t\t<div class=\"has_ae_slider elementor-column elementor-col-100 elementor-top-column elementor-element elementor-element-5abed4c ae-bg-gallery-type-default\" data-id=\"5abed4c\" data-element_type=\"column\">\n\t\t\t<div class=\"elementor-widget-wrap elementor-element-populated\">\n\t\t\t\t\t\t<div class=\"elementor-element elementor-element-9abb4bf elementor-widget elementor-widget-text-editor\" data-id=\"9abb4bf\" data-element_type=\"widget\" data-widget_type=\"text-editor.default\">\n\t\t\t\t<div class=\"elementor-widget-container\">\n\t\t\t\t\t\t\t<h2>\u00c1rea de atua\u00e7\u00e3o dos s\u00edndicos profissionais<\/h2>\t\t\t\t\t\t<\/div>\n\t\t\t\t<\/div>\n\t\t\t\t\t<\/div>\n\t\t<\/div>\n\t\t\t\t\t<\/div>\n\t\t<\/section>\n\t\t\t\t<section class=\"has_ae_slider elementor-section elementor-top-section elementor-element elementor-element-a33a33b elementor-section-boxed elementor-section-height-default elementor-section-height-default ae-bg-gallery-type-default\" data-id=\"a33a33b\" data-element_type=\"section\" data-settings=\"{&quot;jet_parallax_layout_list&quot;:[]}\">\n\t\t\t\t\t\t<div class=\"elementor-container elementor-column-gap-default\">\n\t\t\t\t\t<div class=\"has_ae_slider elementor-column elementor-col-100 elementor-top-column elementor-element elementor-element-20e5214 ae-bg-gallery-type-default\" data-id=\"20e5214\" data-element_type=\"column\">\n\t\t\t<div class=\"elementor-widget-wrap elementor-element-populated\">\n\t\t\t\t\t\t<div class=\"elementor-element elementor-element-a927005 elementor-widget elementor-widget-text-editor\" data-id=\"a927005\" data-element_type=\"widget\" data-widget_type=\"text-editor.default\">\n\t\t\t\t<div class=\"elementor-widget-container\">\n\t\t\t\t\t\t\t<p>Com demandas cada vez maiores, a administra\u00e7\u00e3o de condom\u00ednios, de fato, exige qualifica\u00e7\u00e3o.\u00a0<\/p><p>Basicamente, essa \u00e9 uma das maiores vantagens da contrata\u00e7\u00e3o de s\u00edndicos profissionais. Seus conhecimentos caminham por \u00e2mbitos de <a href=\"https:\/\/blog.minhaportaria.com\/como-administrar-o-fluxo-de-caixa-do-condominio\/\">gest\u00e3o financeira<\/a>, quest\u00f5es de engenharia e administra\u00e7\u00e3o.<\/p>\t\t\t\t\t\t<\/div>\n\t\t\t\t<\/div>\n\t\t\t\t\t<\/div>\n\t\t<\/div>\n\t\t\t\t\t<\/div>\n\t\t<\/section>\n\t\t\t\t<section class=\"has_ae_slider elementor-section elementor-top-section elementor-element elementor-element-fc5e56d elementor-section-boxed elementor-section-height-default elementor-section-height-default ae-bg-gallery-type-default\" data-id=\"fc5e56d\" data-element_type=\"section\" data-settings=\"{&quot;jet_parallax_layout_list&quot;:[]}\">\n\t\t\t\t\t\t<div class=\"elementor-container elementor-column-gap-default\">\n\t\t\t\t\t<div class=\"has_ae_slider elementor-column elementor-col-100 elementor-top-column elementor-element elementor-element-a3a35d2 ae-bg-gallery-type-default\" data-id=\"a3a35d2\" data-element_type=\"column\">\n\t\t\t<div class=\"elementor-widget-wrap elementor-element-populated\">\n\t\t\t\t\t\t<div class=\"elementor-element elementor-element-5b6e6e0 elementor-widget elementor-widget-text-editor\" data-id=\"5b6e6e0\" data-element_type=\"widget\" data-widget_type=\"text-editor.default\">\n\t\t\t\t<div class=\"elementor-widget-container\">\n\t\t\t\t\t\t\t<h2>Vantagens do curso<\/h2>\t\t\t\t\t\t<\/div>\n\t\t\t\t<\/div>\n\t\t\t\t\t<\/div>\n\t\t<\/div>\n\t\t\t\t\t<\/div>\n\t\t<\/section>\n\t\t\t\t<section class=\"has_ae_slider elementor-section elementor-top-section elementor-element elementor-element-c525623 elementor-section-boxed elementor-section-height-default elementor-section-height-default ae-bg-gallery-type-default\" data-id=\"c525623\" data-element_type=\"section\" data-settings=\"{&quot;jet_parallax_layout_list&quot;:[]}\">\n\t\t\t\t\t\t<div class=\"elementor-container elementor-column-gap-default\">\n\t\t\t\t\t<div class=\"has_ae_slider elementor-column elementor-col-100 elementor-top-column elementor-element elementor-element-c1114a0 ae-bg-gallery-type-default\" data-id=\"c1114a0\" data-element_type=\"column\">\n\t\t\t<div class=\"elementor-widget-wrap elementor-element-populated\">\n\t\t\t\t\t\t<div class=\"elementor-element elementor-element-25a55e4 elementor-widget elementor-widget-text-editor\" data-id=\"25a55e4\" data-element_type=\"widget\" data-widget_type=\"text-editor.default\">\n\t\t\t\t<div class=\"elementor-widget-container\">\n\t\t\t\t\t\t\t<p>Uma outra vantagem desses aprofundamentos por meio do curso de s\u00edndico profissional \u00e9 referente a organiza\u00e7\u00e3o de planejamentos.&nbsp;<\/p><p>Uma vez que o s\u00edndico \u00e9 a pessoa respons\u00e1vel por listar demandas e necessidades dos moradores, esses conhecimentos s\u00f3 tendem a agregar na defini\u00e7\u00e3o de prioridades, estrat\u00e9gias, prazos e na cria\u00e7\u00e3o de planos de a\u00e7\u00e3o que impactam no andamento das atividades condominiais.<\/p>\t\t\t\t\t\t<\/div>\n\t\t\t\t<\/div>\n\t\t\t\t\t<\/div>\n\t\t<\/div>\n\t\t\t\t\t<\/div>\n\t\t<\/section>\n\t\t\t\t<section class=\"has_ae_slider elementor-section elementor-top-section elementor-element elementor-element-97087d3 elementor-section-boxed elementor-section-height-default elementor-section-height-default ae-bg-gallery-type-default\" data-id=\"97087d3\" data-element_type=\"section\" data-settings=\"{&quot;jet_parallax_layout_list&quot;:[]}\">\n\t\t\t\t\t\t<div class=\"elementor-container elementor-column-gap-default\">\n\t\t\t\t\t<div class=\"has_ae_slider elementor-column elementor-col-100 elementor-top-column elementor-element elementor-element-982b99a ae-bg-gallery-type-default\" data-id=\"982b99a\" data-element_type=\"column\">\n\t\t\t<div class=\"elementor-widget-wrap elementor-element-populated\">\n\t\t\t\t\t\t<div class=\"elementor-element elementor-element-244a7dc elementor-widget elementor-widget-text-editor\" data-id=\"244a7dc\" data-element_type=\"widget\" data-widget_type=\"text-editor.default\">\n\t\t\t\t<div class=\"elementor-widget-container\">\n\t\t\t\t\t\t\t<h2>Conte\u00fados do curso de s\u00edndico profissional<\/h2>\t\t\t\t\t\t<\/div>\n\t\t\t\t<\/div>\n\t\t\t\t\t<\/div>\n\t\t<\/div>\n\t\t\t\t\t<\/div>\n\t\t<\/section>\n\t\t\t\t<section class=\"has_ae_slider elementor-section elementor-top-section elementor-element elementor-element-3ff238f elementor-section-boxed elementor-section-height-default elementor-section-height-default ae-bg-gallery-type-default\" data-id=\"3ff238f\" data-element_type=\"section\" data-settings=\"{&quot;jet_parallax_layout_list&quot;:[]}\">\n\t\t\t\t\t\t<div class=\"elementor-container elementor-column-gap-default\">\n\t\t\t\t\t<div class=\"has_ae_slider elementor-column elementor-col-100 elementor-top-column elementor-element elementor-element-317bc05 ae-bg-gallery-type-default\" data-id=\"317bc05\" data-element_type=\"column\">\n\t\t\t<div class=\"elementor-widget-wrap elementor-element-populated\">\n\t\t\t\t\t\t<div class=\"elementor-element elementor-element-250f325 elementor-widget elementor-widget-text-editor\" data-id=\"250f325\" data-element_type=\"widget\" data-widget_type=\"text-editor.default\">\n\t\t\t\t<div class=\"elementor-widget-container\">\n\t\t\t\t\t\t\t<p>Sobre o conte\u00fado do curso de forma\u00e7\u00e3o de s\u00edndico profissional, diversos assuntos s\u00e3o abordados, como finan\u00e7as, legisla\u00e7\u00e3o, leis individuais para cada cond\u00f4mino, prosperidade para administra\u00e7\u00e3o de coletivo e muito mais.<\/p>\t\t\t\t\t\t<\/div>\n\t\t\t\t<\/div>\n\t\t\t\t\t<\/div>\n\t\t<\/div>\n\t\t\t\t\t<\/div>\n\t\t<\/section>\n\t\t\t\t<section class=\"has_ae_slider elementor-section elementor-top-section elementor-element elementor-element-157abe9 elementor-section-boxed elementor-section-height-default elementor-section-height-default ae-bg-gallery-type-default\" data-id=\"157abe9\" data-element_type=\"section\" data-settings=\"{&quot;jet_parallax_layout_list&quot;:[]}\">\n\t\t\t\t\t\t<div class=\"elementor-container elementor-column-gap-default\">\n\t\t\t\t\t<div class=\"has_ae_slider elementor-column elementor-col-100 elementor-top-column elementor-element elementor-element-e366ad1 ae-bg-gallery-type-default\" data-id=\"e366ad1\" data-element_type=\"column\">\n\t\t\t<div class=\"elementor-widget-wrap elementor-element-populated\">\n\t\t\t\t\t\t<div class=\"elementor-element elementor-element-085a79f elementor-widget elementor-widget-text-editor\" data-id=\"085a79f\" data-element_type=\"widget\" data-widget_type=\"text-editor.default\">\n\t\t\t\t<div class=\"elementor-widget-container\">\n\t\t\t\t\t\t\t<p>Al\u00e9m disso, \u00e9 v\u00e1lido salientar que, durante esta \u00e9poca de pandemia, devido ao COVID-19, os cursos profissionalizantes podem ser encontrados e acessados de forma online (inclusive para s\u00edndicos profissionais), capazes de serem executados a qualquer momento, de qualquer lugar.<\/p>\t\t\t\t\t\t<\/div>\n\t\t\t\t<\/div>\n\t\t\t\t\t<\/div>\n\t\t<\/div>\n\t\t\t\t\t<\/div>\n\t\t<\/section>\n\t\t\t\t<section class=\"has_ae_slider elementor-section elementor-top-section elementor-element elementor-element-3f4f8b6 elementor-section-boxed elementor-section-height-default elementor-section-height-default ae-bg-gallery-type-default\" data-id=\"3f4f8b6\" data-element_type=\"section\" data-settings=\"{&quot;jet_parallax_layout_list&quot;:[]}\">\n\t\t\t\t\t\t<div class=\"elementor-container elementor-column-gap-default\">\n\t\t\t\t\t<div class=\"has_ae_slider elementor-column elementor-col-100 elementor-top-column elementor-element elementor-element-0658ad0 ae-bg-gallery-type-default\" data-id=\"0658ad0\" data-element_type=\"column\">\n\t\t\t<div class=\"elementor-widget-wrap elementor-element-populated\">\n\t\t\t\t\t\t<div class=\"elementor-element elementor-element-be177b0 elementor-widget elementor-widget-text-editor\" data-id=\"be177b0\" data-element_type=\"widget\" data-widget_type=\"text-editor.default\">\n\t\t\t\t<div class=\"elementor-widget-container\">\n\t\t\t\t\t\t\t<p>Caso voc\u00ea, s\u00edndico leitor, tenha interesse nesses aprofundamentos, recomendamos o curso intensivo da Pr\u00f3-S\u00edndico. Com dura\u00e7\u00e3o de tr\u00eas dias, o curso de forma\u00e7\u00e3o de s\u00edndico profissional \u00e9 ideal para pessoas que j\u00e1 tiveram ou t\u00eam algum contato com a gest\u00e3o de condom\u00ednios e trata de temas como <a href=\"https:\/\/blog.minhaportaria.com\/seguranca-eletronica-portaria-remota\/\">seguran\u00e7a eletr\u00f4nica<\/a>, engenharia, direito condominial, marketing, opera\u00e7\u00f5es de edif\u00edcio e mais.<\/p>\n<h2>Principais deveres dos s\u00edndicos<\/h2>\n<p>Ao prop\u00f3sito, abaixo listamos os principais deveres da ocupa\u00e7\u00e3o de s\u00edndicos profissionais:<\/p>\n<ul>\n<li>Administra\u00e7\u00e3o do condom\u00ednio;<\/li>\n<li>Gerenciamento dos fundos de reserva;<\/li>\n<li>Intera\u00e7\u00e3o com as demandas dos moradores e media\u00e7\u00e3o de conflitos;<\/li>\n<li>Organiza\u00e7\u00e3o do cronograma de obras e manuten\u00e7\u00f5es;<\/li>\n<li>Fiscaliza\u00e7\u00e3o da inadimpl\u00eancia e a\u00e7\u00f5es judiciais do condom\u00ednio;<\/li>\n<li>Organiza\u00e7\u00e3o das reuni\u00f5es de assembleia e garantia de que os moradores sejam notificados;<\/li>\n<li>Coordena\u00e7\u00e3o de equipe de funcion\u00e1rios, contratados e terceirizados;<\/li>\n<li>Garantia da organiza\u00e7\u00e3o e preserva\u00e7\u00e3o das \u00e1reas comuns do condom\u00ednio, como sal\u00e3o de festas e piscinas.<\/li>\n<\/ul>\n<h2>Legisla\u00e7\u00e3o sobre s\u00edndicos profissionais<\/h2>\n<p>Para maiores informa\u00e7\u00f5es, o dispositivo legal que permite a contrata\u00e7\u00e3o de s\u00edndicos profissionais na legisla\u00e7\u00e3o \u00e9 o Art. 1.347 (Lei Federal 10.406\/02), que ganhou mais notoriedade a partir de 2002, com a chegada do Novo C\u00f3digo Civil.<\/p>\n<p><em>\u201cA Assembleia poder\u00e1 escolher um s\u00edndico, n\u00e3o cond\u00f4mino, para administrar o condom\u00ednio, por prazo n\u00e3o superior a dois anos, o qual poder\u00e1 renovar-se\u201d.<\/em><\/p>\n<p>Por via das d\u00favidas, a profiss\u00e3o de s\u00edndicos profissionais ainda n\u00e3o \u00e9 regulamentada, por\u00e9m, a \u00e1rea est\u00e1 em expans\u00e3o e \u00e9 poss\u00edvel atuar neste nicho como aut\u00f4nomo ou microempres\u00e1rio.<\/p>\n<h2>Canal da Minha Portaria<\/h2>\n<p>Com a finalidade de trazer informa\u00e7\u00f5es relevantes que beneficiem a rotina condominial, o blog e o canal da&nbsp;<a href=\"https:\/\/blog.minhaportaria.com\/\" target=\"_blank\" rel=\"noreferrer noopener\">Minha Portaria<\/a>&nbsp;\u00e9 repleto de conte\u00fado interessante, confira alguns temas das lives postadas at\u00e9 ent\u00e3o:<\/p>\n<ul>\n<li><a href=\"https:\/\/www.youtube.com\/watch?v=vKA_6qIg5Ag\" target=\"_blank\" rel=\"noreferrer noopener\">Portaria remota com Edilson Duarte<\/a>.<\/li>\n<li><a href=\"https:\/\/www.youtube.com\/watch?v=-_4_iRQLcGA&amp;list=PLD6RSglD9wIu1YWlf1P3SwwW6BU6hlT69&amp;index=9\" target=\"_blank\" rel=\"noreferrer noopener\">Redu\u00e7\u00e3o de custos em \u00e9poca de COVID19<\/a>.<\/li>\n<li><a href=\"https:\/\/www.youtube.com\/watch?v=PLIerRJT0dM&amp;list=PLD6RSglD9wIu1YWlf1P3SwwW6BU6hlT69&amp;index=4\" target=\"_blank\" rel=\"noreferrer noopener\">Apoio total para vender portaria remota.<\/a><\/li>\n<li><a href=\"https:\/\/www.youtube.com\/watch?v=_sox_3xeBYU&amp;list=PLD6RSglD9wIu1YWlf1P3SwwW6BU6hlT69&amp;index=2\" target=\"_blank\" rel=\"noreferrer noopener\">S\u00edndico deve trabalhar na preven\u00e7\u00e3o.<\/a><\/li>\n<\/ul>\n<p>Para mais informa\u00e7\u00f5es sobre o curso de forma\u00e7\u00e3o de s\u00edndico profissional da Pr\u00f3-S\u00edndico,&nbsp;<a href=\"http:\/\/prosindicocondominios.com.br\/\" target=\"_blank\" rel=\"noreferrer noopener\">clique aqui.<\/a><\/p>\n<p>Ficou com alguma d\u00favida? <strong>Mande um whats para n\u00f3s!<\/strong> \u00c9 s\u00f3 clicar no \u00edcone do aplicativo no canto direito da p\u00e1gina.<\/p>\t\t\t\t\t\t<\/div>\n\t\t\t\t<\/div>\n\t\t\t\t\t<\/div>\n\t\t<\/div>\n\t\t\t\t\t<\/div>\n\t\t<\/section>\n\t\t\t\t<\/div>","protected":false},"excerpt":{"rendered":"<p>Entenda mais sobre o curso formador de s\u00edndicos profissionais da Pr\u00f3-S\u00edndico, assunto abordado na live da Minha Portaria no youtube<\/p>","protected":false},"author":13,"featured_media":1842,"comment_status":"open","ping_status":"open","sticky":false,"template":"","format":"standard","meta":{"footnotes":""},"categories":[82,27,218],"tags":[83,102,90,92,78,79,39,233,312,100,239,240,101],"class_list":["post-1839","post","type-post","status-publish","format-standard","has-post-thumbnail","hentry","category-administracao-de-condominios","category-portaria-remota","category-sindico","tag-administracao-de-condominios-com-portaria-remota","tag-administrador-de-condominio","tag-gestao-de-condominio","tag-gestao-de-edificios","tag-portaria-digital","tag-portaria-inteligente","tag-portaria-remota-aumenta-segura-e-reduz-custo","tag-sindica","tag-sindicas","tag-sindico","tag-sindico-iniciante","tag-sindico-profissional","tag-sindicos-2"],"yoast_head":"<!-- This site is optimized with the Yoast SEO plugin v23.5 - https:\/\/yoast.com\/wordpress\/plugins\/seo\/ -->\n<title>Gest\u00e3o qualificada: a ocupa\u00e7\u00e3o de s\u00edndico profissional<\/title>\n<meta name=\"description\" content=\"Entenda mais sobre o curso de forma\u00e7\u00e3o de s\u00edndico profissional da Pr\u00f3-S\u00edndico, atribui\u00e7\u00f5es, deveres e vantagens da profiss\u00e3o.\" \/>\n<meta name=\"robots\" content=\"index, follow, max-snippet:-1, max-image-preview:large, max-video-preview:-1\" \/>\n<link rel=\"canonical\" href=\"https:\/\/minhaportaria.com\/en\/portaria-remota\/ocupacao-de-sindico-profissional\/\" \/>\n<meta property=\"og:locale\" content=\"en_US\" \/>\n<meta property=\"og:type\" content=\"article\" \/>\n<meta property=\"og:title\" content=\"Gest\u00e3o qualificada: a ocupa\u00e7\u00e3o de s\u00edndico profissional\" \/>\n<meta property=\"og:description\" content=\"Entenda mais sobre o curso de forma\u00e7\u00e3o de s\u00edndico profissional da Pr\u00f3-S\u00edndico, atribui\u00e7\u00f5es, deveres e vantagens da profiss\u00e3o.\" \/>\n<meta property=\"og:url\" content=\"https:\/\/minhaportaria.com\/en\/portaria-remota\/ocupacao-de-sindico-profissional\/\" \/>\n<meta property=\"og:site_name\" content=\"Minha Portaria\" \/>\n<meta property=\"article:published_time\" content=\"2020-06-20T02:55:58+00:00\" \/>\n<meta property=\"og:image\" content=\"https:\/\/minhaportaria.com\/wp-content\/uploads\/2020\/06\/CURSO-DE-SINDICOS-PROFISSIONAL.jpg\" \/>\n\t<meta property=\"og:image:width\" content=\"750\" \/>\n\t<meta property=\"og:image:height\" content=\"500\" \/>\n\t<meta property=\"og:image:type\" content=\"image\/jpeg\" \/>\n<meta name=\"author\" content=\"Walter Uvo\" \/>\n<meta name=\"twitter:card\" content=\"summary_large_image\" \/>\n<meta name=\"twitter:label1\" content=\"Written by\" \/>\n\t<meta name=\"twitter:data1\" content=\"Walter Uvo\" \/>\n\t<meta name=\"twitter:label2\" content=\"Est. reading time\" \/>\n\t<meta name=\"twitter:data2\" content=\"4 minutes\" \/>\n<script type=\"application\/ld+json\" class=\"yoast-schema-graph\">{\"@context\":\"https:\/\/schema.org\",\"@graph\":[{\"@type\":\"Article\",\"@id\":\"https:\/\/minhaportaria.com\/es\/portaria-remota\/ocupacao-de-sindico-profissional\/#article\",\"isPartOf\":{\"@id\":\"https:\/\/minhaportaria.com\/es\/portaria-remota\/ocupacao-de-sindico-profissional\/\"},\"author\":{\"name\":\"Walter Uvo\",\"@id\":\"https:\/\/minhaportaria.com\/#\/schema\/person\/1b60f6ffb6cc2dbfd6334e412ca16faf\"},\"headline\":\"Gest\u00e3o qualificada: a ocupa\u00e7\u00e3o de s\u00edndico profissional\",\"datePublished\":\"2020-06-20T02:55:58+00:00\",\"dateModified\":\"2020-06-20T02:55:58+00:00\",\"mainEntityOfPage\":{\"@id\":\"https:\/\/minhaportaria.com\/es\/portaria-remota\/ocupacao-de-sindico-profissional\/\"},\"wordCount\":905,\"commentCount\":0,\"publisher\":{\"@id\":\"https:\/\/minhaportaria.com\/#organization\"},\"image\":{\"@id\":\"https:\/\/minhaportaria.com\/es\/portaria-remota\/ocupacao-de-sindico-profissional\/#primaryimage\"},\"thumbnailUrl\":\"https:\/\/minhaportaria.com\/wp-content\/uploads\/2020\/06\/CURSO-DE-SINDICOS-PROFISSIONAL.jpg\",\"keywords\":[\"administracao de condominios com portaria remota\",\"administrador de condom\u00ednio\",\"gest\u00e3o de condom\u00ednio\",\"gest\u00e3o de edif\u00edcios\",\"portaria digital\",\"portaria inteligente\",\"PORTARIA REMOTA\",\"sindica\",\"s\u00edndicas\",\"sindico\",\"sindico iniciante\",\"s\u00edndico profissional\",\"sindicos\"],\"articleSection\":[\"Administra\u00e7\u00e3o de Condom\u00ednios\",\"Portaria Remota\",\"S\u00edndico\"],\"inLanguage\":\"en-US\",\"potentialAction\":[{\"@type\":\"CommentAction\",\"name\":\"Comment\",\"target\":[\"https:\/\/minhaportaria.com\/es\/portaria-remota\/ocupacao-de-sindico-profissional\/#respond\"]}]},{\"@type\":\"WebPage\",\"@id\":\"https:\/\/minhaportaria.com\/es\/portaria-remota\/ocupacao-de-sindico-profissional\/\",\"url\":\"https:\/\/minhaportaria.com\/es\/portaria-remota\/ocupacao-de-sindico-profissional\/\",\"name\":\"Gest\u00e3o qualificada: a ocupa\u00e7\u00e3o de s\u00edndico profissional\",\"isPartOf\":{\"@id\":\"https:\/\/minhaportaria.com\/#website\"},\"primaryImageOfPage\":{\"@id\":\"https:\/\/minhaportaria.com\/es\/portaria-remota\/ocupacao-de-sindico-profissional\/#primaryimage\"},\"image\":{\"@id\":\"https:\/\/minhaportaria.com\/es\/portaria-remota\/ocupacao-de-sindico-profissional\/#primaryimage\"},\"thumbnailUrl\":\"https:\/\/minhaportaria.com\/wp-content\/uploads\/2020\/06\/CURSO-DE-SINDICOS-PROFISSIONAL.jpg\",\"datePublished\":\"2020-06-20T02:55:58+00:00\",\"dateModified\":\"2020-06-20T02:55:58+00:00\",\"description\":\"Entenda mais sobre o curso de forma\u00e7\u00e3o de s\u00edndico profissional da Pr\u00f3-S\u00edndico, atribui\u00e7\u00f5es, deveres e vantagens da profiss\u00e3o.\",\"breadcrumb\":{\"@id\":\"https:\/\/minhaportaria.com\/es\/portaria-remota\/ocupacao-de-sindico-profissional\/#breadcrumb\"},\"inLanguage\":\"en-US\",\"potentialAction\":[{\"@type\":\"ReadAction\",\"target\":[\"https:\/\/minhaportaria.com\/es\/portaria-remota\/ocupacao-de-sindico-profissional\/\"]}]},{\"@type\":\"ImageObject\",\"inLanguage\":\"en-US\",\"@id\":\"https:\/\/minhaportaria.com\/es\/portaria-remota\/ocupacao-de-sindico-profissional\/#primaryimage\",\"url\":\"https:\/\/minhaportaria.com\/wp-content\/uploads\/2020\/06\/CURSO-DE-SINDICOS-PROFISSIONAL.jpg\",\"contentUrl\":\"https:\/\/minhaportaria.com\/wp-content\/uploads\/2020\/06\/CURSO-DE-SINDICOS-PROFISSIONAL.jpg\",\"width\":750,\"height\":500,\"caption\":\"Curso de s\u00edndicos profissional oferecido pelo Pr\u00f3-S\u00edndico\"},{\"@type\":\"BreadcrumbList\",\"@id\":\"https:\/\/minhaportaria.com\/es\/portaria-remota\/ocupacao-de-sindico-profissional\/#breadcrumb\",\"itemListElement\":[{\"@type\":\"ListItem\",\"position\":1,\"name\":\"Home\",\"item\":\"https:\/\/minhaportaria.com\/\"},{\"@type\":\"ListItem\",\"position\":2,\"name\":\"Administra\u00e7\u00e3o de Condom\u00ednios\",\"item\":\"https:\/\/minhaportaria.com\/en\/category\/administracao-de-condominios\/\"},{\"@type\":\"ListItem\",\"position\":3,\"name\":\"Gest\u00e3o qualificada: a ocupa\u00e7\u00e3o de s\u00edndico profissional\"}]},{\"@type\":\"WebSite\",\"@id\":\"https:\/\/minhaportaria.com\/#website\",\"url\":\"https:\/\/minhaportaria.com\/\",\"name\":\"Minha Portaria\",\"description\":\"\",\"publisher\":{\"@id\":\"https:\/\/minhaportaria.com\/#organization\"},\"potentialAction\":[{\"@type\":\"SearchAction\",\"target\":{\"@type\":\"EntryPoint\",\"urlTemplate\":\"https:\/\/minhaportaria.com\/?s={search_term_string}\"},\"query-input\":{\"@type\":\"PropertyValueSpecification\",\"valueRequired\":true,\"valueName\":\"search_term_string\"}}],\"inLanguage\":\"en-US\"},{\"@type\":\"Organization\",\"@id\":\"https:\/\/minhaportaria.com\/#organization\",\"name\":\"Minha Portaria\",\"url\":\"https:\/\/minhaportaria.com\/\",\"logo\":{\"@type\":\"ImageObject\",\"inLanguage\":\"en-US\",\"@id\":\"https:\/\/minhaportaria.com\/#\/schema\/logo\/image\/\",\"url\":\"https:\/\/minhaportaria.com\/wp-content\/uploads\/2021\/01\/logo-home-175854.png\",\"contentUrl\":\"https:\/\/minhaportaria.com\/wp-content\/uploads\/2021\/01\/logo-home-175854.png\",\"width\":134,\"height\":62,\"caption\":\"Minha Portaria \"},\"image\":{\"@id\":\"https:\/\/minhaportaria.com\/#\/schema\/logo\/image\/\"}},{\"@type\":\"Person\",\"@id\":\"https:\/\/minhaportaria.com\/#\/schema\/person\/1b60f6ffb6cc2dbfd6334e412ca16faf\",\"name\":\"Walter Uvo\",\"image\":{\"@type\":\"ImageObject\",\"inLanguage\":\"en-US\",\"@id\":\"https:\/\/minhaportaria.com\/#\/schema\/person\/image\/\",\"url\":\"https:\/\/secure.gravatar.com\/avatar\/ed74b837a4835d4a7b377236f4b28538?s=96&d=mm&r=g\",\"contentUrl\":\"https:\/\/secure.gravatar.com\/avatar\/ed74b837a4835d4a7b377236f4b28538?s=96&d=mm&r=g\",\"caption\":\"Walter Uvo\"},\"url\":\"https:\/\/minhaportaria.com\/en\/author\/walter-uvo\/\"}]}<\/script>\n<!-- \/ Yoast SEO plugin. -->","yoast_head_json":{"title":"Gest\u00e3o qualificada: a ocupa\u00e7\u00e3o de s\u00edndico profissional","description":"Entenda mais sobre o curso de forma\u00e7\u00e3o de s\u00edndico profissional da Pr\u00f3-S\u00edndico, atribui\u00e7\u00f5es, deveres e vantagens da profiss\u00e3o.","robots":{"index":"index","follow":"follow","max-snippet":"max-snippet:-1","max-image-preview":"max-image-preview:large","max-video-preview":"max-video-preview:-1"},"canonical":"https:\/\/minhaportaria.com\/en\/portaria-remota\/ocupacao-de-sindico-profissional\/","og_locale":"en_US","og_type":"article","og_title":"Gest\u00e3o qualificada: a ocupa\u00e7\u00e3o de s\u00edndico profissional","og_description":"Entenda mais sobre o curso de forma\u00e7\u00e3o de s\u00edndico profissional da Pr\u00f3-S\u00edndico, atribui\u00e7\u00f5es, deveres e vantagens da profiss\u00e3o.","og_url":"https:\/\/minhaportaria.com\/en\/portaria-remota\/ocupacao-de-sindico-profissional\/","og_site_name":"Minha Portaria","article_published_time":"2020-06-20T02:55:58+00:00","og_image":[{"width":750,"height":500,"url":"https:\/\/minhaportaria.com\/wp-content\/uploads\/2020\/06\/CURSO-DE-SINDICOS-PROFISSIONAL.jpg","type":"image\/jpeg"}],"author":"Walter Uvo","twitter_card":"summary_large_image","twitter_misc":{"Written by":"Walter Uvo","Est. reading time":"4 minutes"},"schema":{"@context":"https:\/\/schema.org","@graph":[{"@type":"Article","@id":"https:\/\/minhaportaria.com\/es\/portaria-remota\/ocupacao-de-sindico-profissional\/#article","isPartOf":{"@id":"https:\/\/minhaportaria.com\/es\/portaria-remota\/ocupacao-de-sindico-profissional\/"},"author":{"name":"Walter Uvo","@id":"https:\/\/minhaportaria.com\/#\/schema\/person\/1b60f6ffb6cc2dbfd6334e412ca16faf"},"headline":"Gest\u00e3o qualificada: a ocupa\u00e7\u00e3o de s\u00edndico profissional","datePublished":"2020-06-20T02:55:58+00:00","dateModified":"2020-06-20T02:55:58+00:00","mainEntityOfPage":{"@id":"https:\/\/minhaportaria.com\/es\/portaria-remota\/ocupacao-de-sindico-profissional\/"},"wordCount":905,"commentCount":0,"publisher":{"@id":"https:\/\/minhaportaria.com\/#organization"},"image":{"@id":"https:\/\/minhaportaria.com\/es\/portaria-remota\/ocupacao-de-sindico-profissional\/#primaryimage"},"thumbnailUrl":"https:\/\/minhaportaria.com\/wp-content\/uploads\/2020\/06\/CURSO-DE-SINDICOS-PROFISSIONAL.jpg","keywords":["administracao de condominios com portaria remota","administrador de condom\u00ednio","gest\u00e3o de condom\u00ednio","gest\u00e3o de edif\u00edcios","portaria digital","portaria inteligente","PORTARIA REMOTA","sindica","s\u00edndicas","sindico","sindico iniciante","s\u00edndico profissional","sindicos"],"articleSection":["Administra\u00e7\u00e3o de Condom\u00ednios","Portaria Remota","S\u00edndico"],"inLanguage":"en-US","potentialAction":[{"@type":"CommentAction","name":"Comment","target":["https:\/\/minhaportaria.com\/es\/portaria-remota\/ocupacao-de-sindico-profissional\/#respond"]}]},{"@type":"WebPage","@id":"https:\/\/minhaportaria.com\/es\/portaria-remota\/ocupacao-de-sindico-profissional\/","url":"https:\/\/minhaportaria.com\/es\/portaria-remota\/ocupacao-de-sindico-profissional\/","name":"Gest\u00e3o qualificada: a ocupa\u00e7\u00e3o de s\u00edndico profissional","isPartOf":{"@id":"https:\/\/minhaportaria.com\/#website"},"primaryImageOfPage":{"@id":"https:\/\/minhaportaria.com\/es\/portaria-remota\/ocupacao-de-sindico-profissional\/#primaryimage"},"image":{"@id":"https:\/\/minhaportaria.com\/es\/portaria-remota\/ocupacao-de-sindico-profissional\/#primaryimage"},"thumbnailUrl":"https:\/\/minhaportaria.com\/wp-content\/uploads\/2020\/06\/CURSO-DE-SINDICOS-PROFISSIONAL.jpg","datePublished":"2020-06-20T02:55:58+00:00","dateModified":"2020-06-20T02:55:58+00:00","description":"Entenda mais sobre o curso de forma\u00e7\u00e3o de s\u00edndico profissional da Pr\u00f3-S\u00edndico, atribui\u00e7\u00f5es, deveres e vantagens da profiss\u00e3o.","breadcrumb":{"@id":"https:\/\/minhaportaria.com\/es\/portaria-remota\/ocupacao-de-sindico-profissional\/#breadcrumb"},"inLanguage":"en-US","potentialAction":[{"@type":"ReadAction","target":["https:\/\/minhaportaria.com\/es\/portaria-remota\/ocupacao-de-sindico-profissional\/"]}]},{"@type":"ImageObject","inLanguage":"en-US","@id":"https:\/\/minhaportaria.com\/es\/portaria-remota\/ocupacao-de-sindico-profissional\/#primaryimage","url":"https:\/\/minhaportaria.com\/wp-content\/uploads\/2020\/06\/CURSO-DE-SINDICOS-PROFISSIONAL.jpg","contentUrl":"https:\/\/minhaportaria.com\/wp-content\/uploads\/2020\/06\/CURSO-DE-SINDICOS-PROFISSIONAL.jpg","width":750,"height":500,"caption":"Curso de s\u00edndicos profissional oferecido pelo Pr\u00f3-S\u00edndico"},{"@type":"BreadcrumbList","@id":"https:\/\/minhaportaria.com\/es\/portaria-remota\/ocupacao-de-sindico-profissional\/#breadcrumb","itemListElement":[{"@type":"ListItem","position":1,"name":"Home","item":"https:\/\/minhaportaria.com\/"},{"@type":"ListItem","position":2,"name":"Administra\u00e7\u00e3o de Condom\u00ednios","item":"https:\/\/minhaportaria.com\/en\/category\/administracao-de-condominios\/"},{"@type":"ListItem","position":3,"name":"Gest\u00e3o qualificada: a ocupa\u00e7\u00e3o de s\u00edndico profissional"}]},{"@type":"WebSite","@id":"https:\/\/minhaportaria.com\/#website","url":"https:\/\/minhaportaria.com\/","name":"Minha Portaria","description":"","publisher":{"@id":"https:\/\/minhaportaria.com\/#organization"},"potentialAction":[{"@type":"SearchAction","target":{"@type":"EntryPoint","urlTemplate":"https:\/\/minhaportaria.com\/?s={search_term_string}"},"query-input":{"@type":"PropertyValueSpecification","valueRequired":true,"valueName":"search_term_string"}}],"inLanguage":"en-US"},{"@type":"Organization","@id":"https:\/\/minhaportaria.com\/#organization","name":"Minha Portaria","url":"https:\/\/minhaportaria.com\/","logo":{"@type":"ImageObject","inLanguage":"en-US","@id":"https:\/\/minhaportaria.com\/#\/schema\/logo\/image\/","url":"https:\/\/minhaportaria.com\/wp-content\/uploads\/2021\/01\/logo-home-175854.png","contentUrl":"https:\/\/minhaportaria.com\/wp-content\/uploads\/2021\/01\/logo-home-175854.png","width":134,"height":62,"caption":"Minha Portaria "},"image":{"@id":"https:\/\/minhaportaria.com\/#\/schema\/logo\/image\/"}},{"@type":"Person","@id":"https:\/\/minhaportaria.com\/#\/schema\/person\/1b60f6ffb6cc2dbfd6334e412ca16faf","name":"Walter Uvo","image":{"@type":"ImageObject","inLanguage":"en-US","@id":"https:\/\/minhaportaria.com\/#\/schema\/person\/image\/","url":"https:\/\/secure.gravatar.com\/avatar\/ed74b837a4835d4a7b377236f4b28538?s=96&d=mm&r=g","contentUrl":"https:\/\/secure.gravatar.com\/avatar\/ed74b837a4835d4a7b377236f4b28538?s=96&d=mm&r=g","caption":"Walter Uvo"},"url":"https:\/\/minhaportaria.com\/en\/author\/walter-uvo\/"}]}},"_links":{"self":[{"href":"https:\/\/minhaportaria.com\/en\/wp-json\/wp\/v2\/posts\/1839"}],"collection":[{"href":"https:\/\/minhaportaria.com\/en\/wp-json\/wp\/v2\/posts"}],"about":[{"href":"https:\/\/minhaportaria.com\/en\/wp-json\/wp\/v2\/types\/post"}],"author":[{"embeddable":true,"href":"https:\/\/minhaportaria.com\/en\/wp-json\/wp\/v2\/users\/13"}],"replies":[{"embeddable":true,"href":"https:\/\/minhaportaria.com\/en\/wp-json\/wp\/v2\/comments?post=1839"}],"version-history":[{"count":0,"href":"https:\/\/minhaportaria.com\/en\/wp-json\/wp\/v2\/posts\/1839\/revisions"}],"wp:featuredmedia":[{"embeddable":true,"href":"https:\/\/minhaportaria.com\/en\/wp-json\/wp\/v2\/media\/1842"}],"wp:attachment":[{"href":"https:\/\/minhaportaria.com\/en\/wp-json\/wp\/v2\/media?parent=1839"}],"wp:term":[{"taxonomy":"category","embeddable":true,"href":"https:\/\/minhaportaria.com\/en\/wp-json\/wp\/v2\/categories?post=1839"},{"taxonomy":"post_tag","embeddable":true,"href":"https:\/\/minhaportaria.com\/en\/wp-json\/wp\/v2\/tags?post=1839"}],"curies":[{"name":"wp","href":"https:\/\/api.w.org\/{rel}","templated":true}]}}