{"id":1703,"date":"2020-05-27T01:15:35","date_gmt":"2020-05-27T04:15:35","guid":{"rendered":"https:\/\/blog.minhaportaria.com\/?p=1703"},"modified":"2020-05-27T01:15:35","modified_gmt":"2020-05-27T04:15:35","slug":"como-ser-sindico","status":"publish","type":"post","link":"https:\/\/minhaportaria.com\/en\/administracao-de-condominios\/como-ser-sindico\/","title":{"rendered":"Como ser s\u00edndico: tudo o que voc\u00ea precisa saber sobre a profiss\u00e3o"},"content":{"rendered":"<div data-elementor-type=\"wp-post\" data-elementor-id=\"1703\" class=\"elementor elementor-1703\" data-elementor-post-type=\"post\">\n\t\t\t\t\t\t<section class=\"has_ae_slider elementor-section elementor-top-section elementor-element elementor-element-df26aa4 elementor-section-boxed elementor-section-height-default elementor-section-height-default ae-bg-gallery-type-default\" data-id=\"df26aa4\" data-element_type=\"section\" data-settings=\"{&quot;jet_parallax_layout_list&quot;:[]}\">\n\t\t\t\t\t\t<div class=\"elementor-container elementor-column-gap-default\">\n\t\t\t\t\t<div class=\"has_ae_slider elementor-column elementor-col-100 elementor-top-column elementor-element elementor-element-55ee17c ae-bg-gallery-type-default\" data-id=\"55ee17c\" data-element_type=\"column\">\n\t\t\t<div class=\"elementor-widget-wrap elementor-element-populated\">\n\t\t\t\t\t\t<div class=\"elementor-element elementor-element-90191c4 elementor-widget elementor-widget-text-editor\" data-id=\"90191c4\" data-element_type=\"widget\" data-widget_type=\"text-editor.default\">\n\t\t\t\t<div class=\"elementor-widget-container\">\n\t\t\t\t\t\t\t<p class=\"has-text-align-center\"><em><strong>Compreenda aqui diversos pontos sobre como ser s\u00edndico: leis, responsabilidades, habilidades e caracter\u00edsticas para uma boa administra\u00e7\u00e3o de condom\u00ednio<\/strong><\/em><\/p>\t\t\t\t\t\t<\/div>\n\t\t\t\t<\/div>\n\t\t\t\t\t<\/div>\n\t\t<\/div>\n\t\t\t\t\t<\/div>\n\t\t<\/section>\n\t\t\t\t<section class=\"has_ae_slider elementor-section elementor-top-section elementor-element elementor-element-4a82d8c elementor-section-boxed elementor-section-height-default elementor-section-height-default ae-bg-gallery-type-default\" data-id=\"4a82d8c\" data-element_type=\"section\" data-settings=\"{&quot;jet_parallax_layout_list&quot;:[]}\">\n\t\t\t\t\t\t<div class=\"elementor-container elementor-column-gap-default\">\n\t\t\t\t\t<div class=\"has_ae_slider elementor-column elementor-col-100 elementor-top-column elementor-element elementor-element-6cd5a65 ae-bg-gallery-type-default\" data-id=\"6cd5a65\" data-element_type=\"column\">\n\t\t\t<div class=\"elementor-widget-wrap elementor-element-populated\">\n\t\t\t\t\t\t<div class=\"elementor-element elementor-element-c7dd61c elementor-widget elementor-widget-text-editor\" data-id=\"c7dd61c\" data-element_type=\"widget\" data-widget_type=\"text-editor.default\">\n\t\t\t\t<div class=\"elementor-widget-container\">\n\t\t\t\t\t\t\t<p>O s\u00edndico \u00e9 uma das figuras mais importantes de um condom\u00ednio. Seu of\u00edcio exige disciplina, responsabilidade, aprendizado e uma cont\u00ednua busca por qualifica\u00e7\u00f5es.\u00a0<\/p><p>Ao ser eleito s\u00edndico, o mandato do profissional ter\u00e1 dura\u00e7\u00e3o de 2 anos e, quando bem orientado, sem d\u00favidas seu trabalho trar\u00e1 impacto na vida de todos os moradores do edif\u00edcio.\u00a0<\/p><p>Por\u00e9m, de in\u00edcio, a profiss\u00e3o pode ser desafiadora e complexa. Assim, quando eleito s\u00edndico, cabe o questionamento: o que fazer? \u00c9\u00a0 por isso que compilamos nesta mat\u00e9ria tudo o que voc\u00ea precisa saber sobre como ser s\u00edndico.\u00a0<\/p>\t\t\t\t\t\t<\/div>\n\t\t\t\t<\/div>\n\t\t\t\t\t<\/div>\n\t\t<\/div>\n\t\t\t\t\t<\/div>\n\t\t<\/section>\n\t\t\t\t<section class=\"has_ae_slider elementor-section elementor-top-section elementor-element elementor-element-f01e62c elementor-section-boxed elementor-section-height-default elementor-section-height-default ae-bg-gallery-type-default\" data-id=\"f01e62c\" data-element_type=\"section\" data-settings=\"{&quot;jet_parallax_layout_list&quot;:[]}\">\n\t\t\t\t\t\t<div class=\"elementor-container elementor-column-gap-default\">\n\t\t\t\t\t<div class=\"has_ae_slider elementor-column elementor-col-100 elementor-top-column elementor-element elementor-element-2753d77 ae-bg-gallery-type-default\" data-id=\"2753d77\" data-element_type=\"column\">\n\t\t\t<div class=\"elementor-widget-wrap elementor-element-populated\">\n\t\t\t\t\t\t<div class=\"elementor-element elementor-element-219741e elementor-widget elementor-widget-text-editor\" data-id=\"219741e\" data-element_type=\"widget\" data-widget_type=\"text-editor.default\">\n\t\t\t\t<div class=\"elementor-widget-container\">\n\t\t\t\t\t\t\t<p>Antes de tudo, \u00e9 preciso compreender que o s\u00edndico \u00e9 o respons\u00e1vel legal pelo edif\u00edcio.&nbsp;<\/p><p>Portanto, listamos as seis principais responsabilidades: civil, criminal, trabalhista, tribut\u00e1ria, previdenci\u00e1ria e ambiental. Isso quer dizer que, numa administra\u00e7\u00e3o de condom\u00ednio bem sucedida, o s\u00edndico precisa estar a par de todos esses deveres.<\/p>\t\t\t\t\t\t<\/div>\n\t\t\t\t<\/div>\n\t\t\t\t\t<\/div>\n\t\t<\/div>\n\t\t\t\t\t<\/div>\n\t\t<\/section>\n\t\t\t\t<section class=\"has_ae_slider elementor-section elementor-top-section elementor-element elementor-element-8b5861a elementor-section-boxed elementor-section-height-default elementor-section-height-default ae-bg-gallery-type-default\" data-id=\"8b5861a\" data-element_type=\"section\" data-settings=\"{&quot;jet_parallax_layout_list&quot;:[]}\">\n\t\t\t\t\t\t<div class=\"elementor-container elementor-column-gap-default\">\n\t\t\t\t\t<div class=\"has_ae_slider elementor-column elementor-col-100 elementor-top-column elementor-element elementor-element-6100f53 ae-bg-gallery-type-default\" data-id=\"6100f53\" data-element_type=\"column\">\n\t\t\t<div class=\"elementor-widget-wrap elementor-element-populated\">\n\t\t\t\t\t\t<div class=\"elementor-element elementor-element-f95ab22 elementor-widget elementor-widget-text-editor\" data-id=\"f95ab22\" data-element_type=\"widget\" data-widget_type=\"text-editor.default\">\n\t\t\t\t<div class=\"elementor-widget-container\">\n\t\t\t\t\t\t\t<h2>Elei\u00e7\u00f5es de um s\u00edndico<\/h2>\t\t\t\t\t\t<\/div>\n\t\t\t\t<\/div>\n\t\t\t\t\t<\/div>\n\t\t<\/div>\n\t\t\t\t\t<\/div>\n\t\t<\/section>\n\t\t\t\t<section class=\"has_ae_slider elementor-section elementor-top-section elementor-element elementor-element-56823b3 elementor-section-boxed elementor-section-height-default elementor-section-height-default ae-bg-gallery-type-default\" data-id=\"56823b3\" data-element_type=\"section\" data-settings=\"{&quot;jet_parallax_layout_list&quot;:[]}\">\n\t\t\t\t\t\t<div class=\"elementor-container elementor-column-gap-default\">\n\t\t\t\t\t<div class=\"has_ae_slider elementor-column elementor-col-100 elementor-top-column elementor-element elementor-element-7e59b0f ae-bg-gallery-type-default\" data-id=\"7e59b0f\" data-element_type=\"column\">\n\t\t\t<div class=\"elementor-widget-wrap elementor-element-populated\">\n\t\t\t\t\t\t<div class=\"elementor-element elementor-element-2dd4000 elementor-widget elementor-widget-text-editor\" data-id=\"2dd4000\" data-element_type=\"widget\" data-widget_type=\"text-editor.default\">\n\t\t\t\t<div class=\"elementor-widget-container\">\n\t\t\t\t\t\t\t<p>A elei\u00e7\u00e3o para a administra\u00e7\u00e3o de condom\u00ednio de um s\u00edndico \u00e9 um momento de extrema import\u00e2ncia. Afinal, \u00e9 a partir da aprova\u00e7\u00e3o pelos demais moradores que seu mandato ter\u00e1 in\u00edcio. e a pessoa eleita se tornar\u00e1 s\u00edndica, oficialmente.<\/p>\t\t\t\t\t\t<\/div>\n\t\t\t\t<\/div>\n\t\t\t\t\t<\/div>\n\t\t<\/div>\n\t\t\t\t\t<\/div>\n\t\t<\/section>\n\t\t\t\t<section class=\"has_ae_slider elementor-section elementor-top-section elementor-element elementor-element-6ca977b elementor-section-boxed elementor-section-height-default elementor-section-height-default ae-bg-gallery-type-default\" data-id=\"6ca977b\" data-element_type=\"section\" data-settings=\"{&quot;jet_parallax_layout_list&quot;:[]}\">\n\t\t\t\t\t\t<div class=\"elementor-container elementor-column-gap-default\">\n\t\t\t\t\t<div class=\"has_ae_slider elementor-column elementor-col-100 elementor-top-column elementor-element elementor-element-25972b4 ae-bg-gallery-type-default\" data-id=\"25972b4\" data-element_type=\"column\">\n\t\t\t<div class=\"elementor-widget-wrap elementor-element-populated\">\n\t\t\t\t\t\t<div class=\"elementor-element elementor-element-9f79d1a elementor-widget elementor-widget-text-editor\" data-id=\"9f79d1a\" data-element_type=\"widget\" data-widget_type=\"text-editor.default\">\n\t\t\t\t<div class=\"elementor-widget-container\">\n\t\t\t\t\t\t\t<p>O C\u00f3digo Civil oferece fun\u00e7\u00f5es e atribui\u00e7\u00f5es do gestor de condom\u00ednios, mas n\u00e3o possui regras espec\u00edficas sobre as elei\u00e7\u00f5es.\u00a0<\/p><p>De acordo com a lei federal, qualquer pessoa pode ser s\u00edndico, seja essa pessoa cond\u00f4mino ou n\u00e3o. Al\u00e9m disso, \u00e9 importante destacar que, para ser s\u00edndico, o mandato ter\u00e1 dura\u00e7\u00e3o de at\u00e9 2 anos, podendo ser restitu\u00eddo a qualquer momento, dependendo da vontade dos demais moradores.<\/p>\t\t\t\t\t\t<\/div>\n\t\t\t\t<\/div>\n\t\t\t\t\t<\/div>\n\t\t<\/div>\n\t\t\t\t\t<\/div>\n\t\t<\/section>\n\t\t\t\t<section class=\"has_ae_slider elementor-section elementor-top-section elementor-element elementor-element-fb54128 elementor-section-boxed elementor-section-height-default elementor-section-height-default ae-bg-gallery-type-default\" data-id=\"fb54128\" data-element_type=\"section\" data-settings=\"{&quot;jet_parallax_layout_list&quot;:[]}\">\n\t\t\t\t\t\t<div class=\"elementor-container elementor-column-gap-default\">\n\t\t\t\t\t<div class=\"has_ae_slider elementor-column elementor-col-50 elementor-top-column elementor-element elementor-element-50cc53b ae-bg-gallery-type-default\" data-id=\"50cc53b\" data-element_type=\"column\">\n\t\t\t<div class=\"elementor-widget-wrap elementor-element-populated\">\n\t\t\t\t\t\t<div class=\"elementor-element elementor-element-1e3ba6d elementor-widget elementor-widget-text-editor\" data-id=\"1e3ba6d\" data-element_type=\"widget\" data-widget_type=\"text-editor.default\">\n\t\t\t\t<div class=\"elementor-widget-container\">\n\t\t\t\t\t\t\t<h2>Como organizar a elei\u00e7\u00e3o de um s\u00edndico<\/h2>\t\t\t\t\t\t<\/div>\n\t\t\t\t<\/div>\n\t\t\t\t<div class=\"elementor-element elementor-element-9b3d6f4 elementor-widget elementor-widget-text-editor\" data-id=\"9b3d6f4\" data-element_type=\"widget\" data-widget_type=\"text-editor.default\">\n\t\t\t\t<div class=\"elementor-widget-container\">\n\t\t\t\t\t\t\t<p>O primeiro passo para se tornar s\u00edndico \u00e9 realizando uma elei\u00e7\u00e3o.<\/p><p>Assim, \u00e9 preciso comunicar todos os cond\u00f4minos com ao menos 30 dias de anteced\u00eancia.\u00a0<\/p><p>Dessa forma, os moradores poder\u00e3o se preparar e evitar conflitos.\u00a0<\/p>\t\t\t\t\t\t<\/div>\n\t\t\t\t<\/div>\n\t\t\t\t\t<\/div>\n\t\t<\/div>\n\t\t\t\t<div class=\"has_ae_slider elementor-column elementor-col-50 elementor-top-column elementor-element elementor-element-24f4111 ae-bg-gallery-type-default\" data-id=\"24f4111\" data-element_type=\"column\">\n\t\t\t<div class=\"elementor-widget-wrap elementor-element-populated\">\n\t\t\t\t\t\t<div class=\"elementor-element elementor-element-7132537 elementor-widget elementor-widget-text-editor\" data-id=\"7132537\" data-element_type=\"widget\" data-widget_type=\"text-editor.default\">\n\t\t\t\t<div class=\"elementor-widget-container\">\n\t\t\t\t\t\t\t<p>\u00a0<\/p>\n<p>\u00a0<\/p>\n<p>\u00a0<\/p>\n<p>\u00a0<\/p>\t\t\t\t\t\t<\/div>\n\t\t\t\t<\/div>\n\t\t\t\t<div class=\"elementor-element elementor-element-645d31c elementor-widget elementor-widget-image\" data-id=\"645d31c\" data-element_type=\"widget\" data-widget_type=\"image.default\">\n\t\t\t\t<div class=\"elementor-widget-container\">\n\t\t\t\t\t\t\t\t\t\t\t\t\t<img decoding=\"async\" src=\"https:\/\/blog.minhaportaria.com\/wp-content\/uploads\/2020\/05\/ORGANIZAR-ELEICAO-DO-SINDICO.jpeg\" title=\"\" alt=\"\" loading=\"lazy\" \/>\t\t\t\t\t\t\t\t\t\t\t\t\t<\/div>\n\t\t\t\t<\/div>\n\t\t\t\t\t<\/div>\n\t\t<\/div>\n\t\t\t\t\t<\/div>\n\t\t<\/section>\n\t\t\t\t<section class=\"has_ae_slider elementor-section elementor-top-section elementor-element elementor-element-d456378 elementor-section-boxed elementor-section-height-default elementor-section-height-default ae-bg-gallery-type-default\" data-id=\"d456378\" data-element_type=\"section\" data-settings=\"{&quot;jet_parallax_layout_list&quot;:[]}\">\n\t\t\t\t\t\t<div class=\"elementor-container elementor-column-gap-default\">\n\t\t\t\t\t<div class=\"has_ae_slider elementor-column elementor-col-100 elementor-top-column elementor-element elementor-element-ea830b7 ae-bg-gallery-type-default\" data-id=\"ea830b7\" data-element_type=\"column\">\n\t\t\t<div class=\"elementor-widget-wrap elementor-element-populated\">\n\t\t\t\t\t\t<div class=\"elementor-element elementor-element-86abd18 elementor-widget elementor-widget-text-editor\" data-id=\"86abd18\" data-element_type=\"widget\" data-widget_type=\"text-editor.default\">\n\t\t\t\t<div class=\"elementor-widget-container\">\n\t\t\t\t\t\t\t<p><span style=\"color: #000000; font-size: 20px; text-align: justify;\">Tamb\u00e9m aconselhamos que o comunicado referente \u00e0 elei\u00e7\u00e3o da nova administra\u00e7\u00e3o do condom\u00ednio seja disponibilizado em todos os espa\u00e7os comuns do edif\u00edcio, como portaria, hall, garagem, p\u00e1tios, elevadores e, at\u00e9 mesmo, de forma online, como em grupos de whatsapp dos moradores.<\/span><\/p>\t\t\t\t\t\t<\/div>\n\t\t\t\t<\/div>\n\t\t\t\t<div class=\"elementor-element elementor-element-597126c elementor-widget elementor-widget-text-editor\" data-id=\"597126c\" data-element_type=\"widget\" data-widget_type=\"text-editor.default\">\n\t\t\t\t<div class=\"elementor-widget-container\">\n\t\t\t\t\t\t\t<h2>Dia da elei\u00e7\u00e3o<\/h2>\t\t\t\t\t\t<\/div>\n\t\t\t\t<\/div>\n\t\t\t\t\t<\/div>\n\t\t<\/div>\n\t\t\t\t\t<\/div>\n\t\t<\/section>\n\t\t\t\t<section class=\"has_ae_slider elementor-section elementor-top-section elementor-element elementor-element-ee68af7 elementor-section-boxed elementor-section-height-default elementor-section-height-default ae-bg-gallery-type-default\" data-id=\"ee68af7\" data-element_type=\"section\" data-settings=\"{&quot;jet_parallax_layout_list&quot;:[]}\">\n\t\t\t\t\t\t<div class=\"elementor-container elementor-column-gap-default\">\n\t\t\t\t\t<div class=\"has_ae_slider elementor-column elementor-col-100 elementor-top-column elementor-element elementor-element-7a515f3 ae-bg-gallery-type-default\" data-id=\"7a515f3\" data-element_type=\"column\">\n\t\t\t<div class=\"elementor-widget-wrap elementor-element-populated\">\n\t\t\t\t\t\t<div class=\"elementor-element elementor-element-94a1e40 elementor-widget elementor-widget-text-editor\" data-id=\"94a1e40\" data-element_type=\"widget\" data-widget_type=\"text-editor.default\">\n\t\t\t\t<div class=\"elementor-widget-container\">\n\t\t\t\t\t\t\t<p>Com a assembleia sendo realizada justamente para esta finalidade, \u00e9 v\u00e1lido listar algumas informa\u00e7\u00f5es:<\/p>\t\t\t\t\t\t<\/div>\n\t\t\t\t<\/div>\n\t\t\t\t\t<\/div>\n\t\t<\/div>\n\t\t\t\t\t<\/div>\n\t\t<\/section>\n\t\t\t\t<section class=\"has_ae_slider elementor-section elementor-top-section elementor-element elementor-element-05c6537 elementor-section-boxed elementor-section-height-default elementor-section-height-default ae-bg-gallery-type-default\" data-id=\"05c6537\" data-element_type=\"section\" data-settings=\"{&quot;jet_parallax_layout_list&quot;:[]}\">\n\t\t\t\t\t\t<div class=\"elementor-container elementor-column-gap-default\">\n\t\t\t\t\t<div class=\"has_ae_slider elementor-column elementor-col-100 elementor-top-column elementor-element elementor-element-4bf6aab ae-bg-gallery-type-default\" data-id=\"4bf6aab\" data-element_type=\"column\">\n\t\t\t<div class=\"elementor-widget-wrap elementor-element-populated\">\n\t\t\t\t\t\t<div class=\"elementor-element elementor-element-5905a02 elementor-widget elementor-widget-text-editor\" data-id=\"5905a02\" data-element_type=\"widget\" data-widget_type=\"text-editor.default\">\n\t\t\t\t<div class=\"elementor-widget-container\">\n\t\t\t\t\t\t\t<ul><li>Somente os propriet\u00e1rios dos im\u00f3veis podem votar. No caso de inquilinos, o direito ao voto \u00e9 concedido mediante procura\u00e7\u00e3o do respectivo dono da unidade.<\/li><li>A candidatura para ser s\u00edndico de condom\u00ednio est\u00e1 vetada para moradores inadimplentes, ou seja, que est\u00e3o em d\u00e9bito com suas obriga\u00e7\u00f5es condominiais.<\/li><li>Ao contr\u00e1rio das elei\u00e7\u00f5es convencionais, a boca de urna (propaganda de candidatos no dia da elei\u00e7\u00e3o) \u00e9 permitida. Assim sendo, \u00e9 livre que todos os candidatos realizem campanhas a favor de outros cond\u00f4minos.<\/li><li>Para se tornar s\u00edndico, a elei\u00e7\u00e3o se d\u00e1 pela maioria de votos dos cond\u00f4minos presentes. Outro ponto interessante \u00e9 que, caso algum morador possua mais de uma unidade no pr\u00e9dio, seu voto ter\u00e1 peso equivalente \u00e0s fra\u00e7\u00f5es ideais.<\/li><\/ul><p>Dessa modo, lembramos que temos uma publica\u00e7\u00e3o espec\u00edfica sobre as assembleias de condom\u00ednios, e voc\u00ea pode conferir<a href=\"https:\/\/blog.minhaportaria.com\/reuniao-de-condominio-se-aprofundando-no-assunto\/\" target=\"_blank\" rel=\"noreferrer noopener\">\u00a0clicando aqui.<\/a><\/p>\t\t\t\t\t\t<\/div>\n\t\t\t\t<\/div>\n\t\t\t\t\t<\/div>\n\t\t<\/div>\n\t\t\t\t\t<\/div>\n\t\t<\/section>\n\t\t\t\t<section class=\"has_ae_slider elementor-section elementor-top-section elementor-element elementor-element-f742e46 elementor-section-boxed elementor-section-height-default elementor-section-height-default ae-bg-gallery-type-default\" data-id=\"f742e46\" data-element_type=\"section\" data-settings=\"{&quot;jet_parallax_layout_list&quot;:[]}\">\n\t\t\t\t\t\t<div class=\"elementor-container elementor-column-gap-default\">\n\t\t\t\t\t<div class=\"has_ae_slider elementor-column elementor-col-100 elementor-top-column elementor-element elementor-element-0049741 ae-bg-gallery-type-default\" data-id=\"0049741\" data-element_type=\"column\">\n\t\t\t<div class=\"elementor-widget-wrap elementor-element-populated\">\n\t\t\t\t\t\t<div class=\"elementor-element elementor-element-ad66a4b elementor-widget elementor-widget-text-editor\" data-id=\"ad66a4b\" data-element_type=\"widget\" data-widget_type=\"text-editor.default\">\n\t\t\t\t<div class=\"elementor-widget-container\">\n\t\t\t\t\t\t\t<h2>Como ser s\u00edndico: habilidades e conhecimentos necess\u00e1rios<\/h2>\t\t\t\t\t\t<\/div>\n\t\t\t\t<\/div>\n\t\t\t\t\t<\/div>\n\t\t<\/div>\n\t\t\t\t\t<\/div>\n\t\t<\/section>\n\t\t\t\t<section class=\"has_ae_slider elementor-section elementor-top-section elementor-element elementor-element-0a70713 elementor-section-boxed elementor-section-height-default elementor-section-height-default ae-bg-gallery-type-default\" data-id=\"0a70713\" data-element_type=\"section\" data-settings=\"{&quot;jet_parallax_layout_list&quot;:[]}\">\n\t\t\t\t\t\t<div class=\"elementor-container elementor-column-gap-default\">\n\t\t\t\t\t<div class=\"has_ae_slider elementor-column elementor-col-100 elementor-top-column elementor-element elementor-element-a1a2db8 ae-bg-gallery-type-default\" data-id=\"a1a2db8\" data-element_type=\"column\">\n\t\t\t<div class=\"elementor-widget-wrap elementor-element-populated\">\n\t\t\t\t\t\t<div class=\"elementor-element elementor-element-3f6f4f2 elementor-widget elementor-widget-text-editor\" data-id=\"3f6f4f2\" data-element_type=\"widget\" data-widget_type=\"text-editor.default\">\n\t\t\t\t<div class=\"elementor-widget-container\">\n\t\t\t\t\t\t\t<p>Acima de tudo, certamente \u00e9 esperado que o gestor de condom\u00ednio possua uma boa capacidade de comunica\u00e7\u00e3o e administra\u00e7\u00e3o. Dito isso, a primeira habilidade essencial que um administrador de edif\u00edcio precisa ter \u00e9 foco e ambi\u00e7\u00e3o pelo conhecimento.<\/p>\t\t\t\t\t\t<\/div>\n\t\t\t\t<\/div>\n\t\t\t\t\t<\/div>\n\t\t<\/div>\n\t\t\t\t\t<\/div>\n\t\t<\/section>\n\t\t\t\t<section class=\"has_ae_slider elementor-section elementor-top-section elementor-element elementor-element-8603a1a elementor-section-boxed elementor-section-height-default elementor-section-height-default ae-bg-gallery-type-default\" data-id=\"8603a1a\" data-element_type=\"section\" data-settings=\"{&quot;jet_parallax_layout_list&quot;:[]}\">\n\t\t\t\t\t\t<div class=\"elementor-container elementor-column-gap-default\">\n\t\t\t\t\t<div class=\"has_ae_slider elementor-column elementor-col-100 elementor-top-column elementor-element elementor-element-f17b4dd ae-bg-gallery-type-default\" data-id=\"f17b4dd\" data-element_type=\"column\">\n\t\t\t<div class=\"elementor-widget-wrap elementor-element-populated\">\n\t\t\t\t\t\t<div class=\"elementor-element elementor-element-f8a6551 elementor-widget elementor-widget-text-editor\" data-id=\"f8a6551\" data-element_type=\"widget\" data-widget_type=\"text-editor.default\">\n\t\t\t\t<div class=\"elementor-widget-container\">\n\t\t\t\t\t\t\t<p>Um dos conhecimentos fundamentais para a boa gest\u00e3o de condom\u00ednio \u00e9 referente \u00e0s leis.\u00a0<\/p><p>Os condom\u00ednios s\u00e3o respaldados pelo C\u00f3digo Civil, pela Conven\u00e7\u00e3o de Condom\u00ednio e pelo Regimento Interno. Cada um possui suas regras e caracter\u00edsticas para o \u00eaxito da conviv\u00eancia. Desta forma, para ser s\u00edndico, \u00e9 preciso estar por dentro dessas normas para que suas a\u00e7\u00f5es n\u00e3o as contrariem.<\/p>\t\t\t\t\t\t<\/div>\n\t\t\t\t<\/div>\n\t\t\t\t\t<\/div>\n\t\t<\/div>\n\t\t\t\t\t<\/div>\n\t\t<\/section>\n\t\t\t\t<section class=\"has_ae_slider elementor-section elementor-top-section elementor-element elementor-element-da149a4 elementor-section-boxed elementor-section-height-default elementor-section-height-default ae-bg-gallery-type-default\" data-id=\"da149a4\" data-element_type=\"section\" data-settings=\"{&quot;jet_parallax_layout_list&quot;:[]}\">\n\t\t\t\t\t\t<div class=\"elementor-container elementor-column-gap-default\">\n\t\t\t\t\t<div class=\"has_ae_slider elementor-column elementor-col-100 elementor-top-column elementor-element elementor-element-886c1db ae-bg-gallery-type-default\" data-id=\"886c1db\" data-element_type=\"column\">\n\t\t\t<div class=\"elementor-widget-wrap elementor-element-populated\">\n\t\t\t\t\t\t<div class=\"elementor-element elementor-element-c97a3d3 elementor-widget elementor-widget-text-editor\" data-id=\"c97a3d3\" data-element_type=\"widget\" data-widget_type=\"text-editor.default\">\n\t\t\t\t<div class=\"elementor-widget-container\">\n\t\t\t\t\t\t\t<p>Em seguida, tamb\u00e9m \u00e9 muito importante que o administrador do edif\u00edcio tenha conhecimento sobre as leis trabalhistas, a CLT e a Lei do Inquilinato, isso porque, durante seu mandato, seu trabalho se dirige a a\u00e7\u00f5es de empregador perante os funcion\u00e1rios do condom\u00ednio.<\/p>\t\t\t\t\t\t<\/div>\n\t\t\t\t<\/div>\n\t\t\t\t\t<\/div>\n\t\t<\/div>\n\t\t\t\t\t<\/div>\n\t\t<\/section>\n\t\t\t\t<section class=\"has_ae_slider elementor-section elementor-top-section elementor-element elementor-element-d79ad08 elementor-section-boxed elementor-section-height-default elementor-section-height-default ae-bg-gallery-type-default\" data-id=\"d79ad08\" data-element_type=\"section\" data-settings=\"{&quot;jet_parallax_layout_list&quot;:[]}\">\n\t\t\t\t\t\t<div class=\"elementor-container elementor-column-gap-default\">\n\t\t\t\t\t<div class=\"has_ae_slider elementor-column elementor-col-100 elementor-top-column elementor-element elementor-element-111bba6 ae-bg-gallery-type-default\" data-id=\"111bba6\" data-element_type=\"column\">\n\t\t\t<div class=\"elementor-widget-wrap elementor-element-populated\">\n\t\t\t\t\t\t<div class=\"elementor-element elementor-element-74a1a36 elementor-widget elementor-widget-text-editor\" data-id=\"74a1a36\" data-element_type=\"widget\" data-widget_type=\"text-editor.default\">\n\t\t\t\t<div class=\"elementor-widget-container\">\n\t\t\t\t\t\t\t<p>J\u00e1 no tocante \u00e0 Lei do Inquilinato, temos que ela \u00e9 um conjunto de regras e normas que regulariza o mercado de alugu\u00e9is residenciais e comerciais no Brasil. O s\u00edndico precisa compreender que existem deveres, direitos e normas tanto para o propriet\u00e1rio quanto para o inquilino.<\/p>\t\t\t\t\t\t<\/div>\n\t\t\t\t<\/div>\n\t\t\t\t\t<\/div>\n\t\t<\/div>\n\t\t\t\t\t<\/div>\n\t\t<\/section>\n\t\t\t\t<section class=\"has_ae_slider elementor-section elementor-top-section elementor-element elementor-element-c492469 elementor-section-boxed elementor-section-height-default elementor-section-height-default ae-bg-gallery-type-default\" data-id=\"c492469\" data-element_type=\"section\" data-settings=\"{&quot;jet_parallax_layout_list&quot;:[]}\">\n\t\t\t\t\t\t<div class=\"elementor-container elementor-column-gap-default\">\n\t\t\t\t\t<div class=\"has_ae_slider elementor-column elementor-col-100 elementor-top-column elementor-element elementor-element-6800b74 ae-bg-gallery-type-default\" data-id=\"6800b74\" data-element_type=\"column\">\n\t\t\t<div class=\"elementor-widget-wrap elementor-element-populated\">\n\t\t\t\t\t\t<div class=\"elementor-element elementor-element-6295559 elementor-widget elementor-widget-text-editor\" data-id=\"6295559\" data-element_type=\"widget\" data-widget_type=\"text-editor.default\">\n\t\t\t\t<div class=\"elementor-widget-container\">\n\t\t\t\t\t\t\t<p>Outro conhecimento importante tem a ver com quest\u00f5es de estrutura\u00e7\u00e3o do edif\u00edcio. No\u00e7\u00f5es de hidr\u00e1ulica, el\u00e9trica e jardinagem s\u00e3o muito desej\u00e1veis e fazem com que, durante a administra\u00e7\u00e3o do condom\u00ednio, problemas sejam identificados o quanto antes e sejam assim bem gerenciados.<\/p>\t\t\t\t\t\t<\/div>\n\t\t\t\t<\/div>\n\t\t\t\t\t<\/div>\n\t\t<\/div>\n\t\t\t\t\t<\/div>\n\t\t<\/section>\n\t\t\t\t<section class=\"has_ae_slider elementor-section elementor-top-section elementor-element elementor-element-d1a7b9f elementor-section-boxed elementor-section-height-default elementor-section-height-default ae-bg-gallery-type-default\" data-id=\"d1a7b9f\" data-element_type=\"section\" data-settings=\"{&quot;jet_parallax_layout_list&quot;:[]}\">\n\t\t\t\t\t\t<div class=\"elementor-container elementor-column-gap-default\">\n\t\t\t\t\t<div class=\"has_ae_slider elementor-column elementor-col-100 elementor-top-column elementor-element elementor-element-d94d6dd ae-bg-gallery-type-default\" data-id=\"d94d6dd\" data-element_type=\"column\">\n\t\t\t<div class=\"elementor-widget-wrap elementor-element-populated\">\n\t\t\t\t\t\t<div class=\"elementor-element elementor-element-84ee111 elementor-widget elementor-widget-text-editor\" data-id=\"84ee111\" data-element_type=\"widget\" data-widget_type=\"text-editor.default\">\n\t\t\t\t<div class=\"elementor-widget-container\">\n\t\t\t\t\t\t\t<p>Por fim, estar inteirado nas finan\u00e7as \u00e9 outro conhecimento essencial para ser um s\u00edndico de sucesso. Pensando no bem coletivo, o s\u00edndico precisa desenvolver m\u00e9todos de <a href=\"https:\/\/blog.minhaportaria.com\/como-administrar-o-fluxo-de-caixa-do-condominio\/\">boa administra\u00e7\u00e3o de caixa<\/a> e, sempre que poss\u00edvel, tentar trazer otimiza\u00e7\u00f5es para a redu\u00e7\u00e3o de custo e diminui\u00e7\u00e3o da taxa condominial.<\/p><p>Pensando nisso, n\u00f3s da MinhaPortaria.Com, disponibilizamos duas planilhas que, certamente, v\u00e3o auxiliar voc\u00ea, s\u00edndico, durante a sua gest\u00e3o. A primeira delas \u00e9 a <a href=\"https:\/\/condominio.minhaportaria.com\/calculadora-taxa-de-condominio\">Calculadora de Taxa de Condom\u00ednio<\/a> e a segunda \u00e9 a <a href=\"https:\/\/condominio.minhaportaria.com\/calculadora-inadimplencia\">Calculadora de Inadimpl\u00eancia<\/a>. Voc\u00ea pode baix\u00e1-las gratuitamente clicando nos links respectivos.<\/p>\t\t\t\t\t\t<\/div>\n\t\t\t\t<\/div>\n\t\t\t\t\t<\/div>\n\t\t<\/div>\n\t\t\t\t\t<\/div>\n\t\t<\/section>\n\t\t\t\t<section class=\"has_ae_slider elementor-section elementor-top-section elementor-element elementor-element-680e9ee elementor-section-boxed elementor-section-height-default elementor-section-height-default ae-bg-gallery-type-default\" data-id=\"680e9ee\" data-element_type=\"section\" data-settings=\"{&quot;jet_parallax_layout_list&quot;:[]}\">\n\t\t\t\t\t\t<div class=\"elementor-container elementor-column-gap-default\">\n\t\t\t\t\t<div class=\"has_ae_slider elementor-column elementor-col-100 elementor-top-column elementor-element elementor-element-0537862 ae-bg-gallery-type-default\" data-id=\"0537862\" data-element_type=\"column\">\n\t\t\t<div class=\"elementor-widget-wrap elementor-element-populated\">\n\t\t\t\t\t\t<div class=\"elementor-element elementor-element-76d8bc3 elementor-widget elementor-widget-image\" data-id=\"76d8bc3\" data-element_type=\"widget\" data-widget_type=\"image.default\">\n\t\t\t\t<div class=\"elementor-widget-container\">\n\t\t\t\t\t\t\t\t\t\t\t\t\t<img decoding=\"async\" src=\"https:\/\/blog.minhaportaria.com\/wp-content\/uploads\/2020\/05\/BONS-RELACIONAMENTOS-INTERPESSOAIS.jpeg\" title=\"\" alt=\"\" loading=\"lazy\" \/>\t\t\t\t\t\t\t\t\t\t\t\t\t<\/div>\n\t\t\t\t<\/div>\n\t\t\t\t\t<\/div>\n\t\t<\/div>\n\t\t\t\t\t<\/div>\n\t\t<\/section>\n\t\t\t\t<section class=\"has_ae_slider elementor-section elementor-top-section elementor-element elementor-element-0a5e9c1 elementor-section-boxed elementor-section-height-default elementor-section-height-default ae-bg-gallery-type-default\" data-id=\"0a5e9c1\" data-element_type=\"section\" data-settings=\"{&quot;jet_parallax_layout_list&quot;:[]}\">\n\t\t\t\t\t\t<div class=\"elementor-container elementor-column-gap-default\">\n\t\t\t\t\t<div class=\"has_ae_slider elementor-column elementor-col-100 elementor-top-column elementor-element elementor-element-804b88e ae-bg-gallery-type-default\" data-id=\"804b88e\" data-element_type=\"column\">\n\t\t\t<div class=\"elementor-widget-wrap elementor-element-populated\">\n\t\t\t\t\t\t<div class=\"elementor-element elementor-element-cf4dd5a elementor-widget elementor-widget-text-editor\" data-id=\"cf4dd5a\" data-element_type=\"widget\" data-widget_type=\"text-editor.default\">\n\t\t\t\t<div class=\"elementor-widget-container\">\n\t\t\t\t\t\t\t<h2>Bons relacionamentos interpessoais<\/h2>\t\t\t\t\t\t<\/div>\n\t\t\t\t<\/div>\n\t\t\t\t\t<\/div>\n\t\t<\/div>\n\t\t\t\t\t<\/div>\n\t\t<\/section>\n\t\t\t\t<section class=\"has_ae_slider elementor-section elementor-top-section elementor-element elementor-element-c4431ca elementor-section-boxed elementor-section-height-default elementor-section-height-default ae-bg-gallery-type-default\" data-id=\"c4431ca\" data-element_type=\"section\" data-settings=\"{&quot;jet_parallax_layout_list&quot;:[]}\">\n\t\t\t\t\t\t<div class=\"elementor-container elementor-column-gap-default\">\n\t\t\t\t\t<div class=\"has_ae_slider elementor-column elementor-col-100 elementor-top-column elementor-element elementor-element-8ea0e48 ae-bg-gallery-type-default\" data-id=\"8ea0e48\" data-element_type=\"column\">\n\t\t\t<div class=\"elementor-widget-wrap elementor-element-populated\">\n\t\t\t\t\t\t<div class=\"elementor-element elementor-element-c1398d1 elementor-widget elementor-widget-text-editor\" data-id=\"c1398d1\" data-element_type=\"widget\" data-widget_type=\"text-editor.default\">\n\t\t\t\t<div class=\"elementor-widget-container\">\n\t\t\t\t\t\t\t<p>De fato, a facilidade em lidar com pessoas agrega muito na gest\u00e3o de um s\u00edndico. Esta, sem d\u00favidas, \u00e9 uma habilidade essencial para a intermedia\u00e7\u00e3o de conflitos entre moradores.\u00a0<\/p><p>Acima de tudo, \u00e9 preciso ter em mente que, para ser s\u00edndico, voc\u00ea tamb\u00e9m precisa ser um orientador de solu\u00e7\u00f5es e ter jogo de cintura, duas qualidades muito bem-vindas durante sua administra\u00e7\u00e3o.<\/p>\t\t\t\t\t\t<\/div>\n\t\t\t\t<\/div>\n\t\t\t\t\t<\/div>\n\t\t<\/div>\n\t\t\t\t\t<\/div>\n\t\t<\/section>\n\t\t\t\t<section class=\"has_ae_slider elementor-section elementor-top-section elementor-element elementor-element-4d9407e elementor-section-boxed elementor-section-height-default elementor-section-height-default ae-bg-gallery-type-default\" data-id=\"4d9407e\" data-element_type=\"section\" data-settings=\"{&quot;jet_parallax_layout_list&quot;:[]}\">\n\t\t\t\t\t\t<div class=\"elementor-container elementor-column-gap-default\">\n\t\t\t\t\t<div class=\"has_ae_slider elementor-column elementor-col-100 elementor-top-column elementor-element elementor-element-0446d84 ae-bg-gallery-type-default\" data-id=\"0446d84\" data-element_type=\"column\">\n\t\t\t<div class=\"elementor-widget-wrap elementor-element-populated\">\n\t\t\t\t\t\t<div class=\"elementor-element elementor-element-9a8a59a elementor-widget elementor-widget-text-editor\" data-id=\"9a8a59a\" data-element_type=\"widget\" data-widget_type=\"text-editor.default\">\n\t\t\t\t<div class=\"elementor-widget-container\">\n\t\t\t\t\t\t\t<h2>Organiza\u00e7\u00e3o e disciplina<\/h2>\t\t\t\t\t\t<\/div>\n\t\t\t\t<\/div>\n\t\t\t\t\t<\/div>\n\t\t<\/div>\n\t\t\t\t\t<\/div>\n\t\t<\/section>\n\t\t\t\t<section class=\"has_ae_slider elementor-section elementor-top-section elementor-element elementor-element-e9ddb8c elementor-section-boxed elementor-section-height-default elementor-section-height-default ae-bg-gallery-type-default\" data-id=\"e9ddb8c\" data-element_type=\"section\" data-settings=\"{&quot;jet_parallax_layout_list&quot;:[]}\">\n\t\t\t\t\t\t<div class=\"elementor-container elementor-column-gap-default\">\n\t\t\t\t\t<div class=\"has_ae_slider elementor-column elementor-col-100 elementor-top-column elementor-element elementor-element-926b7ab ae-bg-gallery-type-default\" data-id=\"926b7ab\" data-element_type=\"column\">\n\t\t\t<div class=\"elementor-widget-wrap elementor-element-populated\">\n\t\t\t\t\t\t<div class=\"elementor-element elementor-element-d34c3f5 elementor-widget elementor-widget-text-editor\" data-id=\"d34c3f5\" data-element_type=\"widget\" data-widget_type=\"text-editor.default\">\n\t\t\t\t<div class=\"elementor-widget-container\">\n\t\t\t\t\t\t\t<p>O papel de s\u00edndico implica em lidar com documentos importantes, prazos e pagamentos de contas. Dessa maneira, sabendo que periodicamente ele ter\u00e1 que prestar contas, a organiza\u00e7\u00e3o \u00e9 uma caracter\u00edstica fundamental.<\/p>\t\t\t\t\t\t<\/div>\n\t\t\t\t<\/div>\n\t\t\t\t\t<\/div>\n\t\t<\/div>\n\t\t\t\t\t<\/div>\n\t\t<\/section>\n\t\t\t\t<section class=\"has_ae_slider elementor-section elementor-top-section elementor-element elementor-element-cdcfe57 elementor-section-boxed elementor-section-height-default elementor-section-height-default ae-bg-gallery-type-default\" data-id=\"cdcfe57\" data-element_type=\"section\" data-settings=\"{&quot;jet_parallax_layout_list&quot;:[]}\">\n\t\t\t\t\t\t<div class=\"elementor-container elementor-column-gap-default\">\n\t\t\t\t\t<div class=\"has_ae_slider elementor-column elementor-col-100 elementor-top-column elementor-element elementor-element-f652a4a ae-bg-gallery-type-default\" data-id=\"f652a4a\" data-element_type=\"column\">\n\t\t\t<div class=\"elementor-widget-wrap elementor-element-populated\">\n\t\t\t\t\t\t<div class=\"elementor-element elementor-element-a80fd72 elementor-widget elementor-widget-text-editor\" data-id=\"a80fd72\" data-element_type=\"widget\" data-widget_type=\"text-editor.default\">\n\t\t\t\t<div class=\"elementor-widget-container\">\n\t\t\t\t\t\t\t<h2>Convoca\u00e7\u00e3o de assembleias<\/h2>\t\t\t\t\t\t<\/div>\n\t\t\t\t<\/div>\n\t\t\t\t\t<\/div>\n\t\t<\/div>\n\t\t\t\t\t<\/div>\n\t\t<\/section>\n\t\t\t\t<section class=\"has_ae_slider elementor-section elementor-top-section elementor-element elementor-element-bab11b0 elementor-section-boxed elementor-section-height-default elementor-section-height-default ae-bg-gallery-type-default\" data-id=\"bab11b0\" data-element_type=\"section\" data-settings=\"{&quot;jet_parallax_layout_list&quot;:[]}\">\n\t\t\t\t\t\t<div class=\"elementor-container elementor-column-gap-default\">\n\t\t\t\t\t<div class=\"has_ae_slider elementor-column elementor-col-100 elementor-top-column elementor-element elementor-element-ab20bf2 ae-bg-gallery-type-default\" data-id=\"ab20bf2\" data-element_type=\"column\">\n\t\t\t<div class=\"elementor-widget-wrap elementor-element-populated\">\n\t\t\t\t\t\t<div class=\"elementor-element elementor-element-1d4bda1 elementor-widget elementor-widget-text-editor\" data-id=\"1d4bda1\" data-element_type=\"widget\" data-widget_type=\"text-editor.default\">\n\t\t\t\t<div class=\"elementor-widget-container\">\n\t\t\t\t\t\t\t<p>O artigo 1.350 e o artigo 1.355 do C\u00f3digo Civil estabelecem que o s\u00edndico ou um quarto dos cond\u00f4minos poder\u00e1 convocar assembleia de condom\u00ednio. Confira o artigo na \u00edntegra:<\/p>\t\t\t\t\t\t<\/div>\n\t\t\t\t<\/div>\n\t\t\t\t\t<\/div>\n\t\t<\/div>\n\t\t\t\t\t<\/div>\n\t\t<\/section>\n\t\t\t\t<section class=\"has_ae_slider elementor-section elementor-top-section elementor-element elementor-element-1be005c elementor-section-boxed elementor-section-height-default elementor-section-height-default ae-bg-gallery-type-default\" data-id=\"1be005c\" data-element_type=\"section\" data-settings=\"{&quot;jet_parallax_layout_list&quot;:[]}\">\n\t\t\t\t\t\t<div class=\"elementor-container elementor-column-gap-default\">\n\t\t\t\t\t<div class=\"has_ae_slider elementor-column elementor-col-100 elementor-top-column elementor-element elementor-element-8b2965a ae-bg-gallery-type-default\" data-id=\"8b2965a\" data-element_type=\"column\">\n\t\t\t<div class=\"elementor-widget-wrap elementor-element-populated\">\n\t\t\t\t\t\t<div class=\"elementor-element elementor-element-bde72e5 elementor-widget elementor-widget-text-editor\" data-id=\"bde72e5\" data-element_type=\"widget\" data-widget_type=\"text-editor.default\">\n\t\t\t\t<div class=\"elementor-widget-container\">\n\t\t\t\t\t\t\t<p><strong><em>Art. 1.350. Convocar\u00e1 o s\u00edndico, anualmente, reuni\u00e3o da assembleia dos cond\u00f4minos, na forma prevista na conven\u00e7\u00e3o, a fim de aprovar o or\u00e7amento das despesas, as contribui\u00e7\u00f5es dos cond\u00f4minos e a presta\u00e7\u00e3o de contas, e eventualmente eleger-lhe o substituto e alterar o regimento interno.<\/em><\/strong><\/p>\t\t\t\t\t\t<\/div>\n\t\t\t\t<\/div>\n\t\t\t\t\t<\/div>\n\t\t<\/div>\n\t\t\t\t\t<\/div>\n\t\t<\/section>\n\t\t\t\t<section class=\"has_ae_slider elementor-section elementor-top-section elementor-element elementor-element-8c46655 elementor-section-boxed elementor-section-height-default elementor-section-height-default ae-bg-gallery-type-default\" data-id=\"8c46655\" data-element_type=\"section\" data-settings=\"{&quot;jet_parallax_layout_list&quot;:[]}\">\n\t\t\t\t\t\t<div class=\"elementor-container elementor-column-gap-default\">\n\t\t\t\t\t<div class=\"has_ae_slider elementor-column elementor-col-100 elementor-top-column elementor-element elementor-element-77901bf ae-bg-gallery-type-default\" data-id=\"77901bf\" data-element_type=\"column\">\n\t\t\t<div class=\"elementor-widget-wrap elementor-element-populated\">\n\t\t\t\t\t\t<div class=\"elementor-element elementor-element-beca568 elementor-widget elementor-widget-text-editor\" data-id=\"beca568\" data-element_type=\"widget\" data-widget_type=\"text-editor.default\">\n\t\t\t\t<div class=\"elementor-widget-container\">\n\t\t\t\t\t\t\t<p><strong><em>\u00a7 1\u00ba Se o s\u00edndico n\u00e3o convocar a assembleia, um quarto dos cond\u00f4minos poder\u00e1 faz\u00ea-lo.<\/em><\/strong><\/p><p><strong><em>\u00a7 2\u00ba Se a assembleia n\u00e3o se reunir, o juiz decidir\u00e1, a requerimento de qualquer cond\u00f4mino.<\/em><\/strong><\/p>\t\t\t\t\t\t<\/div>\n\t\t\t\t<\/div>\n\t\t\t\t\t<\/div>\n\t\t<\/div>\n\t\t\t\t\t<\/div>\n\t\t<\/section>\n\t\t\t\t<section class=\"has_ae_slider elementor-section elementor-top-section elementor-element elementor-element-d2c3185 elementor-section-boxed elementor-section-height-default elementor-section-height-default ae-bg-gallery-type-default\" data-id=\"d2c3185\" data-element_type=\"section\" data-settings=\"{&quot;jet_parallax_layout_list&quot;:[]}\">\n\t\t\t\t\t\t<div class=\"elementor-container elementor-column-gap-default\">\n\t\t\t\t\t<div class=\"has_ae_slider elementor-column elementor-col-100 elementor-top-column elementor-element elementor-element-617974b ae-bg-gallery-type-default\" data-id=\"617974b\" data-element_type=\"column\">\n\t\t\t<div class=\"elementor-widget-wrap elementor-element-populated\">\n\t\t\t\t\t\t<div class=\"elementor-element elementor-element-21e24d2 elementor-widget elementor-widget-text-editor\" data-id=\"21e24d2\" data-element_type=\"widget\" data-widget_type=\"text-editor.default\">\n\t\t\t\t<div class=\"elementor-widget-container\">\n\t\t\t\t\t\t\t<p><strong><em>Art. 1.355. Assembleias extraordin\u00e1rias poder\u00e3o ser convocadas pelo s\u00edndico ou por um quarto dos cond\u00f4minos.<\/em><\/strong><\/p>\t\t\t\t\t\t<\/div>\n\t\t\t\t<\/div>\n\t\t\t\t\t<\/div>\n\t\t<\/div>\n\t\t\t\t\t<\/div>\n\t\t<\/section>\n\t\t\t\t<section class=\"has_ae_slider elementor-section elementor-top-section elementor-element elementor-element-dd9f087 elementor-section-boxed elementor-section-height-default elementor-section-height-default ae-bg-gallery-type-default\" data-id=\"dd9f087\" data-element_type=\"section\" data-settings=\"{&quot;jet_parallax_layout_list&quot;:[]}\">\n\t\t\t\t\t\t<div class=\"elementor-container elementor-column-gap-default\">\n\t\t\t\t\t<div class=\"has_ae_slider elementor-column elementor-col-100 elementor-top-column elementor-element elementor-element-9ff1cb6 ae-bg-gallery-type-default\" data-id=\"9ff1cb6\" data-element_type=\"column\">\n\t\t\t<div class=\"elementor-widget-wrap elementor-element-populated\">\n\t\t\t\t\t\t<div class=\"elementor-element elementor-element-141d8aa elementor-widget elementor-widget-text-editor\" data-id=\"141d8aa\" data-element_type=\"widget\" data-widget_type=\"text-editor.default\">\n\t\t\t\t<div class=\"elementor-widget-container\">\n\t\t\t\t\t\t\t<p>Em suma, a convoca\u00e7\u00e3o de assembleia ordin\u00e1ria e extraordin\u00e1ria pode ser feita pelas mesmas pessoas. Portanto, caso n\u00e3o ocorra a reuni\u00e3o, o juiz poder\u00e1 decidir sobre ela se algum cond\u00f4mino entrar na justi\u00e7a para tratar o tema.<\/p><p>Se voc\u00ea quer saber como ser s\u00edndico, \u00e9 imprescind\u00edvel entender como cada uma das assembleias funciona. Abaixo, vamos explicar as diferen\u00e7as de cada modalidade de reuni\u00e3o.<\/p>\t\t\t\t\t\t<\/div>\n\t\t\t\t<\/div>\n\t\t\t\t\t<\/div>\n\t\t<\/div>\n\t\t\t\t\t<\/div>\n\t\t<\/section>\n\t\t\t\t<section class=\"has_ae_slider elementor-section elementor-top-section elementor-element elementor-element-3ebb063 elementor-section-boxed elementor-section-height-default elementor-section-height-default ae-bg-gallery-type-default\" data-id=\"3ebb063\" data-element_type=\"section\" data-settings=\"{&quot;jet_parallax_layout_list&quot;:[]}\">\n\t\t\t\t\t\t<div class=\"elementor-container elementor-column-gap-default\">\n\t\t\t\t\t<div class=\"has_ae_slider elementor-column elementor-col-100 elementor-top-column elementor-element elementor-element-f4f9157 ae-bg-gallery-type-default\" data-id=\"f4f9157\" data-element_type=\"column\">\n\t\t\t<div class=\"elementor-widget-wrap elementor-element-populated\">\n\t\t\t\t\t\t<div class=\"elementor-element elementor-element-17bfffb elementor-widget elementor-widget-text-editor\" data-id=\"17bfffb\" data-element_type=\"widget\" data-widget_type=\"text-editor.default\">\n\t\t\t\t<div class=\"elementor-widget-container\">\n\t\t\t\t\t\t\t<h3>Assembleia ordin\u00e1ria<\/h3>\t\t\t\t\t\t<\/div>\n\t\t\t\t<\/div>\n\t\t\t\t\t<\/div>\n\t\t<\/div>\n\t\t\t\t\t<\/div>\n\t\t<\/section>\n\t\t\t\t<section class=\"has_ae_slider elementor-section elementor-top-section elementor-element elementor-element-eb5c0bb elementor-section-boxed elementor-section-height-default elementor-section-height-default ae-bg-gallery-type-default\" data-id=\"eb5c0bb\" data-element_type=\"section\" data-settings=\"{&quot;jet_parallax_layout_list&quot;:[]}\">\n\t\t\t\t\t\t<div class=\"elementor-container elementor-column-gap-default\">\n\t\t\t\t\t<div class=\"has_ae_slider elementor-column elementor-col-100 elementor-top-column elementor-element elementor-element-bad3ada ae-bg-gallery-type-default\" data-id=\"bad3ada\" data-element_type=\"column\">\n\t\t\t<div class=\"elementor-widget-wrap elementor-element-populated\">\n\t\t\t\t\t\t<div class=\"elementor-element elementor-element-578a5c0 elementor-widget elementor-widget-text-editor\" data-id=\"578a5c0\" data-element_type=\"widget\" data-widget_type=\"text-editor.default\">\n\t\t\t\t<div class=\"elementor-widget-container\">\n\t\t\t\t\t\t\t<p>\u00c9 aquela realizada uma vez ao ano, prevista em lei (Art. 24 \u2013 Lei 4.591\/64 e 1.350) e bem definida em conven\u00e7\u00e3o, tendo data certa para se realizar e nela al\u00e9m das demais mat\u00e9rias constantes da pauta.\u00a0<\/p><p>Deve prever a aprova\u00e7\u00e3o das verbas para as despesas do condom\u00ednio, compreendendo as de conserva\u00e7\u00e3o da edifica\u00e7\u00e3o ou conjunto delas, bem como manuten\u00e7\u00e3o de seus servi\u00e7os, al\u00e9m da aprova\u00e7\u00e3o das contas do exerc\u00edcio anterior.\u00a0<\/p><p>Tamb\u00e9m nesta assembleia pode-se eleger o novo gestor do condom\u00ednio, como tamb\u00e9m o seu conselho fiscal e subs\u00edndico.\u00a0<\/p><p>Al\u00e9m disso, \u00e9 nesta assembleia que se permite a participa\u00e7\u00e3o do inquilino com direito a voto desde que o assunto em pauta n\u00e3o seja relativo a obras de benfeitorias, e nela o propriet\u00e1rio n\u00e3o se fa\u00e7a presente.<\/p>\t\t\t\t\t\t<\/div>\n\t\t\t\t<\/div>\n\t\t\t\t\t<\/div>\n\t\t<\/div>\n\t\t\t\t\t<\/div>\n\t\t<\/section>\n\t\t\t\t<section class=\"has_ae_slider elementor-section elementor-top-section elementor-element elementor-element-1c92c60 elementor-section-boxed elementor-section-height-default elementor-section-height-default ae-bg-gallery-type-default\" data-id=\"1c92c60\" data-element_type=\"section\" data-settings=\"{&quot;jet_parallax_layout_list&quot;:[]}\">\n\t\t\t\t\t\t<div class=\"elementor-container elementor-column-gap-default\">\n\t\t\t\t\t<div class=\"has_ae_slider elementor-column elementor-col-100 elementor-top-column elementor-element elementor-element-9ac02cf ae-bg-gallery-type-default\" data-id=\"9ac02cf\" data-element_type=\"column\">\n\t\t\t<div class=\"elementor-widget-wrap elementor-element-populated\">\n\t\t\t\t\t\t<div class=\"elementor-element elementor-element-b055d86 elementor-widget elementor-widget-text-editor\" data-id=\"b055d86\" data-element_type=\"widget\" data-widget_type=\"text-editor.default\">\n\t\t\t\t<div class=\"elementor-widget-container\">\n\t\t\t\t\t\t\t<h3>Assembleia extraordin\u00e1ria<\/h3>\t\t\t\t\t\t<\/div>\n\t\t\t\t<\/div>\n\t\t\t\t\t<\/div>\n\t\t<\/div>\n\t\t\t\t\t<\/div>\n\t\t<\/section>\n\t\t\t\t<section class=\"has_ae_slider elementor-section elementor-top-section elementor-element elementor-element-7cf41cf elementor-section-boxed elementor-section-height-default elementor-section-height-default ae-bg-gallery-type-default\" data-id=\"7cf41cf\" data-element_type=\"section\" data-settings=\"{&quot;jet_parallax_layout_list&quot;:[]}\">\n\t\t\t\t\t\t<div class=\"elementor-container elementor-column-gap-default\">\n\t\t\t\t\t<div class=\"has_ae_slider elementor-column elementor-col-100 elementor-top-column elementor-element elementor-element-9236b98 ae-bg-gallery-type-default\" data-id=\"9236b98\" data-element_type=\"column\">\n\t\t\t<div class=\"elementor-widget-wrap elementor-element-populated\">\n\t\t\t\t\t\t<div class=\"elementor-element elementor-element-e736d81 elementor-widget elementor-widget-text-editor\" data-id=\"e736d81\" data-element_type=\"widget\" data-widget_type=\"text-editor.default\">\n\t\t\t\t<div class=\"elementor-widget-container\">\n\t\t\t\t\t\t\t<p>J\u00e1 assembleia extraordin\u00e1ria \u00e9 aquela que n\u00e3o tem periodicidade pr\u00e9-determinada ou definida.&nbsp;<\/p><p>Nela, todo e qualquer assunto pode ser tratado, inclusive os que j\u00e1 foram objeto de pauta nas ordin\u00e1rias.&nbsp;<\/p><p>Sua convoca\u00e7\u00e3o \u00e9 feita sempre que haja necessidade. Nela n\u00e3o se permite a presen\u00e7a do locat\u00e1rio.<\/p>\t\t\t\t\t\t<\/div>\n\t\t\t\t<\/div>\n\t\t\t\t\t<\/div>\n\t\t<\/div>\n\t\t\t\t\t<\/div>\n\t\t<\/section>\n\t\t\t\t<section class=\"has_ae_slider elementor-section elementor-top-section elementor-element elementor-element-68c9329 elementor-section-boxed elementor-section-height-default elementor-section-height-default ae-bg-gallery-type-default\" data-id=\"68c9329\" data-element_type=\"section\" data-settings=\"{&quot;jet_parallax_layout_list&quot;:[]}\">\n\t\t\t\t\t\t<div class=\"elementor-container elementor-column-gap-default\">\n\t\t\t\t\t<div class=\"has_ae_slider elementor-column elementor-col-100 elementor-top-column elementor-element elementor-element-cc8c06c ae-bg-gallery-type-default\" data-id=\"cc8c06c\" data-element_type=\"column\">\n\t\t\t<div class=\"elementor-widget-wrap elementor-element-populated\">\n\t\t\t\t\t\t<div class=\"elementor-element elementor-element-86109a4 elementor-widget elementor-widget-image\" data-id=\"86109a4\" data-element_type=\"widget\" data-widget_type=\"image.default\">\n\t\t\t\t<div class=\"elementor-widget-container\">\n\t\t\t\t\t\t\t\t\t\t\t\t\t<img decoding=\"async\" src=\"https:\/\/blog.minhaportaria.com\/wp-content\/uploads\/2020\/05\/destituicao-de-um-sindico.jpeg\" title=\"\" alt=\"\" loading=\"lazy\" \/>\t\t\t\t\t\t\t\t\t\t\t\t\t<\/div>\n\t\t\t\t<\/div>\n\t\t\t\t\t<\/div>\n\t\t<\/div>\n\t\t\t\t\t<\/div>\n\t\t<\/section>\n\t\t\t\t<section class=\"has_ae_slider elementor-section elementor-top-section elementor-element elementor-element-9304ce0 elementor-section-boxed elementor-section-height-default elementor-section-height-default ae-bg-gallery-type-default\" data-id=\"9304ce0\" data-element_type=\"section\" data-settings=\"{&quot;jet_parallax_layout_list&quot;:[]}\">\n\t\t\t\t\t\t<div class=\"elementor-container elementor-column-gap-default\">\n\t\t\t\t\t<div class=\"has_ae_slider elementor-column elementor-col-100 elementor-top-column elementor-element elementor-element-f0862b8 ae-bg-gallery-type-default\" data-id=\"f0862b8\" data-element_type=\"column\">\n\t\t\t<div class=\"elementor-widget-wrap elementor-element-populated\">\n\t\t\t\t\t\t<div class=\"elementor-element elementor-element-2f97429 elementor-widget elementor-widget-text-editor\" data-id=\"2f97429\" data-element_type=\"widget\" data-widget_type=\"text-editor.default\">\n\t\t\t\t<div class=\"elementor-widget-container\">\n\t\t\t\t\t\t\t<h2>Destitui\u00e7\u00e3o do s\u00edndico<\/h2>\t\t\t\t\t\t<\/div>\n\t\t\t\t<\/div>\n\t\t\t\t\t<\/div>\n\t\t<\/div>\n\t\t\t\t\t<\/div>\n\t\t<\/section>\n\t\t\t\t<section class=\"has_ae_slider elementor-section elementor-top-section elementor-element elementor-element-9e91fab elementor-section-boxed elementor-section-height-default elementor-section-height-default ae-bg-gallery-type-default\" data-id=\"9e91fab\" data-element_type=\"section\" data-settings=\"{&quot;jet_parallax_layout_list&quot;:[]}\">\n\t\t\t\t\t\t<div class=\"elementor-container elementor-column-gap-default\">\n\t\t\t\t\t<div class=\"has_ae_slider elementor-column elementor-col-100 elementor-top-column elementor-element elementor-element-eee6728 ae-bg-gallery-type-default\" data-id=\"eee6728\" data-element_type=\"column\">\n\t\t\t<div class=\"elementor-widget-wrap elementor-element-populated\">\n\t\t\t\t\t\t<div class=\"elementor-element elementor-element-34b4368 elementor-widget elementor-widget-text-editor\" data-id=\"34b4368\" data-element_type=\"widget\" data-widget_type=\"text-editor.default\">\n\t\t\t\t<div class=\"elementor-widget-container\">\n\t\t\t\t\t\t\t<p>Do mesmo modo que a elei\u00e7\u00e3o de um s\u00edndico para a administra\u00e7\u00e3o de condom\u00ednios \u00e9 realizada em assembleia, o mesmo ocorrer\u00e1 com sua destitui\u00e7\u00e3o.\u00a0<\/p><p>A destitui\u00e7\u00e3o ocorre quando a maioria dos moradores est\u00e1 insatisfeito com a administra\u00e7\u00e3o do s\u00edndico. Por isso, se voc\u00ea quer se tornar s\u00edndico, \u00e9 importante que tenha em mente, para realizar uma boa gest\u00e3o, todas as habilidades e conhecimentos que mencionamos aqui, a fim de n\u00e3o correr o risco de sofrer destitui\u00e7\u00e3o.<\/p><p>Ademais, para realizar a destitui\u00e7\u00e3o, \u00e9 preciso convocar uma assembleia destinada para este assunto e o qu\u00f3rum ser\u00e1 de maioria absoluta dos membros (metade mais um dos cond\u00f4minos)<\/p>\t\t\t\t\t\t<\/div>\n\t\t\t\t<\/div>\n\t\t\t\t\t<\/div>\n\t\t<\/div>\n\t\t\t\t\t<\/div>\n\t\t<\/section>\n\t\t\t\t<section class=\"has_ae_slider elementor-section elementor-top-section elementor-element elementor-element-0e3dd85 elementor-section-boxed elementor-section-height-default elementor-section-height-default ae-bg-gallery-type-default\" data-id=\"0e3dd85\" data-element_type=\"section\" data-settings=\"{&quot;jet_parallax_layout_list&quot;:[]}\">\n\t\t\t\t\t\t<div class=\"elementor-container elementor-column-gap-default\">\n\t\t\t\t\t<div class=\"has_ae_slider elementor-column elementor-col-100 elementor-top-column elementor-element elementor-element-0ac61b0 ae-bg-gallery-type-default\" data-id=\"0ac61b0\" data-element_type=\"column\">\n\t\t\t<div class=\"elementor-widget-wrap elementor-element-populated\">\n\t\t\t\t\t\t<div class=\"elementor-element elementor-element-9949a13 elementor-widget elementor-widget-text-editor\" data-id=\"9949a13\" data-element_type=\"widget\" data-widget_type=\"text-editor.default\">\n\t\t\t\t<div class=\"elementor-widget-container\">\n\t\t\t\t\t\t\t<p>Durante a pauta da reuni\u00e3o de destitui\u00e7\u00e3o do s\u00edndico \u00e9 preciso abordar:<\/p><ul><li>Explica\u00e7\u00f5es do s\u00edndico sobre sua gest\u00e3o.<\/li><li>Delibera\u00e7\u00e3o sobre a destitui\u00e7\u00e3o. \u00c9 necess\u00e1rio a apresenta\u00e7\u00e3o de provas concretas que motivem a sa\u00edda do s\u00edndico de seu cargo.<\/li><li>Possibilidade de ren\u00fancia.<\/li><li>Elei\u00e7\u00e3o de um novo s\u00edndico.<\/li><\/ul>\t\t\t\t\t\t<\/div>\n\t\t\t\t<\/div>\n\t\t\t\t\t<\/div>\n\t\t<\/div>\n\t\t\t\t\t<\/div>\n\t\t<\/section>\n\t\t\t\t<section class=\"has_ae_slider elementor-section elementor-top-section elementor-element elementor-element-91eb7e4 elementor-section-boxed elementor-section-height-default elementor-section-height-default ae-bg-gallery-type-default\" data-id=\"91eb7e4\" data-element_type=\"section\" data-settings=\"{&quot;jet_parallax_layout_list&quot;:[]}\">\n\t\t\t\t\t\t<div class=\"elementor-container elementor-column-gap-default\">\n\t\t\t\t\t<div class=\"has_ae_slider elementor-column elementor-col-100 elementor-top-column elementor-element elementor-element-c853d63 ae-bg-gallery-type-default\" data-id=\"c853d63\" data-element_type=\"column\">\n\t\t\t<div class=\"elementor-widget-wrap elementor-element-populated\">\n\t\t\t\t\t\t<div class=\"elementor-element elementor-element-a3f8e5f elementor-widget elementor-widget-text-editor\" data-id=\"a3f8e5f\" data-element_type=\"widget\" data-widget_type=\"text-editor.default\">\n\t\t\t\t<div class=\"elementor-widget-container\">\n\t\t\t\t\t\t\t<p>Pontuamos que pode ocorrer do s\u00edndico n\u00e3o concordar com sua destitui\u00e7\u00e3o e, para isso, ele tente adiar sua sa\u00edda se recusando a convocar a assembleia para este assunto.&nbsp;<\/p><p>Portanto, lembramos que o C\u00f3digo Civil determina que a convoca\u00e7\u00e3o de reuni\u00f5es de condom\u00ednios quando n\u00e3o feita pelo s\u00edndico tem possibilidade de ser realizada com um quarto de aprova\u00e7\u00e3o dos cond\u00f4minos.<\/p>\t\t\t\t\t\t<\/div>\n\t\t\t\t<\/div>\n\t\t\t\t\t<\/div>\n\t\t<\/div>\n\t\t\t\t\t<\/div>\n\t\t<\/section>\n\t\t\t\t<section class=\"has_ae_slider elementor-section elementor-top-section elementor-element elementor-element-2e75ed9 elementor-section-boxed elementor-section-height-default elementor-section-height-default ae-bg-gallery-type-default\" data-id=\"2e75ed9\" data-element_type=\"section\" data-settings=\"{&quot;jet_parallax_layout_list&quot;:[]}\">\n\t\t\t\t\t\t<div class=\"elementor-container elementor-column-gap-default\">\n\t\t\t\t\t<div class=\"has_ae_slider elementor-column elementor-col-100 elementor-top-column elementor-element elementor-element-aadcb06 ae-bg-gallery-type-default\" data-id=\"aadcb06\" data-element_type=\"column\">\n\t\t\t<div class=\"elementor-widget-wrap elementor-element-populated\">\n\t\t\t\t\t\t<div class=\"elementor-element elementor-element-f7739ae elementor-widget elementor-widget-text-editor\" data-id=\"f7739ae\" data-element_type=\"widget\" data-widget_type=\"text-editor.default\">\n\t\t\t\t<div class=\"elementor-widget-container\">\n\t\t\t\t\t\t\t<h2>Deveres do s\u00edndico<\/h2>\t\t\t\t\t\t<\/div>\n\t\t\t\t<\/div>\n\t\t\t\t\t<\/div>\n\t\t<\/div>\n\t\t\t\t\t<\/div>\n\t\t<\/section>\n\t\t\t\t<section class=\"has_ae_slider elementor-section elementor-top-section elementor-element elementor-element-0dfb758 elementor-section-boxed elementor-section-height-default elementor-section-height-default ae-bg-gallery-type-default\" data-id=\"0dfb758\" data-element_type=\"section\" data-settings=\"{&quot;jet_parallax_layout_list&quot;:[]}\">\n\t\t\t\t\t\t<div class=\"elementor-container elementor-column-gap-default\">\n\t\t\t\t\t<div class=\"has_ae_slider elementor-column elementor-col-100 elementor-top-column elementor-element elementor-element-2582a55 ae-bg-gallery-type-default\" data-id=\"2582a55\" data-element_type=\"column\">\n\t\t\t<div class=\"elementor-widget-wrap elementor-element-populated\">\n\t\t\t\t\t\t<div class=\"elementor-element elementor-element-528b3ef elementor-widget elementor-widget-text-editor\" data-id=\"528b3ef\" data-element_type=\"widget\" data-widget_type=\"text-editor.default\">\n\t\t\t\t<div class=\"elementor-widget-container\">\n\t\t\t\t\t\t\t<p>Para entender como ser s\u00edndico, \u00e9 importante entender quais s\u00e3o os deveres da profiss\u00e3o.<\/p><p>De acordo com o Art. 1348, cabe ao s\u00edndico durante a administra\u00e7\u00e3o do condom\u00ednio:<\/p>\t\t\t\t\t\t<\/div>\n\t\t\t\t<\/div>\n\t\t\t\t\t<\/div>\n\t\t<\/div>\n\t\t\t\t\t<\/div>\n\t\t<\/section>\n\t\t\t\t<section class=\"has_ae_slider elementor-section elementor-top-section elementor-element elementor-element-4c565bc elementor-section-boxed elementor-section-height-default elementor-section-height-default ae-bg-gallery-type-default\" data-id=\"4c565bc\" data-element_type=\"section\" data-settings=\"{&quot;jet_parallax_layout_list&quot;:[]}\">\n\t\t\t\t\t\t<div class=\"elementor-container elementor-column-gap-default\">\n\t\t\t\t\t<div class=\"has_ae_slider elementor-column elementor-col-100 elementor-top-column elementor-element elementor-element-4aa0194 ae-bg-gallery-type-default\" data-id=\"4aa0194\" data-element_type=\"column\">\n\t\t\t<div class=\"elementor-widget-wrap elementor-element-populated\">\n\t\t\t\t\t\t<div class=\"elementor-element elementor-element-495f529 elementor-widget elementor-widget-text-editor\" data-id=\"495f529\" data-element_type=\"widget\" data-widget_type=\"text-editor.default\">\n\t\t\t\t<div class=\"elementor-widget-container\">\n\t\t\t\t\t\t\t<p>I &#8211; convocar a assembleia dos cond\u00f4minos.<\/p>\n<p>II &#8211; representar, ativa e passivamente, o condom\u00ednio, praticando, em ju\u00edzo ou fora dele, os atos necess\u00e1rios \u00e0 defesa dos interesses comuns.<\/p>\n<p>III &#8211; dar imediato conhecimento \u00e0 assembleia da exist\u00eancia de procedimento judicial ou administrativo, de interesse do condom\u00ednio.<\/p>\n<p>IV &#8211; cumprir e fazer cumprir a conven\u00e7\u00e3o, o regimento interno e as determina\u00e7\u00f5es da assembleia.<\/p>\n<p>V &#8211; diligenciar a conserva\u00e7\u00e3o e a guarda das partes comuns e zelar pela presta\u00e7\u00e3o dos servi\u00e7os que interessem aos possuidores.<\/p>\n<p>VI &#8211; elaborar o or\u00e7amento da receita e da despesa relativa a cada ano;<\/p>\n<p>VII &#8211; cobrar dos cond\u00f4minos as suas contribui\u00e7\u00f5es, bem como impor e cobrar as multas devidas;<\/p>\n<p>VIII &#8211; prestar contas \u00e0 assembleia, anualmente e quando exigidas;<\/p>\n<p>IX &#8211; realizar o seguro da edifica\u00e7\u00e3o.<\/p>\n<p>\u00a7 1o Poder\u00e1 a assembleia investir outra pessoa, em lugar do s\u00edndico, em poderes de representa\u00e7\u00e3o.<\/p>\n<p>\u00a7 2o O s\u00edndico pode transferir a outrem, total ou parcialmente, os poderes de representa\u00e7\u00e3o ou as fun\u00e7\u00f5es administrativas, mediante aprova\u00e7\u00e3o da assembleia, salvo disposi\u00e7\u00e3o em contr\u00e1rio da conven\u00e7\u00e3o.<\/p>\t\t\t\t\t\t<\/div>\n\t\t\t\t<\/div>\n\t\t\t\t\t<\/div>\n\t\t<\/div>\n\t\t\t\t\t<\/div>\n\t\t<\/section>\n\t\t\t\t<section class=\"has_ae_slider elementor-section elementor-top-section elementor-element elementor-element-0505f90 elementor-section-boxed elementor-section-height-default elementor-section-height-default ae-bg-gallery-type-default\" data-id=\"0505f90\" data-element_type=\"section\" data-settings=\"{&quot;jet_parallax_layout_list&quot;:[]}\">\n\t\t\t\t\t\t<div class=\"elementor-container elementor-column-gap-default\">\n\t\t\t\t\t<div class=\"has_ae_slider elementor-column elementor-col-100 elementor-top-column elementor-element elementor-element-13f4cf6 ae-bg-gallery-type-default\" data-id=\"13f4cf6\" data-element_type=\"column\">\n\t\t\t<div class=\"elementor-widget-wrap elementor-element-populated\">\n\t\t\t\t\t\t<div class=\"elementor-element elementor-element-0905503 elementor-widget elementor-widget-text-editor\" data-id=\"0905503\" data-element_type=\"widget\" data-widget_type=\"text-editor.default\">\n\t\t\t\t<div class=\"elementor-widget-container\">\n\t\t\t\t\t\t\t<h2>Atribui\u00e7\u00f5es b\u00e1sicas do subs\u00edndico e conselho<\/h2>\t\t\t\t\t\t<\/div>\n\t\t\t\t<\/div>\n\t\t\t\t\t<\/div>\n\t\t<\/div>\n\t\t\t\t\t<\/div>\n\t\t<\/section>\n\t\t\t\t<section class=\"has_ae_slider elementor-section elementor-top-section elementor-element elementor-element-09c02a3 elementor-section-boxed elementor-section-height-default elementor-section-height-default ae-bg-gallery-type-default\" data-id=\"09c02a3\" data-element_type=\"section\" data-settings=\"{&quot;jet_parallax_layout_list&quot;:[]}\">\n\t\t\t\t\t\t<div class=\"elementor-container elementor-column-gap-default\">\n\t\t\t\t\t<div class=\"has_ae_slider elementor-column elementor-col-100 elementor-top-column elementor-element elementor-element-d8f54c0 ae-bg-gallery-type-default\" data-id=\"d8f54c0\" data-element_type=\"column\">\n\t\t\t<div class=\"elementor-widget-wrap elementor-element-populated\">\n\t\t\t\t\t\t<div class=\"elementor-element elementor-element-21eeafe elementor-widget elementor-widget-text-editor\" data-id=\"21eeafe\" data-element_type=\"widget\" data-widget_type=\"text-editor.default\">\n\t\t\t\t<div class=\"elementor-widget-container\">\n\t\t\t\t\t\t\t<p>Na administra\u00e7\u00e3o de condom\u00ednio de um s\u00edndico, ele poder\u00e1 contar com um conselho fiscal de acordo com o artigo 1.356 do C\u00f3digo Civil, e com um subs\u00edndico, caso assim seja estipulado na conven\u00e7\u00e3o do edif\u00edcio.<\/p>\t\t\t\t\t\t<\/div>\n\t\t\t\t<\/div>\n\t\t\t\t\t<\/div>\n\t\t<\/div>\n\t\t\t\t\t<\/div>\n\t\t<\/section>\n\t\t\t\t<section class=\"has_ae_slider elementor-section elementor-top-section elementor-element elementor-element-60fa9d4 elementor-section-boxed elementor-section-height-default elementor-section-height-default ae-bg-gallery-type-default\" data-id=\"60fa9d4\" data-element_type=\"section\" data-settings=\"{&quot;jet_parallax_layout_list&quot;:[]}\">\n\t\t\t\t\t\t<div class=\"elementor-container elementor-column-gap-default\">\n\t\t\t\t\t<div class=\"has_ae_slider elementor-column elementor-col-100 elementor-top-column elementor-element elementor-element-1c727a8 ae-bg-gallery-type-default\" data-id=\"1c727a8\" data-element_type=\"column\">\n\t\t\t<div class=\"elementor-widget-wrap elementor-element-populated\">\n\t\t\t\t\t\t<div class=\"elementor-element elementor-element-c571077 elementor-widget elementor-widget-text-editor\" data-id=\"c571077\" data-element_type=\"widget\" data-widget_type=\"text-editor.default\">\n\t\t\t\t<div class=\"elementor-widget-container\">\n\t\t\t\t\t\t\t<p>Em resumo, o <strong>conselho fiscal<\/strong> \u00e9 composto por tr\u00eas membros eleitos pela assembleia e tem como principal fun\u00e7\u00e3o conferir as contas do condom\u00ednio geralmente organizadas pela administradora do empreendimento.\u00a0<\/p><p>Normalmente esses arquivos podem ser encaminhados de forma f\u00edsica ou digital. Quando digital, as obriga\u00e7\u00f5es tendem a possuir mais agilidade, visto que todos podem checar simultaneamente.\u00a0<\/p><p>J\u00e1 o <strong>subs\u00edndico<\/strong> exerce fun\u00e7\u00f5es quando o s\u00edndico se ausenta e outras espec\u00edficas designadas pela conven\u00e7\u00e3o.<\/p>\t\t\t\t\t\t<\/div>\n\t\t\t\t<\/div>\n\t\t\t\t\t<\/div>\n\t\t<\/div>\n\t\t\t\t\t<\/div>\n\t\t<\/section>\n\t\t\t\t<section class=\"has_ae_slider elementor-section elementor-top-section elementor-element elementor-element-5230342 elementor-section-boxed elementor-section-height-default elementor-section-height-default ae-bg-gallery-type-default\" data-id=\"5230342\" data-element_type=\"section\" data-settings=\"{&quot;jet_parallax_layout_list&quot;:[]}\">\n\t\t\t\t\t\t<div class=\"elementor-container elementor-column-gap-default\">\n\t\t\t\t\t<div class=\"has_ae_slider elementor-column elementor-col-100 elementor-top-column elementor-element elementor-element-28b292b ae-bg-gallery-type-default\" data-id=\"28b292b\" data-element_type=\"column\">\n\t\t\t<div class=\"elementor-widget-wrap elementor-element-populated\">\n\t\t\t\t\t\t<div class=\"elementor-element elementor-element-ed0c472 elementor-widget elementor-widget-text-editor\" data-id=\"ed0c472\" data-element_type=\"widget\" data-widget_type=\"text-editor.default\">\n\t\t\t\t<div class=\"elementor-widget-container\">\n\t\t\t\t\t\t\t<p>O que achou do nosso conte\u00fado? Ficou com alguma d\u00favida sobre como ser s\u00edndico? <strong>Mande um whats para n\u00f3s!<\/strong> \u00c9 s\u00f3 clicar no \u00edcone do aplicativo no canto direito da p\u00e1gina.<\/p>\t\t\t\t\t\t<\/div>\n\t\t\t\t<\/div>\n\t\t\t\t\t<\/div>\n\t\t<\/div>\n\t\t\t\t\t<\/div>\n\t\t<\/section>\n\t\t\t\t<section class=\"has_ae_slider elementor-section elementor-top-section elementor-element elementor-element-b22c1f5 elementor-section-boxed elementor-section-height-default elementor-section-height-default ae-bg-gallery-type-default\" data-id=\"b22c1f5\" data-element_type=\"section\" data-settings=\"{&quot;jet_parallax_layout_list&quot;:[]}\">\n\t\t\t\t\t\t<div class=\"elementor-container elementor-column-gap-default\">\n\t\t\t\t\t<div class=\"has_ae_slider elementor-column elementor-col-100 elementor-top-column elementor-element elementor-element-2915b4c ae-bg-gallery-type-default\" data-id=\"2915b4c\" data-element_type=\"column\">\n\t\t\t<div class=\"elementor-widget-wrap elementor-element-populated\">\n\t\t\t\t\t\t<div class=\"elementor-element elementor-element-6bb7e9e elementor-widget elementor-widget-html\" data-id=\"6bb7e9e\" data-element_type=\"widget\" data-widget_type=\"html.default\">\n\t\t\t\t<div class=\"elementor-widget-container\">\n\t\t\t<div role=\"main\" id=\"e-book-sindico-blog-minhaportaria-com-2ca40267f1d38a8fdafb\"><\/div>\r\n<script type=\"text\/javascript\" src=\"https:\/\/d335luupugsy2.cloudfront.net\/js\/rdstation-forms\/stable\/rdstation-forms.min.js\"><\/script>\r\n<script type=\"text\/javascript\"> new RDStationForms('e-book-sindico-blog-minhaportaria-com-2ca40267f1d38a8fdafb', 'UA-3455702-3').createForm();<\/script>\t\t<\/div>\n\t\t\t\t<\/div>\n\t\t\t\t\t<\/div>\n\t\t<\/div>\n\t\t\t\t\t<\/div>\n\t\t<\/section>\n\t\t\t\t<\/div>","protected":false},"excerpt":{"rendered":"<p>Compreenda aqui diversos pontos que permeiam a profiss\u00e3o do s\u00edndico iniciante: leis, responsabilidades, habilidades e caracter\u00edsticas para uma boa administra\u00e7\u00e3o de condom\u00ednio<\/p>","protected":false},"author":13,"featured_media":1724,"comment_status":"open","ping_status":"open","sticky":false,"template":"","format":"standard","meta":{"footnotes":""},"categories":[82,218],"tags":[196,102,297,298,86,242,90,92,236,299,232,300,239,240,101],"class_list":["post-1703","post","type-post","status-publish","format-standard","has-post-thumbnail","hentry","category-administracao-de-condominios","category-sindico","tag-administracao-de-condominios","tag-administrador-de-condominio","tag-como-se-tornar-sindico","tag-como-ser-sindico","tag-condominio","tag-dicas-para-sindicos","tag-gestao-de-condominio","tag-gestao-de-edificios","tag-gestor-de-condominios","tag-profissao","tag-profissional","tag-sindico-amador","tag-sindico-iniciante","tag-sindico-profissional","tag-sindicos-2"],"yoast_head":"<!-- This site is optimized with the Yoast SEO plugin v23.5 - https:\/\/yoast.com\/wordpress\/plugins\/seo\/ -->\n<title>Como ser s\u00edndico: tudo o que voc\u00ea precisa saber sobre a profiss\u00e3o<\/title>\n<meta name=\"description\" content=\"&quot;Como ser s\u00edndico?&quot;. Nesta mat\u00e9ria, desenvolvemos tudo o que voc\u00ea precisa saber sobre a profiss\u00e3o do gestor de condom\u00ednio iniciante.\" \/>\n<meta name=\"robots\" content=\"index, follow, max-snippet:-1, max-image-preview:large, max-video-preview:-1\" \/>\n<link rel=\"canonical\" href=\"https:\/\/minhaportaria.com\/en\/administracao-de-condominios\/como-ser-sindico\/\" \/>\n<meta property=\"og:locale\" content=\"en_US\" \/>\n<meta property=\"og:type\" content=\"article\" \/>\n<meta property=\"og:title\" content=\"Como ser s\u00edndico: tudo o que voc\u00ea precisa saber sobre a profiss\u00e3o\" \/>\n<meta property=\"og:description\" content=\"&quot;Como ser s\u00edndico?&quot;. Nesta mat\u00e9ria, desenvolvemos tudo o que voc\u00ea precisa saber sobre a profiss\u00e3o do gestor de condom\u00ednio iniciante.\" \/>\n<meta property=\"og:url\" content=\"https:\/\/minhaportaria.com\/en\/administracao-de-condominios\/como-ser-sindico\/\" \/>\n<meta property=\"og:site_name\" content=\"Minha Portaria\" \/>\n<meta property=\"article:published_time\" content=\"2020-05-27T04:15:35+00:00\" \/>\n<meta property=\"og:image\" content=\"https:\/\/minhaportaria.com\/wp-content\/uploads\/2020\/05\/fui-eleito-sindico-o-que-fazer.jpeg\" \/>\n\t<meta property=\"og:image:width\" content=\"752\" \/>\n\t<meta property=\"og:image:height\" content=\"500\" \/>\n\t<meta property=\"og:image:type\" content=\"image\/jpeg\" \/>\n<meta name=\"author\" content=\"Walter Uvo\" \/>\n<meta name=\"twitter:card\" content=\"summary_large_image\" \/>\n<meta name=\"twitter:label1\" content=\"Written by\" \/>\n\t<meta name=\"twitter:data1\" content=\"Walter Uvo\" \/>\n\t<meta name=\"twitter:label2\" content=\"Est. reading time\" \/>\n\t<meta name=\"twitter:data2\" content=\"10 minutes\" \/>\n<script type=\"application\/ld+json\" class=\"yoast-schema-graph\">{\"@context\":\"https:\/\/schema.org\",\"@graph\":[{\"@type\":\"Article\",\"@id\":\"https:\/\/minhaportaria.com\/en\/administracao-de-condominios\/como-ser-sindico\/#article\",\"isPartOf\":{\"@id\":\"https:\/\/minhaportaria.com\/en\/administracao-de-condominios\/como-ser-sindico\/\"},\"author\":{\"name\":\"Walter Uvo\",\"@id\":\"https:\/\/minhaportaria.com\/#\/schema\/person\/1b60f6ffb6cc2dbfd6334e412ca16faf\"},\"headline\":\"Como ser s\u00edndico: tudo o que voc\u00ea precisa saber sobre a profiss\u00e3o\",\"datePublished\":\"2020-05-27T04:15:35+00:00\",\"dateModified\":\"2020-05-27T04:15:35+00:00\",\"mainEntityOfPage\":{\"@id\":\"https:\/\/minhaportaria.com\/en\/administracao-de-condominios\/como-ser-sindico\/\"},\"wordCount\":2121,\"commentCount\":0,\"publisher\":{\"@id\":\"https:\/\/minhaportaria.com\/#organization\"},\"image\":{\"@id\":\"https:\/\/minhaportaria.com\/en\/administracao-de-condominios\/como-ser-sindico\/#primaryimage\"},\"thumbnailUrl\":\"https:\/\/minhaportaria.com\/wp-content\/uploads\/2020\/05\/fui-eleito-sindico-o-que-fazer.jpeg\",\"keywords\":[\"administra\u00e7\u00e3o de condom\u00ednios\",\"administrador de condom\u00ednio\",\"como se tornar s\u00edndico\",\"como ser s\u00edndico\",\"condominio\",\"dicas para s\u00edndicos\",\"gest\u00e3o de condom\u00ednio\",\"gest\u00e3o de edif\u00edcios\",\"gestor de condom\u00ednios\",\"profissao\",\"profissional\",\"s\u00edndico amador\",\"sindico iniciante\",\"s\u00edndico profissional\",\"sindicos\"],\"articleSection\":[\"Administra\u00e7\u00e3o de Condom\u00ednios\",\"S\u00edndico\"],\"inLanguage\":\"en-US\",\"potentialAction\":[{\"@type\":\"CommentAction\",\"name\":\"Comment\",\"target\":[\"https:\/\/minhaportaria.com\/en\/administracao-de-condominios\/como-ser-sindico\/#respond\"]}]},{\"@type\":\"WebPage\",\"@id\":\"https:\/\/minhaportaria.com\/en\/administracao-de-condominios\/como-ser-sindico\/\",\"url\":\"https:\/\/minhaportaria.com\/en\/administracao-de-condominios\/como-ser-sindico\/\",\"name\":\"Como ser s\u00edndico: tudo o que voc\u00ea precisa saber sobre a profiss\u00e3o\",\"isPartOf\":{\"@id\":\"https:\/\/minhaportaria.com\/#website\"},\"primaryImageOfPage\":{\"@id\":\"https:\/\/minhaportaria.com\/en\/administracao-de-condominios\/como-ser-sindico\/#primaryimage\"},\"image\":{\"@id\":\"https:\/\/minhaportaria.com\/en\/administracao-de-condominios\/como-ser-sindico\/#primaryimage\"},\"thumbnailUrl\":\"https:\/\/minhaportaria.com\/wp-content\/uploads\/2020\/05\/fui-eleito-sindico-o-que-fazer.jpeg\",\"datePublished\":\"2020-05-27T04:15:35+00:00\",\"dateModified\":\"2020-05-27T04:15:35+00:00\",\"description\":\"\\\"Como ser s\u00edndico?\\\". Nesta mat\u00e9ria, desenvolvemos tudo o que voc\u00ea precisa saber sobre a profiss\u00e3o do gestor de condom\u00ednio iniciante.\",\"breadcrumb\":{\"@id\":\"https:\/\/minhaportaria.com\/en\/administracao-de-condominios\/como-ser-sindico\/#breadcrumb\"},\"inLanguage\":\"en-US\",\"potentialAction\":[{\"@type\":\"ReadAction\",\"target\":[\"https:\/\/minhaportaria.com\/en\/administracao-de-condominios\/como-ser-sindico\/\"]}]},{\"@type\":\"ImageObject\",\"inLanguage\":\"en-US\",\"@id\":\"https:\/\/minhaportaria.com\/en\/administracao-de-condominios\/como-ser-sindico\/#primaryimage\",\"url\":\"https:\/\/minhaportaria.com\/wp-content\/uploads\/2020\/05\/fui-eleito-sindico-o-que-fazer.jpeg\",\"contentUrl\":\"https:\/\/minhaportaria.com\/wp-content\/uploads\/2020\/05\/fui-eleito-sindico-o-que-fazer.jpeg\",\"width\":752,\"height\":500,\"caption\":\"O s\u00edndico \u00e9 uma das figuras mais importantes do condom\u00ednio e seu trabalho exige responsabilidade e organiza\u00e7\u00e3o\"},{\"@type\":\"BreadcrumbList\",\"@id\":\"https:\/\/minhaportaria.com\/en\/administracao-de-condominios\/como-ser-sindico\/#breadcrumb\",\"itemListElement\":[{\"@type\":\"ListItem\",\"position\":1,\"name\":\"Home\",\"item\":\"https:\/\/minhaportaria.com\/\"},{\"@type\":\"ListItem\",\"position\":2,\"name\":\"Administra\u00e7\u00e3o de Condom\u00ednios\",\"item\":\"https:\/\/minhaportaria.com\/en\/category\/administracao-de-condominios\/\"},{\"@type\":\"ListItem\",\"position\":3,\"name\":\"Como ser s\u00edndico: tudo o que voc\u00ea precisa saber sobre a profiss\u00e3o\"}]},{\"@type\":\"WebSite\",\"@id\":\"https:\/\/minhaportaria.com\/#website\",\"url\":\"https:\/\/minhaportaria.com\/\",\"name\":\"Minha Portaria\",\"description\":\"\",\"publisher\":{\"@id\":\"https:\/\/minhaportaria.com\/#organization\"},\"potentialAction\":[{\"@type\":\"SearchAction\",\"target\":{\"@type\":\"EntryPoint\",\"urlTemplate\":\"https:\/\/minhaportaria.com\/?s={search_term_string}\"},\"query-input\":{\"@type\":\"PropertyValueSpecification\",\"valueRequired\":true,\"valueName\":\"search_term_string\"}}],\"inLanguage\":\"en-US\"},{\"@type\":\"Organization\",\"@id\":\"https:\/\/minhaportaria.com\/#organization\",\"name\":\"Minha Portaria\",\"url\":\"https:\/\/minhaportaria.com\/\",\"logo\":{\"@type\":\"ImageObject\",\"inLanguage\":\"en-US\",\"@id\":\"https:\/\/minhaportaria.com\/#\/schema\/logo\/image\/\",\"url\":\"https:\/\/minhaportaria.com\/wp-content\/uploads\/2021\/01\/logo-home-175854.png\",\"contentUrl\":\"https:\/\/minhaportaria.com\/wp-content\/uploads\/2021\/01\/logo-home-175854.png\",\"width\":134,\"height\":62,\"caption\":\"Minha Portaria \"},\"image\":{\"@id\":\"https:\/\/minhaportaria.com\/#\/schema\/logo\/image\/\"}},{\"@type\":\"Person\",\"@id\":\"https:\/\/minhaportaria.com\/#\/schema\/person\/1b60f6ffb6cc2dbfd6334e412ca16faf\",\"name\":\"Walter Uvo\",\"image\":{\"@type\":\"ImageObject\",\"inLanguage\":\"en-US\",\"@id\":\"https:\/\/minhaportaria.com\/#\/schema\/person\/image\/\",\"url\":\"https:\/\/secure.gravatar.com\/avatar\/ed74b837a4835d4a7b377236f4b28538?s=96&d=mm&r=g\",\"contentUrl\":\"https:\/\/secure.gravatar.com\/avatar\/ed74b837a4835d4a7b377236f4b28538?s=96&d=mm&r=g\",\"caption\":\"Walter Uvo\"},\"url\":\"https:\/\/minhaportaria.com\/en\/author\/walter-uvo\/\"}]}<\/script>\n<!-- \/ Yoast SEO plugin. -->","yoast_head_json":{"title":"Como ser s\u00edndico: tudo o que voc\u00ea precisa saber sobre a profiss\u00e3o","description":"\"Como ser s\u00edndico?\". Nesta mat\u00e9ria, desenvolvemos tudo o que voc\u00ea precisa saber sobre a profiss\u00e3o do gestor de condom\u00ednio iniciante.","robots":{"index":"index","follow":"follow","max-snippet":"max-snippet:-1","max-image-preview":"max-image-preview:large","max-video-preview":"max-video-preview:-1"},"canonical":"https:\/\/minhaportaria.com\/en\/administracao-de-condominios\/como-ser-sindico\/","og_locale":"en_US","og_type":"article","og_title":"Como ser s\u00edndico: tudo o que voc\u00ea precisa saber sobre a profiss\u00e3o","og_description":"\"Como ser s\u00edndico?\". Nesta mat\u00e9ria, desenvolvemos tudo o que voc\u00ea precisa saber sobre a profiss\u00e3o do gestor de condom\u00ednio iniciante.","og_url":"https:\/\/minhaportaria.com\/en\/administracao-de-condominios\/como-ser-sindico\/","og_site_name":"Minha Portaria","article_published_time":"2020-05-27T04:15:35+00:00","og_image":[{"width":752,"height":500,"url":"https:\/\/minhaportaria.com\/wp-content\/uploads\/2020\/05\/fui-eleito-sindico-o-que-fazer.jpeg","type":"image\/jpeg"}],"author":"Walter Uvo","twitter_card":"summary_large_image","twitter_misc":{"Written by":"Walter Uvo","Est. reading time":"10 minutes"},"schema":{"@context":"https:\/\/schema.org","@graph":[{"@type":"Article","@id":"https:\/\/minhaportaria.com\/en\/administracao-de-condominios\/como-ser-sindico\/#article","isPartOf":{"@id":"https:\/\/minhaportaria.com\/en\/administracao-de-condominios\/como-ser-sindico\/"},"author":{"name":"Walter Uvo","@id":"https:\/\/minhaportaria.com\/#\/schema\/person\/1b60f6ffb6cc2dbfd6334e412ca16faf"},"headline":"Como ser s\u00edndico: tudo o que voc\u00ea precisa saber sobre a profiss\u00e3o","datePublished":"2020-05-27T04:15:35+00:00","dateModified":"2020-05-27T04:15:35+00:00","mainEntityOfPage":{"@id":"https:\/\/minhaportaria.com\/en\/administracao-de-condominios\/como-ser-sindico\/"},"wordCount":2121,"commentCount":0,"publisher":{"@id":"https:\/\/minhaportaria.com\/#organization"},"image":{"@id":"https:\/\/minhaportaria.com\/en\/administracao-de-condominios\/como-ser-sindico\/#primaryimage"},"thumbnailUrl":"https:\/\/minhaportaria.com\/wp-content\/uploads\/2020\/05\/fui-eleito-sindico-o-que-fazer.jpeg","keywords":["administra\u00e7\u00e3o de condom\u00ednios","administrador de condom\u00ednio","como se tornar s\u00edndico","como ser s\u00edndico","condominio","dicas para s\u00edndicos","gest\u00e3o de condom\u00ednio","gest\u00e3o de edif\u00edcios","gestor de condom\u00ednios","profissao","profissional","s\u00edndico amador","sindico iniciante","s\u00edndico profissional","sindicos"],"articleSection":["Administra\u00e7\u00e3o de Condom\u00ednios","S\u00edndico"],"inLanguage":"en-US","potentialAction":[{"@type":"CommentAction","name":"Comment","target":["https:\/\/minhaportaria.com\/en\/administracao-de-condominios\/como-ser-sindico\/#respond"]}]},{"@type":"WebPage","@id":"https:\/\/minhaportaria.com\/en\/administracao-de-condominios\/como-ser-sindico\/","url":"https:\/\/minhaportaria.com\/en\/administracao-de-condominios\/como-ser-sindico\/","name":"Como ser s\u00edndico: tudo o que voc\u00ea precisa saber sobre a profiss\u00e3o","isPartOf":{"@id":"https:\/\/minhaportaria.com\/#website"},"primaryImageOfPage":{"@id":"https:\/\/minhaportaria.com\/en\/administracao-de-condominios\/como-ser-sindico\/#primaryimage"},"image":{"@id":"https:\/\/minhaportaria.com\/en\/administracao-de-condominios\/como-ser-sindico\/#primaryimage"},"thumbnailUrl":"https:\/\/minhaportaria.com\/wp-content\/uploads\/2020\/05\/fui-eleito-sindico-o-que-fazer.jpeg","datePublished":"2020-05-27T04:15:35+00:00","dateModified":"2020-05-27T04:15:35+00:00","description":"\"Como ser s\u00edndico?\". Nesta mat\u00e9ria, desenvolvemos tudo o que voc\u00ea precisa saber sobre a profiss\u00e3o do gestor de condom\u00ednio iniciante.","breadcrumb":{"@id":"https:\/\/minhaportaria.com\/en\/administracao-de-condominios\/como-ser-sindico\/#breadcrumb"},"inLanguage":"en-US","potentialAction":[{"@type":"ReadAction","target":["https:\/\/minhaportaria.com\/en\/administracao-de-condominios\/como-ser-sindico\/"]}]},{"@type":"ImageObject","inLanguage":"en-US","@id":"https:\/\/minhaportaria.com\/en\/administracao-de-condominios\/como-ser-sindico\/#primaryimage","url":"https:\/\/minhaportaria.com\/wp-content\/uploads\/2020\/05\/fui-eleito-sindico-o-que-fazer.jpeg","contentUrl":"https:\/\/minhaportaria.com\/wp-content\/uploads\/2020\/05\/fui-eleito-sindico-o-que-fazer.jpeg","width":752,"height":500,"caption":"O s\u00edndico \u00e9 uma das figuras mais importantes do condom\u00ednio e seu trabalho exige responsabilidade e organiza\u00e7\u00e3o"},{"@type":"BreadcrumbList","@id":"https:\/\/minhaportaria.com\/en\/administracao-de-condominios\/como-ser-sindico\/#breadcrumb","itemListElement":[{"@type":"ListItem","position":1,"name":"Home","item":"https:\/\/minhaportaria.com\/"},{"@type":"ListItem","position":2,"name":"Administra\u00e7\u00e3o de Condom\u00ednios","item":"https:\/\/minhaportaria.com\/en\/category\/administracao-de-condominios\/"},{"@type":"ListItem","position":3,"name":"Como ser s\u00edndico: tudo o que voc\u00ea precisa saber sobre a profiss\u00e3o"}]},{"@type":"WebSite","@id":"https:\/\/minhaportaria.com\/#website","url":"https:\/\/minhaportaria.com\/","name":"Minha Portaria","description":"","publisher":{"@id":"https:\/\/minhaportaria.com\/#organization"},"potentialAction":[{"@type":"SearchAction","target":{"@type":"EntryPoint","urlTemplate":"https:\/\/minhaportaria.com\/?s={search_term_string}"},"query-input":{"@type":"PropertyValueSpecification","valueRequired":true,"valueName":"search_term_string"}}],"inLanguage":"en-US"},{"@type":"Organization","@id":"https:\/\/minhaportaria.com\/#organization","name":"Minha Portaria","url":"https:\/\/minhaportaria.com\/","logo":{"@type":"ImageObject","inLanguage":"en-US","@id":"https:\/\/minhaportaria.com\/#\/schema\/logo\/image\/","url":"https:\/\/minhaportaria.com\/wp-content\/uploads\/2021\/01\/logo-home-175854.png","contentUrl":"https:\/\/minhaportaria.com\/wp-content\/uploads\/2021\/01\/logo-home-175854.png","width":134,"height":62,"caption":"Minha Portaria "},"image":{"@id":"https:\/\/minhaportaria.com\/#\/schema\/logo\/image\/"}},{"@type":"Person","@id":"https:\/\/minhaportaria.com\/#\/schema\/person\/1b60f6ffb6cc2dbfd6334e412ca16faf","name":"Walter Uvo","image":{"@type":"ImageObject","inLanguage":"en-US","@id":"https:\/\/minhaportaria.com\/#\/schema\/person\/image\/","url":"https:\/\/secure.gravatar.com\/avatar\/ed74b837a4835d4a7b377236f4b28538?s=96&d=mm&r=g","contentUrl":"https:\/\/secure.gravatar.com\/avatar\/ed74b837a4835d4a7b377236f4b28538?s=96&d=mm&r=g","caption":"Walter Uvo"},"url":"https:\/\/minhaportaria.com\/en\/author\/walter-uvo\/"}]}},"_links":{"self":[{"href":"https:\/\/minhaportaria.com\/en\/wp-json\/wp\/v2\/posts\/1703"}],"collection":[{"href":"https:\/\/minhaportaria.com\/en\/wp-json\/wp\/v2\/posts"}],"about":[{"href":"https:\/\/minhaportaria.com\/en\/wp-json\/wp\/v2\/types\/post"}],"author":[{"embeddable":true,"href":"https:\/\/minhaportaria.com\/en\/wp-json\/wp\/v2\/users\/13"}],"replies":[{"embeddable":true,"href":"https:\/\/minhaportaria.com\/en\/wp-json\/wp\/v2\/comments?post=1703"}],"version-history":[{"count":0,"href":"https:\/\/minhaportaria.com\/en\/wp-json\/wp\/v2\/posts\/1703\/revisions"}],"wp:featuredmedia":[{"embeddable":true,"href":"https:\/\/minhaportaria.com\/en\/wp-json\/wp\/v2\/media\/1724"}],"wp:attachment":[{"href":"https:\/\/minhaportaria.com\/en\/wp-json\/wp\/v2\/media?parent=1703"}],"wp:term":[{"taxonomy":"category","embeddable":true,"href":"https:\/\/minhaportaria.com\/en\/wp-json\/wp\/v2\/categories?post=1703"},{"taxonomy":"post_tag","embeddable":true,"href":"https:\/\/minhaportaria.com\/en\/wp-json\/wp\/v2\/tags?post=1703"}],"curies":[{"name":"wp","href":"https:\/\/api.w.org\/{rel}","templated":true}]}}