{"id":2066,"date":"2020-07-23T10:05:12","date_gmt":"2020-07-23T13:05:12","guid":{"rendered":"https:\/\/blog.minhaportaria.com\/?p=2066"},"modified":"2020-07-23T10:05:12","modified_gmt":"2020-07-23T13:05:12","slug":"condominio-pandemia","status":"publish","type":"post","link":"http:\/\/minhaportaria.com\/en\/portaria-virtual\/condominio-pandemia\/","title":{"rendered":"4 tend\u00eancias que afetam seu estilo de vida num mundo em meio \u00e0 pandemia e como o mercado condominial vem se adaptando"},"content":{"rendered":"<div data-elementor-type=\"wp-post\" data-elementor-id=\"2066\" class=\"elementor elementor-2066\" data-elementor-post-type=\"post\">\n\t\t\t\t\t\t<section class=\"has_ae_slider elementor-section elementor-top-section elementor-element elementor-element-5166242 elementor-section-boxed elementor-section-height-default elementor-section-height-default ae-bg-gallery-type-default\" data-id=\"5166242\" data-element_type=\"section\" data-settings=\"{&quot;jet_parallax_layout_list&quot;:[]}\">\n\t\t\t\t\t\t<div class=\"elementor-container elementor-column-gap-default\">\n\t\t\t\t\t<div class=\"has_ae_slider elementor-column elementor-col-100 elementor-top-column elementor-element elementor-element-e921d9c ae-bg-gallery-type-default\" data-id=\"e921d9c\" data-element_type=\"column\">\n\t\t\t<div class=\"elementor-widget-wrap elementor-element-populated\">\n\t\t\t\t\t\t<div class=\"elementor-element elementor-element-52f58bd elementor-widget elementor-widget-text-editor\" data-id=\"52f58bd\" data-element_type=\"widget\" data-widget_type=\"text-editor.default\">\n\t\t\t\t<div class=\"elementor-widget-container\">\n\t\t\t\t\t\t\t<p><b><i>A pandemia acelerou a era digital e trouxe transforma\u00e7\u00f5es ao mercado condominial. Entenda como no mais recente artigo da MinhaPortaria.Com<\/i><\/b><br><\/p>\t\t\t\t\t\t<\/div>\n\t\t\t\t<\/div>\n\t\t\t\t\t<\/div>\n\t\t<\/div>\n\t\t\t\t\t<\/div>\n\t\t<\/section>\n\t\t\t\t<section class=\"has_ae_slider elementor-section elementor-top-section elementor-element elementor-element-e0bcfeb elementor-section-boxed elementor-section-height-default elementor-section-height-default ae-bg-gallery-type-default\" data-id=\"e0bcfeb\" data-element_type=\"section\" data-settings=\"{&quot;jet_parallax_layout_list&quot;:[]}\">\n\t\t\t\t\t\t<div class=\"elementor-container elementor-column-gap-default\">\n\t\t\t\t\t<div class=\"has_ae_slider elementor-column elementor-col-100 elementor-top-column elementor-element elementor-element-3f8eb71 ae-bg-gallery-type-default\" data-id=\"3f8eb71\" data-element_type=\"column\">\n\t\t\t<div class=\"elementor-widget-wrap elementor-element-populated\">\n\t\t\t\t\t\t<div class=\"elementor-element elementor-element-dac9940 elementor-widget elementor-widget-text-editor\" data-id=\"dac9940\" data-element_type=\"widget\" data-widget_type=\"text-editor.default\">\n\t\t\t\t<div class=\"elementor-widget-container\">\n\t\t\t\t\t\t\t<p>De fato, o Coronav\u00edrus vem trazendo altera\u00e7\u00f5es para a vida em todos os sentidos. Ainda sem vacina dispon\u00edvel, muitas situa\u00e7\u00f5es ainda s\u00e3o tratadas com car\u00e1ter de novidade.&nbsp;<\/p><p>Estamos caminhando para o 5\u00ba m\u00eas de pandemia no Brasil e as mudan\u00e7as v\u00eam afetando a rotina de todos, em propor\u00e7\u00e3o mundial, atingindo aspectos intr\u00ednsecos de todas as rela\u00e7\u00f5es.&nbsp;<\/p><p>N\u00e3o sa\u00edmos mais de casa na mesma frequ\u00eancia de antes, nos afastamos de pessoas queridas e n\u00e3o frequentamos mais bares, restaurantes e lugares p\u00fablicos como antigamente. Nossa intera\u00e7\u00e3o com o mundo, com os outros e com n\u00f3s mesmos v\u00eam passando por transforma\u00e7\u00f5es.&nbsp;<\/p><p>Por outro lado, uma \u00e1rea surge ganhando destaque em meio a essa confus\u00e3o, provando para n\u00f3s uma caracter\u00edstica: a pandemia acelerou a era digital.&nbsp;<\/p><p>Neste texto, voc\u00ea ir\u00e1 compreender 4 tend\u00eancias que afetam seu estilo de vida num mundo em meio \u00e0 pandemia de Coronav\u00edrus e como o mercado condominial vem se adaptando a essas altera\u00e7\u00f5es.<\/p>\t\t\t\t\t\t<\/div>\n\t\t\t\t<\/div>\n\t\t\t\t\t<\/div>\n\t\t<\/div>\n\t\t\t\t\t<\/div>\n\t\t<\/section>\n\t\t\t\t<section class=\"has_ae_slider elementor-section elementor-top-section elementor-element elementor-element-836c9c9 elementor-section-boxed elementor-section-height-default elementor-section-height-default ae-bg-gallery-type-default\" data-id=\"836c9c9\" data-element_type=\"section\" data-settings=\"{&quot;jet_parallax_layout_list&quot;:[]}\">\n\t\t\t\t\t\t<div class=\"elementor-container elementor-column-gap-default\">\n\t\t\t\t\t<div class=\"has_ae_slider elementor-column elementor-col-100 elementor-top-column elementor-element elementor-element-3bfcd74 ae-bg-gallery-type-default\" data-id=\"3bfcd74\" data-element_type=\"column\">\n\t\t\t<div class=\"elementor-widget-wrap elementor-element-populated\">\n\t\t\t\t\t\t<div class=\"elementor-element elementor-element-e95d5ea elementor-widget elementor-widget-text-editor\" data-id=\"e95d5ea\" data-element_type=\"widget\" data-widget_type=\"text-editor.default\">\n\t\t\t\t<div class=\"elementor-widget-container\">\n\t\t\t\t\t\t\t<p>Entender que ocupamos um lugar no mundo, questionar essa posi\u00e7\u00e3o e se adaptar \u00e0s transforma\u00e7\u00f5es \u00e9 uma incr\u00edvel habilidade humana e, para este momento, tais atitudes s\u00e3o mais que imprescind\u00edveis.<\/p>\t\t\t\t\t\t<\/div>\n\t\t\t\t<\/div>\n\t\t\t\t\t<\/div>\n\t\t<\/div>\n\t\t\t\t\t<\/div>\n\t\t<\/section>\n\t\t\t\t<section class=\"has_ae_slider elementor-section elementor-top-section elementor-element elementor-element-9167824 elementor-section-boxed elementor-section-height-default elementor-section-height-default ae-bg-gallery-type-default\" data-id=\"9167824\" data-element_type=\"section\" data-settings=\"{&quot;jet_parallax_layout_list&quot;:[]}\">\n\t\t\t\t\t\t<div class=\"elementor-container elementor-column-gap-default\">\n\t\t\t\t\t<div class=\"has_ae_slider elementor-column elementor-col-100 elementor-top-column elementor-element elementor-element-e0661c3 ae-bg-gallery-type-default\" data-id=\"e0661c3\" data-element_type=\"column\">\n\t\t\t<div class=\"elementor-widget-wrap elementor-element-populated\">\n\t\t\t\t\t\t<div class=\"elementor-element elementor-element-d582494 elementor-widget elementor-widget-text-editor\" data-id=\"d582494\" data-element_type=\"widget\" data-widget_type=\"text-editor.default\">\n\t\t\t\t<div class=\"elementor-widget-container\">\n\t\t\t\t\t\t\t<p>O mundo mudou e vem mudando. Portanto, \u00e9 preciso ter consci\u00eancia. Diante da perspectiva de tudo que vamos enfrentando, cabem alguns questionamentos: como podemos estar cada vez mais preparados para as mudan\u00e7as futuras? Como ser\u00e1 o futuro depois desse per\u00edodo?<\/p>\t\t\t\t\t\t<\/div>\n\t\t\t\t<\/div>\n\t\t\t\t\t<\/div>\n\t\t<\/div>\n\t\t\t\t\t<\/div>\n\t\t<\/section>\n\t\t\t\t<section class=\"has_ae_slider elementor-section elementor-top-section elementor-element elementor-element-69bbf83 elementor-section-boxed elementor-section-height-default elementor-section-height-default ae-bg-gallery-type-default\" data-id=\"69bbf83\" data-element_type=\"section\" data-settings=\"{&quot;jet_parallax_layout_list&quot;:[]}\">\n\t\t\t\t\t\t<div class=\"elementor-container elementor-column-gap-default\">\n\t\t\t\t\t<div class=\"has_ae_slider elementor-column elementor-col-100 elementor-top-column elementor-element elementor-element-eeb3c2f ae-bg-gallery-type-default\" data-id=\"eeb3c2f\" data-element_type=\"column\">\n\t\t\t<div class=\"elementor-widget-wrap elementor-element-populated\">\n\t\t\t\t\t\t<div class=\"elementor-element elementor-element-df9126b elementor-widget elementor-widget-text-editor\" data-id=\"df9126b\" data-element_type=\"widget\" data-widget_type=\"text-editor.default\">\n\t\t\t\t<div class=\"elementor-widget-container\">\n\t\t\t\t\t\t\t<p>Continue lendo este artigo e entenda algumas quest\u00f5es do mundo p\u00f3s-pandemia&#8230; inclusive aquelas que abrangem o mercado condominial.<\/p>\t\t\t\t\t\t<\/div>\n\t\t\t\t<\/div>\n\t\t\t\t\t<\/div>\n\t\t<\/div>\n\t\t\t\t\t<\/div>\n\t\t<\/section>\n\t\t\t\t<section class=\"has_ae_slider elementor-section elementor-top-section elementor-element elementor-element-eb2d3e7 elementor-section-boxed elementor-section-height-default elementor-section-height-default ae-bg-gallery-type-default\" data-id=\"eb2d3e7\" data-element_type=\"section\" data-settings=\"{&quot;jet_parallax_layout_list&quot;:[]}\">\n\t\t\t\t\t\t<div class=\"elementor-container elementor-column-gap-default\">\n\t\t\t\t\t<div class=\"has_ae_slider elementor-column elementor-col-50 elementor-top-column elementor-element elementor-element-a70f254 ae-bg-gallery-type-default\" data-id=\"a70f254\" data-element_type=\"column\">\n\t\t\t<div class=\"elementor-widget-wrap elementor-element-populated\">\n\t\t\t\t\t\t<div class=\"elementor-element elementor-element-0586737 elementor-widget elementor-widget-text-editor\" data-id=\"0586737\" data-element_type=\"widget\" data-widget_type=\"text-editor.default\">\n\t\t\t\t<div class=\"elementor-widget-container\">\n\t\t\t\t\t\t\t<h2>Trabalho remoto<\/h2>\t\t\t\t\t\t<\/div>\n\t\t\t\t<\/div>\n\t\t\t\t<div class=\"elementor-element elementor-element-651e3a2 elementor-widget elementor-widget-text-editor\" data-id=\"651e3a2\" data-element_type=\"widget\" data-widget_type=\"text-editor.default\">\n\t\t\t\t<div class=\"elementor-widget-container\">\n\t\t\t\t\t\t\t<p>Com a pandemia, muitas empresas tiveram de reorganizar seu modelo de colabora\u00e7\u00e3o adotando o chamado home office.&nbsp;<\/p><p>Esse tipo de trabalho j\u00e1 era uma realidade para muita gente, principalmente para freelancers, por\u00e9m, com a dissemina\u00e7\u00e3o do v\u00edrus, o trabalho remoto veio como uma solu\u00e7\u00e3o para evitar a necessidade de aglomera\u00e7\u00e3o nos locais de of\u00edcio e transporte p\u00fablico.<\/p>\t\t\t\t\t\t<\/div>\n\t\t\t\t<\/div>\n\t\t\t\t\t<\/div>\n\t\t<\/div>\n\t\t\t\t<div class=\"has_ae_slider elementor-column elementor-col-50 elementor-top-column elementor-element elementor-element-8bb6438 ae-bg-gallery-type-default\" data-id=\"8bb6438\" data-element_type=\"column\">\n\t\t\t<div class=\"elementor-widget-wrap elementor-element-populated\">\n\t\t\t\t\t\t<div class=\"elementor-element elementor-element-32b76c3 elementor-widget elementor-widget-image\" data-id=\"32b76c3\" data-element_type=\"widget\" data-widget_type=\"image.default\">\n\t\t\t\t<div class=\"elementor-widget-container\">\n\t\t\t\t\t\t\t\t\t\t\t\t\t<img decoding=\"async\" src=\"https:\/\/blog.minhaportaria.com\/wp-content\/uploads\/2020\/07\/HOME-OFFICE-E\u0301-UMA-DAS-TENDE\u0302NCIAS-PARA-OS-TEMPOS-DE-PANDEMIA.jpeg\" title=\"\" alt=\"\" loading=\"lazy\" \/>\t\t\t\t\t\t\t\t\t\t\t\t\t<\/div>\n\t\t\t\t<\/div>\n\t\t\t\t\t<\/div>\n\t\t<\/div>\n\t\t\t\t\t<\/div>\n\t\t<\/section>\n\t\t\t\t<section class=\"has_ae_slider elementor-section elementor-top-section elementor-element elementor-element-fc65e1f elementor-section-boxed elementor-section-height-default elementor-section-height-default ae-bg-gallery-type-default\" data-id=\"fc65e1f\" data-element_type=\"section\" data-settings=\"{&quot;jet_parallax_layout_list&quot;:[]}\">\n\t\t\t\t\t\t<div class=\"elementor-container elementor-column-gap-default\">\n\t\t\t\t\t<div class=\"has_ae_slider elementor-column elementor-col-100 elementor-top-column elementor-element elementor-element-e36d795 ae-bg-gallery-type-default\" data-id=\"e36d795\" data-element_type=\"column\">\n\t\t\t<div class=\"elementor-widget-wrap elementor-element-populated\">\n\t\t\t\t\t\t<div class=\"elementor-element elementor-element-8db8092 elementor-widget elementor-widget-text-editor\" data-id=\"8db8092\" data-element_type=\"widget\" data-widget_type=\"text-editor.default\">\n\t\t\t\t<div class=\"elementor-widget-container\">\n\t\t\t\t\t\t\t<h2>Educa\u00e7\u00e3o \u00e0 dist\u00e2ncia<\/h2>\t\t\t\t\t\t<\/div>\n\t\t\t\t<\/div>\n\t\t\t\t\t<\/div>\n\t\t<\/div>\n\t\t\t\t\t<\/div>\n\t\t<\/section>\n\t\t\t\t<section class=\"has_ae_slider elementor-section elementor-top-section elementor-element elementor-element-4bc3228 elementor-section-boxed elementor-section-height-default elementor-section-height-default ae-bg-gallery-type-default\" data-id=\"4bc3228\" data-element_type=\"section\" data-settings=\"{&quot;jet_parallax_layout_list&quot;:[]}\">\n\t\t\t\t\t\t<div class=\"elementor-container elementor-column-gap-default\">\n\t\t\t\t\t<div class=\"has_ae_slider elementor-column elementor-col-100 elementor-top-column elementor-element elementor-element-800b7fa ae-bg-gallery-type-default\" data-id=\"800b7fa\" data-element_type=\"column\">\n\t\t\t<div class=\"elementor-widget-wrap elementor-element-populated\">\n\t\t\t\t\t\t<div class=\"elementor-element elementor-element-b45ba8f elementor-widget elementor-widget-text-editor\" data-id=\"b45ba8f\" data-element_type=\"widget\" data-widget_type=\"text-editor.default\">\n\t\t\t\t<div class=\"elementor-widget-container\">\n\t\t\t\t\t\t\t<p>Segundo a Unesco (bra\u00e7o da ONU para educa\u00e7\u00e3o), at\u00e9 25 de mar\u00e7o, 165 pa\u00edses haviam fechado suas escolas por causa da pandemia, interrompendo as aulas presenciais de 1,5 bilh\u00e3o de estudantes e mudando a rotina 63 milh\u00f5es de professores de educa\u00e7\u00e3o b\u00e1sica.<\/p>\t\t\t\t\t\t<\/div>\n\t\t\t\t<\/div>\n\t\t\t\t\t<\/div>\n\t\t<\/div>\n\t\t\t\t\t<\/div>\n\t\t<\/section>\n\t\t\t\t<section class=\"has_ae_slider elementor-section elementor-top-section elementor-element elementor-element-3d419c2 elementor-section-boxed elementor-section-height-default elementor-section-height-default ae-bg-gallery-type-default\" data-id=\"3d419c2\" data-element_type=\"section\" data-settings=\"{&quot;jet_parallax_layout_list&quot;:[]}\">\n\t\t\t\t\t\t<div class=\"elementor-container elementor-column-gap-default\">\n\t\t\t\t\t<div class=\"has_ae_slider elementor-column elementor-col-100 elementor-top-column elementor-element elementor-element-70bc39e ae-bg-gallery-type-default\" data-id=\"70bc39e\" data-element_type=\"column\">\n\t\t\t<div class=\"elementor-widget-wrap elementor-element-populated\">\n\t\t\t\t\t\t<div class=\"elementor-element elementor-element-162e94b elementor-widget elementor-widget-text-editor\" data-id=\"162e94b\" data-element_type=\"widget\" data-widget_type=\"text-editor.default\">\n\t\t\t\t<div class=\"elementor-widget-container\">\n\t\t\t\t\t\t\t<p>No Brasil, as novas formas de ensino v\u00eam dependendo da rede e da escola, portanto, muitas anteciparam as f\u00e9rias e se prepararam para estruturar ensino \u00e0 dist\u00e2ncia caso a quarentena se estenda, que \u00e9 o mais prov\u00e1vel; outras j\u00e1 est\u00e3o, em diferentes graus e em diferentes m\u00e9todos, produzindo conte\u00fados e enviando tarefas.<\/p>\t\t\t\t\t\t<\/div>\n\t\t\t\t<\/div>\n\t\t\t\t\t<\/div>\n\t\t<\/div>\n\t\t\t\t\t<\/div>\n\t\t<\/section>\n\t\t\t\t<section class=\"has_ae_slider elementor-section elementor-top-section elementor-element elementor-element-cc9fb45 elementor-section-boxed elementor-section-height-default elementor-section-height-default ae-bg-gallery-type-default\" data-id=\"cc9fb45\" data-element_type=\"section\" data-settings=\"{&quot;jet_parallax_layout_list&quot;:[]}\">\n\t\t\t\t\t\t<div class=\"elementor-container elementor-column-gap-default\">\n\t\t\t\t\t<div class=\"has_ae_slider elementor-column elementor-col-100 elementor-top-column elementor-element elementor-element-6ab2b90 ae-bg-gallery-type-default\" data-id=\"6ab2b90\" data-element_type=\"column\">\n\t\t\t<div class=\"elementor-widget-wrap elementor-element-populated\">\n\t\t\t\t\t\t<div class=\"elementor-element elementor-element-d7b610e elementor-widget elementor-widget-text-editor\" data-id=\"d7b610e\" data-element_type=\"widget\" data-widget_type=\"text-editor.default\">\n\t\t\t\t<div class=\"elementor-widget-container\">\n\t\t\t\t\t\t\t<p>Na rede p\u00fablica, estados e munic\u00edpios preparam aulas virtuais ou via transmiss\u00f5es de televis\u00e3o aberta, \u00e0s vezes complementadas por material enviado \u00e0s casas dos alunos pelo correio ou transporte escolar. Alguns montam grupos de WhatsApp com alunos e professores, trocando v\u00eddeos e \u00e1udios com atividades.<\/p>\t\t\t\t\t\t<\/div>\n\t\t\t\t<\/div>\n\t\t\t\t\t<\/div>\n\t\t<\/div>\n\t\t\t\t\t<\/div>\n\t\t<\/section>\n\t\t\t\t<section class=\"has_ae_slider elementor-section elementor-top-section elementor-element elementor-element-149c57a elementor-section-boxed elementor-section-height-default elementor-section-height-default ae-bg-gallery-type-default\" data-id=\"149c57a\" data-element_type=\"section\" data-settings=\"{&quot;jet_parallax_layout_list&quot;:[]}\">\n\t\t\t\t\t\t<div class=\"elementor-container elementor-column-gap-default\">\n\t\t\t\t\t<div class=\"has_ae_slider elementor-column elementor-col-100 elementor-top-column elementor-element elementor-element-8db27fb ae-bg-gallery-type-default\" data-id=\"8db27fb\" data-element_type=\"column\">\n\t\t\t<div class=\"elementor-widget-wrap elementor-element-populated\">\n\t\t\t\t\t\t<div class=\"elementor-element elementor-element-c660f0b elementor-widget elementor-widget-text-editor\" data-id=\"c660f0b\" data-element_type=\"widget\" data-widget_type=\"text-editor.default\">\n\t\t\t\t<div class=\"elementor-widget-container\">\n\t\t\t\t\t\t\t<h2>Busca por novos conhecimentos<\/h2>\t\t\t\t\t\t<\/div>\n\t\t\t\t<\/div>\n\t\t\t\t\t<\/div>\n\t\t<\/div>\n\t\t\t\t\t<\/div>\n\t\t<\/section>\n\t\t\t\t<section class=\"has_ae_slider elementor-section elementor-top-section elementor-element elementor-element-0a7467b elementor-section-boxed elementor-section-height-default elementor-section-height-default ae-bg-gallery-type-default\" data-id=\"0a7467b\" data-element_type=\"section\" data-settings=\"{&quot;jet_parallax_layout_list&quot;:[]}\">\n\t\t\t\t\t\t<div class=\"elementor-container elementor-column-gap-default\">\n\t\t\t\t\t<div class=\"has_ae_slider elementor-column elementor-col-100 elementor-top-column elementor-element elementor-element-6c305d7 ae-bg-gallery-type-default\" data-id=\"6c305d7\" data-element_type=\"column\">\n\t\t\t<div class=\"elementor-widget-wrap elementor-element-populated\">\n\t\t\t\t\t\t<div class=\"elementor-element elementor-element-832145c elementor-widget elementor-widget-text-editor\" data-id=\"832145c\" data-element_type=\"widget\" data-widget_type=\"text-editor.default\">\n\t\t\t\t<div class=\"elementor-widget-container\">\n\t\t\t\t\t\t\t<p>O conhecimento, que antes era comumente compartilhado presencialmente, agora segue sendo compartilhado \u00e0 dist\u00e2ncia.&nbsp;<\/p><p>Com a pandemia, houve um crescimento nos n\u00fameros de pessoas interessadas cada vez mais por cursos de EAD (ensino a dist\u00e2ncia), com o objetivo de especializa\u00e7\u00f5es e atualiza\u00e7\u00f5es de habilidades nas mais diversas \u00e1reas.<\/p>\t\t\t\t\t\t<\/div>\n\t\t\t\t<\/div>\n\t\t\t\t\t<\/div>\n\t\t<\/div>\n\t\t\t\t\t<\/div>\n\t\t<\/section>\n\t\t\t\t<section class=\"has_ae_slider elementor-section elementor-top-section elementor-element elementor-element-5f83359 elementor-section-boxed elementor-section-height-default elementor-section-height-default ae-bg-gallery-type-default\" data-id=\"5f83359\" data-element_type=\"section\" data-settings=\"{&quot;jet_parallax_layout_list&quot;:[]}\">\n\t\t\t\t\t\t<div class=\"elementor-container elementor-column-gap-default\">\n\t\t\t\t\t<div class=\"has_ae_slider elementor-column elementor-col-100 elementor-top-column elementor-element elementor-element-8de93c7 ae-bg-gallery-type-default\" data-id=\"8de93c7\" data-element_type=\"column\">\n\t\t\t<div class=\"elementor-widget-wrap elementor-element-populated\">\n\t\t\t\t\t\t<div class=\"elementor-element elementor-element-0d0627b elementor-widget elementor-widget-text-editor\" data-id=\"0d0627b\" data-element_type=\"widget\" data-widget_type=\"text-editor.default\">\n\t\t\t\t<div class=\"elementor-widget-container\">\n\t\t\t\t\t\t\t<p>Com certeza, isso \u00e9 poss\u00edvel gra\u00e7as ao avan\u00e7o da tecnologia digital, que faz com que seja bem mais vi\u00e1vel e pr\u00e1tica a escolha por cursos no ambiente digital, principalmente quando levamos em considera\u00e7\u00e3o que o profissional em quest\u00e3o n\u00e3o possui tempo e condi\u00e7\u00f5es para se deslocar at\u00e9 uma institui\u00e7\u00e3o de ensino.&nbsp;<\/p><p>Dessa forma, deixa-se evidente o quanto esse tipo de ensino \u00e9 qualificado e pode ser incluso na realidade de muitas pessoas.<\/p>\t\t\t\t\t\t<\/div>\n\t\t\t\t<\/div>\n\t\t\t\t\t<\/div>\n\t\t<\/div>\n\t\t\t\t\t<\/div>\n\t\t<\/section>\n\t\t\t\t<section class=\"has_ae_slider elementor-section elementor-top-section elementor-element elementor-element-6c664e2 elementor-section-boxed elementor-section-height-default elementor-section-height-default ae-bg-gallery-type-default\" data-id=\"6c664e2\" data-element_type=\"section\" data-settings=\"{&quot;jet_parallax_layout_list&quot;:[]}\">\n\t\t\t\t\t\t<div class=\"elementor-container elementor-column-gap-default\">\n\t\t\t\t\t<div class=\"has_ae_slider elementor-column elementor-col-100 elementor-top-column elementor-element elementor-element-088dcf4 ae-bg-gallery-type-default\" data-id=\"088dcf4\" data-element_type=\"column\">\n\t\t\t<div class=\"elementor-widget-wrap elementor-element-populated\">\n\t\t\t\t\t\t<div class=\"elementor-element elementor-element-7bf8303 elementor-widget elementor-widget-text-editor\" data-id=\"7bf8303\" data-element_type=\"widget\" data-widget_type=\"text-editor.default\">\n\t\t\t\t<div class=\"elementor-widget-container\">\n\t\t\t\t\t\t\t<p>Voc\u00ea realizou algum curso online durante o isolamento? Conte para a gente nos coment\u00e1rios.<\/p>\t\t\t\t\t\t<\/div>\n\t\t\t\t<\/div>\n\t\t\t\t\t<\/div>\n\t\t<\/div>\n\t\t\t\t\t<\/div>\n\t\t<\/section>\n\t\t\t\t<section class=\"has_ae_slider elementor-section elementor-top-section elementor-element elementor-element-ca517b7 elementor-section-boxed elementor-section-height-default elementor-section-height-default ae-bg-gallery-type-default\" data-id=\"ca517b7\" data-element_type=\"section\" data-settings=\"{&quot;jet_parallax_layout_list&quot;:[]}\">\n\t\t\t\t\t\t<div class=\"elementor-container elementor-column-gap-default\">\n\t\t\t\t\t<div class=\"has_ae_slider elementor-column elementor-col-100 elementor-top-column elementor-element elementor-element-804465d ae-bg-gallery-type-default\" data-id=\"804465d\" data-element_type=\"column\">\n\t\t\t<div class=\"elementor-widget-wrap elementor-element-populated\">\n\t\t\t\t\t\t<div class=\"elementor-element elementor-element-95d22db elementor-widget elementor-widget-text-editor\" data-id=\"95d22db\" data-element_type=\"widget\" data-widget_type=\"text-editor.default\">\n\t\t\t\t<div class=\"elementor-widget-container\">\n\t\t\t\t\t\t\t<p><em><a href=\"https:\/\/www.terra.com.br\/noticias\/dino\/durante-a-quarentena-aumenta-o-numero-de-buscas-por-cursos-em-formato-ead,e4e11a6c5fc5b5f3e1d0b435ffbf006dsx21lq9x.html\" target=\"_blank\" rel=\"noopener\">A Catho Educa\u00e7\u00e3o<\/a> realizou um levantamento de dados em que foi poss\u00edvel observar o aumento de, aproximadamente, 70% nos cursos EAD entre 21 de mar\u00e7o e 6 de abril. Anteriormente, entre 3 a 20 de mar\u00e7o, a plataforma j\u00e1 registrara crescimento de quase 45% na procura por cursos \u00e0 dist\u00e2ncia.<\/em><\/p>\t\t\t\t\t\t<\/div>\n\t\t\t\t<\/div>\n\t\t\t\t\t<\/div>\n\t\t<\/div>\n\t\t\t\t\t<\/div>\n\t\t<\/section>\n\t\t\t\t<section class=\"has_ae_slider elementor-section elementor-top-section elementor-element elementor-element-78ce0f8 elementor-section-boxed elementor-section-height-default elementor-section-height-default ae-bg-gallery-type-default\" data-id=\"78ce0f8\" data-element_type=\"section\" data-settings=\"{&quot;jet_parallax_layout_list&quot;:[]}\">\n\t\t\t\t\t\t<div class=\"elementor-container elementor-column-gap-default\">\n\t\t\t\t\t<div class=\"has_ae_slider elementor-column elementor-col-100 elementor-top-column elementor-element elementor-element-7cb92cc ae-bg-gallery-type-default\" data-id=\"7cb92cc\" data-element_type=\"column\">\n\t\t\t<div class=\"elementor-widget-wrap elementor-element-populated\">\n\t\t\t\t\t\t<div class=\"elementor-element elementor-element-952eb72 elementor-widget elementor-widget-text-editor\" data-id=\"952eb72\" data-element_type=\"widget\" data-widget_type=\"text-editor.default\">\n\t\t\t\t<div class=\"elementor-widget-container\">\n\t\t\t\t\t\t\t<h2>Experi\u00eancias culturais imersivas<\/h2>\t\t\t\t\t\t<\/div>\n\t\t\t\t<\/div>\n\t\t\t\t\t<\/div>\n\t\t<\/div>\n\t\t\t\t\t<\/div>\n\t\t<\/section>\n\t\t\t\t<section class=\"has_ae_slider elementor-section elementor-top-section elementor-element elementor-element-a3773a6 elementor-section-boxed elementor-section-height-default elementor-section-height-default ae-bg-gallery-type-default\" data-id=\"a3773a6\" data-element_type=\"section\" data-settings=\"{&quot;jet_parallax_layout_list&quot;:[]}\">\n\t\t\t\t\t\t<div class=\"elementor-container elementor-column-gap-default\">\n\t\t\t\t\t<div class=\"has_ae_slider elementor-column elementor-col-100 elementor-top-column elementor-element elementor-element-fa476f9 ae-bg-gallery-type-default\" data-id=\"fa476f9\" data-element_type=\"column\">\n\t\t\t<div class=\"elementor-widget-wrap elementor-element-populated\">\n\t\t\t\t\t\t<div class=\"elementor-element elementor-element-09398aa elementor-widget elementor-widget-text-editor\" data-id=\"09398aa\" data-element_type=\"widget\" data-widget_type=\"text-editor.default\">\n\t\t\t\t<div class=\"elementor-widget-container\">\n\t\t\t\t\t\t\t<p>Durante o isolamento social, shows e espet\u00e1culos t\u00eam alcan\u00e7ado o gosto popular.&nbsp;<\/p><p>Sendo assim, isso abre portas para uma \u00e1rea de investimento que antes era pouco explorada: a das experi\u00eancias culturais imersivas.<\/p>\t\t\t\t\t\t<\/div>\n\t\t\t\t<\/div>\n\t\t\t\t\t<\/div>\n\t\t<\/div>\n\t\t\t\t\t<\/div>\n\t\t<\/section>\n\t\t\t\t<section class=\"has_ae_slider elementor-section elementor-top-section elementor-element elementor-element-ff6e98b elementor-section-boxed elementor-section-height-default elementor-section-height-default ae-bg-gallery-type-default\" data-id=\"ff6e98b\" data-element_type=\"section\" data-settings=\"{&quot;jet_parallax_layout_list&quot;:[]}\">\n\t\t\t\t\t\t<div class=\"elementor-container elementor-column-gap-default\">\n\t\t\t\t\t<div class=\"has_ae_slider elementor-column elementor-col-100 elementor-top-column elementor-element elementor-element-a9e973f ae-bg-gallery-type-default\" data-id=\"a9e973f\" data-element_type=\"column\">\n\t\t\t<div class=\"elementor-widget-wrap elementor-element-populated\">\n\t\t\t\t\t\t<div class=\"elementor-element elementor-element-00b3f4a elementor-widget elementor-widget-text-editor\" data-id=\"00b3f4a\" data-element_type=\"widget\" data-widget_type=\"text-editor.default\">\n\t\t\t\t<div class=\"elementor-widget-container\">\n\t\t\t\t\t\t\t<p>Com o objetivo de agregar valor, promover identifica\u00e7\u00e3o, intera\u00e7\u00e3o, personaliza\u00e7\u00e3o e engajamento, conectar viv\u00eancias do mundo real no digital pode ser uma \u00f3tima alternativa.<\/p>\t\t\t\t\t\t<\/div>\n\t\t\t\t<\/div>\n\t\t\t\t\t<\/div>\n\t\t<\/div>\n\t\t\t\t\t<\/div>\n\t\t<\/section>\n\t\t\t\t<section class=\"has_ae_slider elementor-section elementor-top-section elementor-element elementor-element-9f95532 elementor-section-boxed elementor-section-height-default elementor-section-height-default ae-bg-gallery-type-default\" data-id=\"9f95532\" data-element_type=\"section\" data-settings=\"{&quot;jet_parallax_layout_list&quot;:[]}\">\n\t\t\t\t\t\t<div class=\"elementor-container elementor-column-gap-default\">\n\t\t\t\t\t<div class=\"has_ae_slider elementor-column elementor-col-100 elementor-top-column elementor-element elementor-element-8ba4b58 ae-bg-gallery-type-default\" data-id=\"8ba4b58\" data-element_type=\"column\">\n\t\t\t<div class=\"elementor-widget-wrap elementor-element-populated\">\n\t\t\t\t\t\t<div class=\"elementor-element elementor-element-0c90583 elementor-widget elementor-widget-text-editor\" data-id=\"0c90583\" data-element_type=\"widget\" data-widget_type=\"text-editor.default\">\n\t\t\t\t<div class=\"elementor-widget-container\">\n\t\t\t\t\t\t\t<p>O jornal Financial Times, um dos mais relevantes nos Estados Unidos e no mundo, lan\u00e7ou uma campanha: \u201cCapitalism: Time for a reset\u201d (em portugu\u00eas: Capitalismo: tempo para um reset), falando sobre a necessidade de consumir de forma consciente ap\u00f3s esse per\u00edodo de isolamento.<\/p>\t\t\t\t\t\t<\/div>\n\t\t\t\t<\/div>\n\t\t\t\t\t<\/div>\n\t\t<\/div>\n\t\t\t\t\t<\/div>\n\t\t<\/section>\n\t\t\t\t<section class=\"has_ae_slider elementor-section elementor-top-section elementor-element elementor-element-1b8368c elementor-section-boxed elementor-section-height-default elementor-section-height-default ae-bg-gallery-type-default\" data-id=\"1b8368c\" data-element_type=\"section\" data-settings=\"{&quot;jet_parallax_layout_list&quot;:[]}\">\n\t\t\t\t\t\t<div class=\"elementor-container elementor-column-gap-default\">\n\t\t\t\t\t<div class=\"has_ae_slider elementor-column elementor-col-100 elementor-top-column elementor-element elementor-element-4d82957 ae-bg-gallery-type-default\" data-id=\"4d82957\" data-element_type=\"column\">\n\t\t\t<div class=\"elementor-widget-wrap elementor-element-populated\">\n\t\t\t\t\t\t<div class=\"elementor-element elementor-element-dedf931 elementor-widget elementor-widget-text-editor\" data-id=\"dedf931\" data-element_type=\"widget\" data-widget_type=\"text-editor.default\">\n\t\t\t\t<div class=\"elementor-widget-container\">\n\t\t\t\t\t\t\t<p>O resultado disso no mundo do neg\u00f3cio \u00e9 o seguinte: consumidores dar\u00e3o mais valor a marcas que estimulem e comuniquem esse tipo de iniciativa. \u00c9 um investimento para ficar de olho uma vez que muitas empresas v\u00eam agregando esse conceito ao seu neg\u00f3cio.<\/p>\t\t\t\t\t\t<\/div>\n\t\t\t\t<\/div>\n\t\t\t\t\t<\/div>\n\t\t<\/div>\n\t\t\t\t\t<\/div>\n\t\t<\/section>\n\t\t\t\t<section class=\"has_ae_slider elementor-section elementor-top-section elementor-element elementor-element-4646106 elementor-section-boxed elementor-section-height-default elementor-section-height-default ae-bg-gallery-type-default\" data-id=\"4646106\" data-element_type=\"section\" data-settings=\"{&quot;jet_parallax_layout_list&quot;:[]}\">\n\t\t\t\t\t\t<div class=\"elementor-container elementor-column-gap-default\">\n\t\t\t\t\t<div class=\"has_ae_slider elementor-column elementor-col-100 elementor-top-column elementor-element elementor-element-e6b1b35 ae-bg-gallery-type-default\" data-id=\"e6b1b35\" data-element_type=\"column\">\n\t\t\t<div class=\"elementor-widget-wrap elementor-element-populated\">\n\t\t\t\t\t\t<div class=\"elementor-element elementor-element-5ed17df elementor-widget elementor-widget-text-editor\" data-id=\"5ed17df\" data-element_type=\"widget\" data-widget_type=\"text-editor.default\">\n\t\t\t\t<div class=\"elementor-widget-container\">\n\t\t\t\t\t\t\t<h2>Tend\u00eancias no mercado condominial<\/h2>\t\t\t\t\t\t<\/div>\n\t\t\t\t<\/div>\n\t\t\t\t\t<\/div>\n\t\t<\/div>\n\t\t\t\t\t<\/div>\n\t\t<\/section>\n\t\t\t\t<section class=\"has_ae_slider elementor-section elementor-top-section elementor-element elementor-element-b13c2f6 elementor-section-boxed elementor-section-height-default elementor-section-height-default ae-bg-gallery-type-default\" data-id=\"b13c2f6\" data-element_type=\"section\" data-settings=\"{&quot;jet_parallax_layout_list&quot;:[]}\">\n\t\t\t\t\t\t<div class=\"elementor-container elementor-column-gap-default\">\n\t\t\t\t\t<div class=\"has_ae_slider elementor-column elementor-col-100 elementor-top-column elementor-element elementor-element-6a37e96 ae-bg-gallery-type-default\" data-id=\"6a37e96\" data-element_type=\"column\">\n\t\t\t<div class=\"elementor-widget-wrap elementor-element-populated\">\n\t\t\t\t\t\t<div class=\"elementor-element elementor-element-7b4f8b4 elementor-widget elementor-widget-text-editor\" data-id=\"7b4f8b4\" data-element_type=\"widget\" data-widget_type=\"text-editor.default\">\n\t\t\t\t<div class=\"elementor-widget-container\">\n\t\t\t\t\t\t\t<p>No setor condominial n\u00e3o foi diferente. As mudan\u00e7as e as tend\u00eancias v\u00eam surgindo para descomplicar o gerenciamento dos condom\u00ednios, para que o gestor possa executar suas tarefas de forma mais pr\u00e1tica, segura e eficiente.<\/p>\t\t\t\t\t\t<\/div>\n\t\t\t\t<\/div>\n\t\t\t\t\t<\/div>\n\t\t<\/div>\n\t\t\t\t\t<\/div>\n\t\t<\/section>\n\t\t\t\t<section class=\"has_ae_slider elementor-section elementor-top-section elementor-element elementor-element-bf9743c elementor-section-boxed elementor-section-height-default elementor-section-height-default ae-bg-gallery-type-default\" data-id=\"bf9743c\" data-element_type=\"section\" data-settings=\"{&quot;jet_parallax_layout_list&quot;:[]}\">\n\t\t\t\t\t\t<div class=\"elementor-container elementor-column-gap-default\">\n\t\t\t\t\t<div class=\"has_ae_slider elementor-column elementor-col-100 elementor-top-column elementor-element elementor-element-481e718 ae-bg-gallery-type-default\" data-id=\"481e718\" data-element_type=\"column\">\n\t\t\t<div class=\"elementor-widget-wrap elementor-element-populated\">\n\t\t\t\t\t\t<div class=\"elementor-element elementor-element-240553a elementor-widget elementor-widget-text-editor\" data-id=\"240553a\" data-element_type=\"widget\" data-widget_type=\"text-editor.default\">\n\t\t\t\t<div class=\"elementor-widget-container\">\n\t\t\t\t\t\t\t<p>Nesse sentido, abaixo listamos algumas das principais transforma\u00e7\u00f5es que a pandemia causou na \u00e1rea de gest\u00e3o de edif\u00edcios.<\/p>\t\t\t\t\t\t<\/div>\n\t\t\t\t<\/div>\n\t\t\t\t\t<\/div>\n\t\t<\/div>\n\t\t\t\t\t<\/div>\n\t\t<\/section>\n\t\t\t\t<section class=\"has_ae_slider elementor-section elementor-top-section elementor-element elementor-element-ac3e9bf elementor-section-boxed elementor-section-height-default elementor-section-height-default ae-bg-gallery-type-default\" data-id=\"ac3e9bf\" data-element_type=\"section\" data-settings=\"{&quot;jet_parallax_layout_list&quot;:[]}\">\n\t\t\t\t\t\t<div class=\"elementor-container elementor-column-gap-default\">\n\t\t\t\t\t<div class=\"has_ae_slider elementor-column elementor-col-100 elementor-top-column elementor-element elementor-element-1ed380a ae-bg-gallery-type-default\" data-id=\"1ed380a\" data-element_type=\"column\">\n\t\t\t<div class=\"elementor-widget-wrap elementor-element-populated\">\n\t\t\t\t\t\t<div class=\"elementor-element elementor-element-2a2b0b3 elementor-widget elementor-widget-image\" data-id=\"2a2b0b3\" data-element_type=\"widget\" data-widget_type=\"image.default\">\n\t\t\t\t<div class=\"elementor-widget-container\">\n\t\t\t\t\t\t\t\t\t\t\t\t\t<img decoding=\"async\" src=\"https:\/\/blog.minhaportaria.com\/wp-content\/uploads\/2020\/07\/MEDIDAS-SUSTENTAVEIS-PARA-OS-CONDOMINIOS-PORTARIA-REMOTA-PLACAS-SOLARES.jpeg\" title=\"\" alt=\"\" loading=\"lazy\" \/>\t\t\t\t\t\t\t\t\t\t\t\t\t<\/div>\n\t\t\t\t<\/div>\n\t\t\t\t\t<\/div>\n\t\t<\/div>\n\t\t\t\t\t<\/div>\n\t\t<\/section>\n\t\t\t\t<section class=\"has_ae_slider elementor-section elementor-top-section elementor-element elementor-element-131c7c4 elementor-section-boxed elementor-section-height-default elementor-section-height-default ae-bg-gallery-type-default\" data-id=\"131c7c4\" data-element_type=\"section\" data-settings=\"{&quot;jet_parallax_layout_list&quot;:[]}\">\n\t\t\t\t\t\t<div class=\"elementor-container elementor-column-gap-default\">\n\t\t\t\t\t<div class=\"has_ae_slider elementor-column elementor-col-100 elementor-top-column elementor-element elementor-element-9c38dc2 ae-bg-gallery-type-default\" data-id=\"9c38dc2\" data-element_type=\"column\">\n\t\t\t<div class=\"elementor-widget-wrap elementor-element-populated\">\n\t\t\t\t\t\t<div class=\"elementor-element elementor-element-6a266bc elementor-widget elementor-widget-text-editor\" data-id=\"6a266bc\" data-element_type=\"widget\" data-widget_type=\"text-editor.default\">\n\t\t\t\t<div class=\"elementor-widget-container\">\n\t\t\t\t\t\t\t<h2>Aten\u00e7\u00e3o para medidas sustent\u00e1veis<\/h2>\t\t\t\t\t\t<\/div>\n\t\t\t\t<\/div>\n\t\t\t\t\t<\/div>\n\t\t<\/div>\n\t\t\t\t\t<\/div>\n\t\t<\/section>\n\t\t\t\t<section class=\"has_ae_slider elementor-section elementor-top-section elementor-element elementor-element-37be18b elementor-section-boxed elementor-section-height-default elementor-section-height-default ae-bg-gallery-type-default\" data-id=\"37be18b\" data-element_type=\"section\" data-settings=\"{&quot;jet_parallax_layout_list&quot;:[]}\">\n\t\t\t\t\t\t<div class=\"elementor-container elementor-column-gap-default\">\n\t\t\t\t\t<div class=\"has_ae_slider elementor-column elementor-col-100 elementor-top-column elementor-element elementor-element-4909369 ae-bg-gallery-type-default\" data-id=\"4909369\" data-element_type=\"column\">\n\t\t\t<div class=\"elementor-widget-wrap elementor-element-populated\">\n\t\t\t\t\t\t<div class=\"elementor-element elementor-element-86f5d1f elementor-widget elementor-widget-text-editor\" data-id=\"86f5d1f\" data-element_type=\"widget\" data-widget_type=\"text-editor.default\">\n\t\t\t\t<div class=\"elementor-widget-container\">\n\t\t\t\t\t\t\t<p>As tecnologias que trabalham a favor dessa tem\u00e1tica ganham cada vez mais import\u00e2ncia dentro do mercado condominial.&nbsp;<\/p><p>Dentro desse ambiente, podemos listar, por exemplo, a implementa\u00e7\u00e3o de placas solares, que reduz at\u00e9 98% do valor das contas e requerem baix\u00edssimas manuten\u00e7\u00f5es, visto que s\u00e3o compostas, basicamente, apenas pelos pain\u00e9is solares e inversores.<\/p>\t\t\t\t\t\t<\/div>\n\t\t\t\t<\/div>\n\t\t\t\t\t<\/div>\n\t\t<\/div>\n\t\t\t\t\t<\/div>\n\t\t<\/section>\n\t\t\t\t<section class=\"has_ae_slider elementor-section elementor-top-section elementor-element elementor-element-4775ea9 elementor-section-boxed elementor-section-height-default elementor-section-height-default ae-bg-gallery-type-default\" data-id=\"4775ea9\" data-element_type=\"section\" data-settings=\"{&quot;jet_parallax_layout_list&quot;:[]}\">\n\t\t\t\t\t\t<div class=\"elementor-container elementor-column-gap-default\">\n\t\t\t\t\t<div class=\"has_ae_slider elementor-column elementor-col-100 elementor-top-column elementor-element elementor-element-5415bc2 ae-bg-gallery-type-default\" data-id=\"5415bc2\" data-element_type=\"column\">\n\t\t\t<div class=\"elementor-widget-wrap elementor-element-populated\">\n\t\t\t\t\t\t<div class=\"elementor-element elementor-element-6b757ef elementor-widget elementor-widget-text-editor\" data-id=\"6b757ef\" data-element_type=\"widget\" data-widget_type=\"text-editor.default\">\n\t\t\t\t<div class=\"elementor-widget-container\">\n\t\t\t\t\t\t\t<h2>Reuni\u00e3o de assembleia online<\/h2>\t\t\t\t\t\t<\/div>\n\t\t\t\t<\/div>\n\t\t\t\t\t<\/div>\n\t\t<\/div>\n\t\t\t\t\t<\/div>\n\t\t<\/section>\n\t\t\t\t<section class=\"has_ae_slider elementor-section elementor-top-section elementor-element elementor-element-421a10e elementor-section-boxed elementor-section-height-default elementor-section-height-default ae-bg-gallery-type-default\" data-id=\"421a10e\" data-element_type=\"section\" data-settings=\"{&quot;jet_parallax_layout_list&quot;:[]}\">\n\t\t\t\t\t\t<div class=\"elementor-container elementor-column-gap-default\">\n\t\t\t\t\t<div class=\"has_ae_slider elementor-column elementor-col-100 elementor-top-column elementor-element elementor-element-88bce99 ae-bg-gallery-type-default\" data-id=\"88bce99\" data-element_type=\"column\">\n\t\t\t<div class=\"elementor-widget-wrap elementor-element-populated\">\n\t\t\t\t\t\t<div class=\"elementor-element elementor-element-a49c0ad elementor-widget elementor-widget-text-editor\" data-id=\"a49c0ad\" data-element_type=\"widget\" data-widget_type=\"text-editor.default\">\n\t\t\t\t<div class=\"elementor-widget-container\">\n\t\t\t\t\t\t\t<p>Agora, a legisla\u00e7\u00e3o assegura a realiza\u00e7\u00e3o de <a href=\"https:\/\/blog.minhaportaria.com\/reuniao-de-condominio-se-aprofundando-no-assunto\/\">reuni\u00f5es de condom\u00ednios<\/a> e vota\u00e7\u00f5es online, trazendo ainda mais mudan\u00e7as ao setor condominial.<\/p><p>Para a execu\u00e7\u00e3o \u00e9 simples, basta voc\u00ea divulgar a data e o hor\u00e1rio de in\u00edcio e fim em alguma plataforma espec\u00edfica para isso ou de videoconfer\u00eancia. Depois, \u00e9 preciso que s\u00edndico convoque os cond\u00f4minos por meio de um link com a pauta da reuni\u00e3o.\u00a0<\/p><p>Essas reuni\u00f5es v\u00eam, sem d\u00favidas, trazendo uma maior participa\u00e7\u00e3o dos moradores e ainda \u00e9 poss\u00edvel fazer a computa\u00e7\u00e3o de votos. Para saber mais sobre isso, <a href=\"https:\/\/blog.minhaportaria.com\/assembleia-virtual-como-funciona\/\">acesse esta mat\u00e9ria.<\/a><\/p>\t\t\t\t\t\t<\/div>\n\t\t\t\t<\/div>\n\t\t\t\t\t<\/div>\n\t\t<\/div>\n\t\t\t\t\t<\/div>\n\t\t<\/section>\n\t\t\t\t<section class=\"has_ae_slider elementor-section elementor-top-section elementor-element elementor-element-ae7c585 elementor-section-boxed elementor-section-height-default elementor-section-height-default ae-bg-gallery-type-default\" data-id=\"ae7c585\" data-element_type=\"section\" data-settings=\"{&quot;jet_parallax_layout_list&quot;:[]}\">\n\t\t\t\t\t\t<div class=\"elementor-container elementor-column-gap-default\">\n\t\t\t\t\t<div class=\"has_ae_slider elementor-column elementor-col-100 elementor-top-column elementor-element elementor-element-2a20749 ae-bg-gallery-type-default\" data-id=\"2a20749\" data-element_type=\"column\">\n\t\t\t<div class=\"elementor-widget-wrap elementor-element-populated\">\n\t\t\t\t\t\t<div class=\"elementor-element elementor-element-324e5b6 elementor-widget elementor-widget-text-editor\" data-id=\"324e5b6\" data-element_type=\"widget\" data-widget_type=\"text-editor.default\">\n\t\t\t\t<div class=\"elementor-widget-container\">\n\t\t\t\t\t\t\t<p>Nas assembleias onlines, tamb\u00e9m v\u00eam se fazendo necess\u00e1ria a presen\u00e7a de um controller ou coordenador digital, ou seja, algu\u00e9m para gravar a reuni\u00e3o e a tela dos participantes, de forma que condom\u00ednio tenha toda a posse de dados e informa\u00e7\u00f5es discutidas.&nbsp;<\/p><p>Assim sendo, a MinhaPortaria.Com vem fazendo um trabalho bem interessante, se prontificando a ser o seu coordenador digital e auxiliando a execu\u00e7\u00e3o dessas reuni\u00f5es. Para mais informa\u00e7\u00f5es acesse o site da empresa:&nbsp;<a href=\"http:\/\/minhaportaria.com\/en\/\" target=\"_blank\" rel=\"noreferrer noopener\">MinhaPortaria.Com<\/a>.<\/p>\t\t\t\t\t\t<\/div>\n\t\t\t\t<\/div>\n\t\t\t\t\t<\/div>\n\t\t<\/div>\n\t\t\t\t\t<\/div>\n\t\t<\/section>\n\t\t\t\t<section class=\"has_ae_slider elementor-section elementor-top-section elementor-element elementor-element-04c171f elementor-section-boxed elementor-section-height-default elementor-section-height-default ae-bg-gallery-type-default\" data-id=\"04c171f\" data-element_type=\"section\" data-settings=\"{&quot;jet_parallax_layout_list&quot;:[]}\">\n\t\t\t\t\t\t<div class=\"elementor-container elementor-column-gap-default\">\n\t\t\t\t\t<div class=\"has_ae_slider elementor-column elementor-col-100 elementor-top-column elementor-element elementor-element-0720d5b ae-bg-gallery-type-default\" data-id=\"0720d5b\" data-element_type=\"column\">\n\t\t\t<div class=\"elementor-widget-wrap elementor-element-populated\">\n\t\t\t\t\t\t<div class=\"elementor-element elementor-element-4f1dc49 elementor-widget elementor-widget-text-editor\" data-id=\"4f1dc49\" data-element_type=\"widget\" data-widget_type=\"text-editor.default\">\n\t\t\t\t<div class=\"elementor-widget-container\">\n\t\t\t\t\t\t\t<h2>Medidas de seguran\u00e7a mais eficazes<\/h2>\t\t\t\t\t\t<\/div>\n\t\t\t\t<\/div>\n\t\t\t\t\t<\/div>\n\t\t<\/div>\n\t\t\t\t\t<\/div>\n\t\t<\/section>\n\t\t\t\t<section class=\"has_ae_slider elementor-section elementor-top-section elementor-element elementor-element-37304a3 elementor-section-boxed elementor-section-height-default elementor-section-height-default ae-bg-gallery-type-default\" data-id=\"37304a3\" data-element_type=\"section\" data-settings=\"{&quot;jet_parallax_layout_list&quot;:[]}\">\n\t\t\t\t\t\t<div class=\"elementor-container elementor-column-gap-default\">\n\t\t\t\t\t<div class=\"has_ae_slider elementor-column elementor-col-100 elementor-top-column elementor-element elementor-element-808c185 ae-bg-gallery-type-default\" data-id=\"808c185\" data-element_type=\"column\">\n\t\t\t<div class=\"elementor-widget-wrap elementor-element-populated\">\n\t\t\t\t\t\t<div class=\"elementor-element elementor-element-17b79d4 elementor-widget elementor-widget-text-editor\" data-id=\"17b79d4\" data-element_type=\"widget\" data-widget_type=\"text-editor.default\">\n\t\t\t\t<div class=\"elementor-widget-container\">\n\t\t\t\t\t\t\t<p>Precisamos nem dizer que solu\u00e7\u00f5es de seguran\u00e7a s\u00e3o sempre muito bem-vindas, correto?&nbsp;<\/p>\n<p>Portanto, nesta mat\u00e9ria, focaremos em uma solu\u00e7\u00e3o espec\u00edfica, que vem se tornando altamente eficaz no mercado condominial n\u00e3o s\u00f3 pela quest\u00e3o de seguran\u00e7a, mas tamb\u00e9m pela otimiza\u00e7\u00e3o de custos. Estamos falando da portaria remota, uma medida inteligente em tempos de pandemia.<\/p>\t\t\t\t\t\t<\/div>\n\t\t\t\t<\/div>\n\t\t\t\t\t<\/div>\n\t\t<\/div>\n\t\t\t\t\t<\/div>\n\t\t<\/section>\n\t\t\t\t<section class=\"has_ae_slider elementor-section elementor-top-section elementor-element elementor-element-bb1a442 elementor-section-boxed elementor-section-height-default elementor-section-height-default ae-bg-gallery-type-default\" data-id=\"bb1a442\" data-element_type=\"section\" data-settings=\"{&quot;jet_parallax_layout_list&quot;:[]}\">\n\t\t\t\t\t\t<div class=\"elementor-container elementor-column-gap-default\">\n\t\t\t\t\t<div class=\"has_ae_slider elementor-column elementor-col-50 elementor-top-column elementor-element elementor-element-090eb6e ae-bg-gallery-type-default\" data-id=\"090eb6e\" data-element_type=\"column\">\n\t\t\t<div class=\"elementor-widget-wrap elementor-element-populated\">\n\t\t\t\t\t\t<div class=\"elementor-element elementor-element-b5d82bf elementor-widget elementor-widget-text-editor\" data-id=\"b5d82bf\" data-element_type=\"widget\" data-widget_type=\"text-editor.default\">\n\t\t\t\t<div class=\"elementor-widget-container\">\n\t\t\t\t\t\t\t<h3>Voc\u00ea j\u00e1 ouviu falar em portaria remota?<\/h3>\t\t\t\t\t\t<\/div>\n\t\t\t\t<\/div>\n\t\t\t\t\t<\/div>\n\t\t<\/div>\n\t\t\t\t<div class=\"has_ae_slider elementor-column elementor-col-50 elementor-top-column elementor-element elementor-element-59d283d ae-bg-gallery-type-default\" data-id=\"59d283d\" data-element_type=\"column\">\n\t\t\t<div class=\"elementor-widget-wrap elementor-element-populated\">\n\t\t\t\t\t\t<div class=\"elementor-element elementor-element-2fe3549 elementor-widget elementor-widget-image\" data-id=\"2fe3549\" data-element_type=\"widget\" data-widget_type=\"image.default\">\n\t\t\t\t<div class=\"elementor-widget-container\">\n\t\t\t\t\t\t\t\t\t\t\t\t\t<img decoding=\"async\" src=\"https:\/\/blog.minhaportaria.com\/wp-content\/uploads\/2020\/04\/central-da-minha-portaria-de-monitoramento.jpeg\" title=\"\" alt=\"\" loading=\"lazy\" \/>\t\t\t\t\t\t\t\t\t\t\t\t\t<\/div>\n\t\t\t\t<\/div>\n\t\t\t\t\t<\/div>\n\t\t<\/div>\n\t\t\t\t\t<\/div>\n\t\t<\/section>\n\t\t\t\t<section class=\"has_ae_slider elementor-section elementor-top-section elementor-element elementor-element-7d5b1cf elementor-section-boxed elementor-section-height-default elementor-section-height-default ae-bg-gallery-type-default\" data-id=\"7d5b1cf\" data-element_type=\"section\" data-settings=\"{&quot;jet_parallax_layout_list&quot;:[]}\">\n\t\t\t\t\t\t<div class=\"elementor-container elementor-column-gap-default\">\n\t\t\t\t\t<div class=\"has_ae_slider elementor-column elementor-col-100 elementor-top-column elementor-element elementor-element-65db7f7 ae-bg-gallery-type-default\" data-id=\"65db7f7\" data-element_type=\"column\">\n\t\t\t<div class=\"elementor-widget-wrap elementor-element-populated\">\n\t\t\t\t\t\t<div class=\"elementor-element elementor-element-3859844 elementor-widget elementor-widget-text-editor\" data-id=\"3859844\" data-element_type=\"widget\" data-widget_type=\"text-editor.default\">\n\t\t\t\t<div class=\"elementor-widget-container\">\n\t\t\t\t\t\t\t<p>Essa tecnologia est\u00e1 presente h\u00e1 mais de 10 anos no Brasil e, atualmente, existem mais de 300 mil condom\u00ednios que j\u00e1 aderiram esse tipo de solu\u00e7\u00e3o.<\/p>\t\t\t\t\t\t<\/div>\n\t\t\t\t<\/div>\n\t\t\t\t\t<\/div>\n\t\t<\/div>\n\t\t\t\t\t<\/div>\n\t\t<\/section>\n\t\t\t\t<section class=\"has_ae_slider elementor-section elementor-top-section elementor-element elementor-element-0059f8f elementor-section-boxed elementor-section-height-default elementor-section-height-default ae-bg-gallery-type-default\" data-id=\"0059f8f\" data-element_type=\"section\" data-settings=\"{&quot;jet_parallax_layout_list&quot;:[]}\">\n\t\t\t\t\t\t<div class=\"elementor-container elementor-column-gap-default\">\n\t\t\t\t\t<div class=\"has_ae_slider elementor-column elementor-col-100 elementor-top-column elementor-element elementor-element-36f8cce ae-bg-gallery-type-default\" data-id=\"36f8cce\" data-element_type=\"column\">\n\t\t\t<div class=\"elementor-widget-wrap elementor-element-populated\">\n\t\t\t\t\t\t<div class=\"elementor-element elementor-element-a322e12 elementor-widget elementor-widget-text-editor\" data-id=\"a322e12\" data-element_type=\"widget\" data-widget_type=\"text-editor.default\">\n\t\t\t\t<div class=\"elementor-widget-container\">\n\t\t\t\t\t\t\t<p>Basicamente, esse tipo de servi\u00e7o consiste no controle de acessos de entradas e sa\u00eddas sem um porteiro f\u00edsico presencial. Assim sendo, as libera\u00e7\u00f5es ocorrem por interm\u00e9dio de um operador alocado em uma <a href=\"https:\/\/blog.minhaportaria.com\/como-funciona-a-central-de-portaria-inteligente\/\">central de monitoramento<\/a> fora do pr\u00e9dio.<\/p>\t\t\t\t\t\t<\/div>\n\t\t\t\t<\/div>\n\t\t\t\t\t<\/div>\n\t\t<\/div>\n\t\t\t\t\t<\/div>\n\t\t<\/section>\n\t\t\t\t<section class=\"has_ae_slider elementor-section elementor-top-section elementor-element elementor-element-34a6c44 elementor-section-boxed elementor-section-height-default elementor-section-height-default ae-bg-gallery-type-default\" data-id=\"34a6c44\" data-element_type=\"section\" data-settings=\"{&quot;jet_parallax_layout_list&quot;:[]}\">\n\t\t\t\t\t\t<div class=\"elementor-container elementor-column-gap-default\">\n\t\t\t\t\t<div class=\"has_ae_slider elementor-column elementor-col-100 elementor-top-column elementor-element elementor-element-878a3d6 ae-bg-gallery-type-default\" data-id=\"878a3d6\" data-element_type=\"column\">\n\t\t\t<div class=\"elementor-widget-wrap elementor-element-populated\">\n\t\t\t\t\t\t<div class=\"elementor-element elementor-element-3882971 elementor-widget elementor-widget-text-editor\" data-id=\"3882971\" data-element_type=\"widget\" data-widget_type=\"text-editor.default\">\n\t\t\t\t<div class=\"elementor-widget-container\">\n\t\t\t\t\t\t\t<p>Dessa maneira, toda a entrada de pedestre para o interior do edif\u00edcio \u00e9 autorizada por uma equipe t\u00e9cnica qualificada, preparada para a realiza\u00e7\u00e3o desse monitoramento por meio de imagens captadas por c\u00e2meras instaladas nos condom\u00ednios.<\/p>\t\t\t\t\t\t<\/div>\n\t\t\t\t<\/div>\n\t\t\t\t\t<\/div>\n\t\t<\/div>\n\t\t\t\t\t<\/div>\n\t\t<\/section>\n\t\t\t\t<section class=\"has_ae_slider elementor-section elementor-top-section elementor-element elementor-element-fe86c44 elementor-section-boxed elementor-section-height-default elementor-section-height-default ae-bg-gallery-type-default\" data-id=\"fe86c44\" data-element_type=\"section\" data-settings=\"{&quot;jet_parallax_layout_list&quot;:[]}\">\n\t\t\t\t\t\t<div class=\"elementor-container elementor-column-gap-default\">\n\t\t\t\t\t<div class=\"has_ae_slider elementor-column elementor-col-100 elementor-top-column elementor-element elementor-element-71ce436 ae-bg-gallery-type-default\" data-id=\"71ce436\" data-element_type=\"column\">\n\t\t\t<div class=\"elementor-widget-wrap elementor-element-populated\">\n\t\t\t\t\t\t<div class=\"elementor-element elementor-element-1574793 elementor-widget elementor-widget-text-editor\" data-id=\"1574793\" data-element_type=\"widget\" data-widget_type=\"text-editor.default\">\n\t\t\t\t<div class=\"elementor-widget-container\">\n\t\t\t\t\t\t\t<p>Caso voc\u00ea queira saber mais sobre o assunto de\u00a0<a href=\"https:\/\/blog.minhaportaria.com\/o-que-e-portaria-remota\/\" target=\"_blank\" rel=\"noreferrer noopener\">portaria remota, clique aqui neste artigo<\/a>.<\/p>\t\t\t\t\t\t<\/div>\n\t\t\t\t<\/div>\n\t\t\t\t\t<\/div>\n\t\t<\/div>\n\t\t\t\t\t<\/div>\n\t\t<\/section>\n\t\t\t\t<section class=\"has_ae_slider elementor-section elementor-top-section elementor-element elementor-element-70cbe86 elementor-section-boxed elementor-section-height-default elementor-section-height-default ae-bg-gallery-type-default\" data-id=\"70cbe86\" data-element_type=\"section\" data-settings=\"{&quot;jet_parallax_layout_list&quot;:[]}\">\n\t\t\t\t\t\t<div class=\"elementor-container elementor-column-gap-default\">\n\t\t\t\t\t<div class=\"has_ae_slider elementor-column elementor-col-100 elementor-top-column elementor-element elementor-element-246ed45 ae-bg-gallery-type-default\" data-id=\"246ed45\" data-element_type=\"column\">\n\t\t\t<div class=\"elementor-widget-wrap elementor-element-populated\">\n\t\t\t\t\t\t<div class=\"elementor-element elementor-element-71b4204 elementor-widget elementor-widget-text-editor\" data-id=\"71b4204\" data-element_type=\"widget\" data-widget_type=\"text-editor.default\">\n\t\t\t\t<div class=\"elementor-widget-container\">\n\t\t\t\t\t\t\t<p>Al\u00e9m disso, te convidamos a conhecer nosso <a href=\"https:\/\/www.youtube.com\/c\/MinhaPortariacom\/videos\">Canal de Youtube<\/a> com conte\u00fados e programas diversos acerca do mercado condominial e de portaria remota.<\/p>\t\t\t\t\t\t<\/div>\n\t\t\t\t<\/div>\n\t\t\t\t\t<\/div>\n\t\t<\/div>\n\t\t\t\t\t<\/div>\n\t\t<\/section>\n\t\t\t\t<section class=\"has_ae_slider elementor-section elementor-top-section elementor-element elementor-element-fbe946c elementor-section-boxed elementor-section-height-default elementor-section-height-default ae-bg-gallery-type-default\" data-id=\"fbe946c\" data-element_type=\"section\" data-settings=\"{&quot;jet_parallax_layout_list&quot;:[]}\">\n\t\t\t\t\t\t<div class=\"elementor-container elementor-column-gap-default\">\n\t\t\t\t\t<div class=\"has_ae_slider elementor-column elementor-col-50 elementor-top-column elementor-element elementor-element-81edee5 ae-bg-gallery-type-default\" data-id=\"81edee5\" data-element_type=\"column\">\n\t\t\t<div class=\"elementor-widget-wrap elementor-element-populated\">\n\t\t\t\t\t\t<div class=\"elementor-element elementor-element-028bba5 elementor-widget elementor-widget-text-editor\" data-id=\"028bba5\" data-element_type=\"widget\" data-widget_type=\"text-editor.default\">\n\t\t\t\t<div class=\"elementor-widget-container\">\n\t\t\t\t\t\t\t<p>Confira um de nossos v\u00eddeos publicados dando play no player ao lado.<\/p>\t\t\t\t\t\t<\/div>\n\t\t\t\t<\/div>\n\t\t\t\t\t<\/div>\n\t\t<\/div>\n\t\t\t\t<div class=\"has_ae_slider elementor-column elementor-col-50 elementor-top-column elementor-element elementor-element-a83bb5a ae-bg-gallery-type-default\" data-id=\"a83bb5a\" data-element_type=\"column\">\n\t\t\t<div class=\"elementor-widget-wrap elementor-element-populated\">\n\t\t\t\t\t\t<div class=\"elementor-element elementor-element-aa8b520 elementor-widget elementor-widget-video\" data-id=\"aa8b520\" data-element_type=\"widget\" data-settings=\"{&quot;youtube_url&quot;:&quot;https:\\\/\\\/www.youtube.com\\\/watch?v=KdEb-NPQnM8&amp;t=2s&quot;,&quot;video_type&quot;:&quot;youtube&quot;,&quot;controls&quot;:&quot;yes&quot;}\" data-widget_type=\"video.default\">\n\t\t\t\t<div class=\"elementor-widget-container\">\n\t\t\t\t\t<div class=\"elementor-wrapper elementor-open-inline\">\n\t\t\t<div class=\"elementor-video\"><\/div>\t\t<\/div>\n\t\t\t\t<\/div>\n\t\t\t\t<\/div>\n\t\t\t\t\t<\/div>\n\t\t<\/div>\n\t\t\t\t\t<\/div>\n\t\t<\/section>\n\t\t\t\t<section class=\"has_ae_slider elementor-section elementor-top-section elementor-element elementor-element-86be83c elementor-section-boxed elementor-section-height-default elementor-section-height-default ae-bg-gallery-type-default\" data-id=\"86be83c\" data-element_type=\"section\" data-settings=\"{&quot;jet_parallax_layout_list&quot;:[]}\">\n\t\t\t\t\t\t<div class=\"elementor-container elementor-column-gap-default\">\n\t\t\t\t\t<div class=\"has_ae_slider elementor-column elementor-col-100 elementor-top-column elementor-element elementor-element-9a93b46 ae-bg-gallery-type-default\" data-id=\"9a93b46\" data-element_type=\"column\">\n\t\t\t<div class=\"elementor-widget-wrap elementor-element-populated\">\n\t\t\t\t\t\t<div class=\"elementor-element elementor-element-21c6907 elementor-widget elementor-widget-text-editor\" data-id=\"21c6907\" data-element_type=\"widget\" data-widget_type=\"text-editor.default\">\n\t\t\t\t<div class=\"elementor-widget-container\">\n\t\t\t\t\t\t\t<p><span style=\"color: #000000; font-size: 20px;\">Ficou com alguma d\u00favida sobre as tend\u00eancias do mercado condominial? <strong>Mande um whats para n\u00f3s!<\/strong> \u00c9 s\u00f3 clicar no \u00edcone do aplicativo no canto direito da p\u00e1gina.<\/span><\/p>\t\t\t\t\t\t<\/div>\n\t\t\t\t<\/div>\n\t\t\t\t\t<\/div>\n\t\t<\/div>\n\t\t\t\t\t<\/div>\n\t\t<\/section>\n\t\t\t\t<\/div>","protected":false},"excerpt":{"rendered":"<p>A pandemia acelerou a era digital. Confira aqui algumas tend\u00eancias e considera\u00e7\u00f5es para esse per\u00edodo<\/p>","protected":false},"author":13,"featured_media":2072,"comment_status":"open","ping_status":"open","sticky":false,"template":"","format":"standard","meta":{"footnotes":""},"categories":[82,105,42,342,53],"tags":[80,81,83,102,64,65,67,69,86,296,341,94,71,95,39,96,40,97,41,43],"class_list":["post-2066","post","type-post","status-publish","format-standard","has-post-thumbnail","hentry","category-administracao-de-condominios","category-conteudos-diversos","category-portaria-virtual","category-rotina-condominial","category-seguranca-eletronica","tag-acesso-digital","tag-acesso-remoto","tag-administracao-de-condominios-com-portaria-remota","tag-administrador-de-condominio","tag-central-de-acesso-digital","tag-central-de-acesso-remoto","tag-central-de-monitoramento-remoto","tag-central-de-portaria-virtual","tag-condominio","tag-lives-de-portaria-remota","tag-mercado-condominial","tag-mercado-de-seguranca","tag-minha-portaria","tag-minhaportaria-com","tag-portaria-remota-aumenta-segura-e-reduz-custo","tag-portaria-remota-acesso","tag-portaria-remota-como-funciona","tag-portaria-remota-sp","tag-portaria-virtual","tag-portaria-virtual-como-funciona"],"yoast_head":"<!-- This site is optimized with the Yoast SEO plugin v23.5 - https:\/\/yoast.com\/wordpress\/plugins\/seo\/ -->\n<title>A pandemia acelerou a era digital... e impulsionou o mercado condominial!<\/title>\n<meta name=\"description\" content=\"A rotina de todos foi afetada durante a pandemia. Confira aqui algumas mudan\u00e7as que afetam o dia a dia das pessoas e do mercado condominial.\" \/>\n<meta name=\"robots\" content=\"index, follow, max-snippet:-1, max-image-preview:large, max-video-preview:-1\" \/>\n<link rel=\"canonical\" href=\"http:\/\/minhaportaria.com\/en\/portaria-virtual\/condominio-pandemia\/\" \/>\n<meta property=\"og:locale\" content=\"en_US\" \/>\n<meta property=\"og:type\" content=\"article\" \/>\n<meta property=\"og:title\" content=\"A pandemia acelerou a era digital... e impulsionou o mercado condominial!\" \/>\n<meta property=\"og:description\" content=\"A rotina de todos foi afetada durante a pandemia. Confira aqui algumas mudan\u00e7as que afetam o dia a dia das pessoas e do mercado condominial.\" \/>\n<meta property=\"og:url\" content=\"http:\/\/minhaportaria.com\/en\/portaria-virtual\/condominio-pandemia\/\" \/>\n<meta property=\"og:site_name\" content=\"Minha Portaria\" \/>\n<meta property=\"article:published_time\" content=\"2020-07-23T13:05:12+00:00\" \/>\n<meta property=\"og:image\" content=\"https:\/\/minhaportaria.com\/wp-content\/uploads\/2020\/07\/A-PANDEMIA-ACELEROU-A-ERA-DIGITAL-PORTARIA-REMOTA.jpeg\" \/>\n\t<meta property=\"og:image:width\" content=\"750\" \/>\n\t<meta property=\"og:image:height\" content=\"500\" \/>\n\t<meta property=\"og:image:type\" content=\"image\/jpeg\" \/>\n<meta name=\"author\" content=\"Walter Uvo\" \/>\n<meta name=\"twitter:card\" content=\"summary_large_image\" \/>\n<meta name=\"twitter:label1\" content=\"Written by\" \/>\n\t<meta name=\"twitter:data1\" content=\"Walter Uvo\" \/>\n\t<meta name=\"twitter:label2\" content=\"Est. reading time\" \/>\n\t<meta name=\"twitter:data2\" content=\"7 minutes\" \/>\n<script type=\"application\/ld+json\" class=\"yoast-schema-graph\">{\"@context\":\"https:\/\/schema.org\",\"@graph\":[{\"@type\":\"Article\",\"@id\":\"https:\/\/minhaportaria.com\/es\/portaria-virtual\/condominio-pandemia\/#article\",\"isPartOf\":{\"@id\":\"https:\/\/minhaportaria.com\/es\/portaria-virtual\/condominio-pandemia\/\"},\"author\":{\"name\":\"Walter Uvo\",\"@id\":\"https:\/\/minhaportaria.com\/#\/schema\/person\/1b60f6ffb6cc2dbfd6334e412ca16faf\"},\"headline\":\"4 tend\u00eancias que afetam seu estilo de vida num mundo em meio \u00e0 pandemia e como o mercado condominial vem se adaptando\",\"datePublished\":\"2020-07-23T13:05:12+00:00\",\"dateModified\":\"2020-07-23T13:05:12+00:00\",\"mainEntityOfPage\":{\"@id\":\"https:\/\/minhaportaria.com\/es\/portaria-virtual\/condominio-pandemia\/\"},\"wordCount\":1521,\"commentCount\":0,\"publisher\":{\"@id\":\"https:\/\/minhaportaria.com\/#organization\"},\"image\":{\"@id\":\"https:\/\/minhaportaria.com\/es\/portaria-virtual\/condominio-pandemia\/#primaryimage\"},\"thumbnailUrl\":\"https:\/\/minhaportaria.com\/wp-content\/uploads\/2020\/07\/A-PANDEMIA-ACELEROU-A-ERA-DIGITAL-PORTARIA-REMOTA.jpeg\",\"keywords\":[\"acesso digital\",\"acesso remoto\",\"administracao de condominios com portaria remota\",\"administrador de condom\u00ednio\",\"central de acesso digital\",\"central de acesso remoto\",\"central de monitoramento remoto\",\"central de portaria virtual\",\"condominio\",\"lives de portaria remota\",\"mercado condominial\",\"mercado de seguran\u00e7a\",\"minha portaria\",\"minhaportaria.com\",\"PORTARIA REMOTA\",\"portaria remota acesso\",\"Portaria Remota Como Funciona\",\"portaria remota sp\",\"Portaria Virtual\",\"Portaria Virtual Como Funciona\"],\"articleSection\":[\"Administra\u00e7\u00e3o de Condom\u00ednios\",\"Conte\u00fados Diversos\",\"Portaria Virtual\",\"Rotina Condominial\",\"Seguran\u00e7a Eletr\u00f4nica\"],\"inLanguage\":\"en-US\",\"potentialAction\":[{\"@type\":\"CommentAction\",\"name\":\"Comment\",\"target\":[\"https:\/\/minhaportaria.com\/es\/portaria-virtual\/condominio-pandemia\/#respond\"]}]},{\"@type\":\"WebPage\",\"@id\":\"https:\/\/minhaportaria.com\/es\/portaria-virtual\/condominio-pandemia\/\",\"url\":\"https:\/\/minhaportaria.com\/es\/portaria-virtual\/condominio-pandemia\/\",\"name\":\"A pandemia acelerou a era digital... e impulsionou o mercado condominial!\",\"isPartOf\":{\"@id\":\"https:\/\/minhaportaria.com\/#website\"},\"primaryImageOfPage\":{\"@id\":\"https:\/\/minhaportaria.com\/es\/portaria-virtual\/condominio-pandemia\/#primaryimage\"},\"image\":{\"@id\":\"https:\/\/minhaportaria.com\/es\/portaria-virtual\/condominio-pandemia\/#primaryimage\"},\"thumbnailUrl\":\"https:\/\/minhaportaria.com\/wp-content\/uploads\/2020\/07\/A-PANDEMIA-ACELEROU-A-ERA-DIGITAL-PORTARIA-REMOTA.jpeg\",\"datePublished\":\"2020-07-23T13:05:12+00:00\",\"dateModified\":\"2020-07-23T13:05:12+00:00\",\"description\":\"A rotina de todos foi afetada durante a pandemia. Confira aqui algumas mudan\u00e7as que afetam o dia a dia das pessoas e do mercado condominial.\",\"breadcrumb\":{\"@id\":\"https:\/\/minhaportaria.com\/es\/portaria-virtual\/condominio-pandemia\/#breadcrumb\"},\"inLanguage\":\"en-US\",\"potentialAction\":[{\"@type\":\"ReadAction\",\"target\":[\"https:\/\/minhaportaria.com\/es\/portaria-virtual\/condominio-pandemia\/\"]}]},{\"@type\":\"ImageObject\",\"inLanguage\":\"en-US\",\"@id\":\"https:\/\/minhaportaria.com\/es\/portaria-virtual\/condominio-pandemia\/#primaryimage\",\"url\":\"https:\/\/minhaportaria.com\/wp-content\/uploads\/2020\/07\/A-PANDEMIA-ACELEROU-A-ERA-DIGITAL-PORTARIA-REMOTA.jpeg\",\"contentUrl\":\"https:\/\/minhaportaria.com\/wp-content\/uploads\/2020\/07\/A-PANDEMIA-ACELEROU-A-ERA-DIGITAL-PORTARIA-REMOTA.jpeg\",\"width\":750,\"height\":500,\"caption\":\"A pandemia acelerou a era digital. Confira aqui algumas tend\u00eancias para esse per\u00edodo\"},{\"@type\":\"BreadcrumbList\",\"@id\":\"https:\/\/minhaportaria.com\/es\/portaria-virtual\/condominio-pandemia\/#breadcrumb\",\"itemListElement\":[{\"@type\":\"ListItem\",\"position\":1,\"name\":\"Home\",\"item\":\"https:\/\/minhaportaria.com\/\"},{\"@type\":\"ListItem\",\"position\":2,\"name\":\"Administra\u00e7\u00e3o de Condom\u00ednios\",\"item\":\"https:\/\/minhaportaria.com\/en\/category\/administracao-de-condominios\/\"},{\"@type\":\"ListItem\",\"position\":3,\"name\":\"4 tend\u00eancias que afetam seu estilo de vida num mundo em meio \u00e0 pandemia e como o mercado condominial vem se adaptando\"}]},{\"@type\":\"WebSite\",\"@id\":\"https:\/\/minhaportaria.com\/#website\",\"url\":\"https:\/\/minhaportaria.com\/\",\"name\":\"Minha Portaria\",\"description\":\"\",\"publisher\":{\"@id\":\"https:\/\/minhaportaria.com\/#organization\"},\"potentialAction\":[{\"@type\":\"SearchAction\",\"target\":{\"@type\":\"EntryPoint\",\"urlTemplate\":\"https:\/\/minhaportaria.com\/?s={search_term_string}\"},\"query-input\":{\"@type\":\"PropertyValueSpecification\",\"valueRequired\":true,\"valueName\":\"search_term_string\"}}],\"inLanguage\":\"en-US\"},{\"@type\":\"Organization\",\"@id\":\"https:\/\/minhaportaria.com\/#organization\",\"name\":\"Minha Portaria\",\"url\":\"https:\/\/minhaportaria.com\/\",\"logo\":{\"@type\":\"ImageObject\",\"inLanguage\":\"en-US\",\"@id\":\"https:\/\/minhaportaria.com\/#\/schema\/logo\/image\/\",\"url\":\"https:\/\/minhaportaria.com\/wp-content\/uploads\/2021\/01\/logo-home-175854.png\",\"contentUrl\":\"https:\/\/minhaportaria.com\/wp-content\/uploads\/2021\/01\/logo-home-175854.png\",\"width\":134,\"height\":62,\"caption\":\"Minha Portaria \"},\"image\":{\"@id\":\"https:\/\/minhaportaria.com\/#\/schema\/logo\/image\/\"}},{\"@type\":\"Person\",\"@id\":\"https:\/\/minhaportaria.com\/#\/schema\/person\/1b60f6ffb6cc2dbfd6334e412ca16faf\",\"name\":\"Walter Uvo\",\"image\":{\"@type\":\"ImageObject\",\"inLanguage\":\"en-US\",\"@id\":\"https:\/\/minhaportaria.com\/#\/schema\/person\/image\/\",\"url\":\"http:\/\/2.gravatar.com\/avatar\/ed74b837a4835d4a7b377236f4b28538?s=96&d=mm&r=g\",\"contentUrl\":\"http:\/\/2.gravatar.com\/avatar\/ed74b837a4835d4a7b377236f4b28538?s=96&d=mm&r=g\",\"caption\":\"Walter Uvo\"},\"url\":\"http:\/\/minhaportaria.com\/en\/author\/walter-uvo\/\"}]}<\/script>\n<!-- \/ Yoast SEO plugin. -->","yoast_head_json":{"title":"A pandemia acelerou a era digital... e impulsionou o mercado condominial!","description":"A rotina de todos foi afetada durante a pandemia. Confira aqui algumas mudan\u00e7as que afetam o dia a dia das pessoas e do mercado condominial.","robots":{"index":"index","follow":"follow","max-snippet":"max-snippet:-1","max-image-preview":"max-image-preview:large","max-video-preview":"max-video-preview:-1"},"canonical":"http:\/\/minhaportaria.com\/en\/portaria-virtual\/condominio-pandemia\/","og_locale":"en_US","og_type":"article","og_title":"A pandemia acelerou a era digital... e impulsionou o mercado condominial!","og_description":"A rotina de todos foi afetada durante a pandemia. Confira aqui algumas mudan\u00e7as que afetam o dia a dia das pessoas e do mercado condominial.","og_url":"http:\/\/minhaportaria.com\/en\/portaria-virtual\/condominio-pandemia\/","og_site_name":"Minha Portaria","article_published_time":"2020-07-23T13:05:12+00:00","og_image":[{"width":750,"height":500,"url":"https:\/\/minhaportaria.com\/wp-content\/uploads\/2020\/07\/A-PANDEMIA-ACELEROU-A-ERA-DIGITAL-PORTARIA-REMOTA.jpeg","type":"image\/jpeg"}],"author":"Walter Uvo","twitter_card":"summary_large_image","twitter_misc":{"Written by":"Walter Uvo","Est. reading time":"7 minutes"},"schema":{"@context":"https:\/\/schema.org","@graph":[{"@type":"Article","@id":"https:\/\/minhaportaria.com\/es\/portaria-virtual\/condominio-pandemia\/#article","isPartOf":{"@id":"https:\/\/minhaportaria.com\/es\/portaria-virtual\/condominio-pandemia\/"},"author":{"name":"Walter Uvo","@id":"https:\/\/minhaportaria.com\/#\/schema\/person\/1b60f6ffb6cc2dbfd6334e412ca16faf"},"headline":"4 tend\u00eancias que afetam seu estilo de vida num mundo em meio \u00e0 pandemia e como o mercado condominial vem se adaptando","datePublished":"2020-07-23T13:05:12+00:00","dateModified":"2020-07-23T13:05:12+00:00","mainEntityOfPage":{"@id":"https:\/\/minhaportaria.com\/es\/portaria-virtual\/condominio-pandemia\/"},"wordCount":1521,"commentCount":0,"publisher":{"@id":"https:\/\/minhaportaria.com\/#organization"},"image":{"@id":"https:\/\/minhaportaria.com\/es\/portaria-virtual\/condominio-pandemia\/#primaryimage"},"thumbnailUrl":"https:\/\/minhaportaria.com\/wp-content\/uploads\/2020\/07\/A-PANDEMIA-ACELEROU-A-ERA-DIGITAL-PORTARIA-REMOTA.jpeg","keywords":["acesso digital","acesso remoto","administracao de condominios com portaria remota","administrador de condom\u00ednio","central de acesso digital","central de acesso remoto","central de monitoramento remoto","central de portaria virtual","condominio","lives de portaria remota","mercado condominial","mercado de seguran\u00e7a","minha portaria","minhaportaria.com","PORTARIA REMOTA","portaria remota acesso","Portaria Remota Como Funciona","portaria remota sp","Portaria Virtual","Portaria Virtual Como Funciona"],"articleSection":["Administra\u00e7\u00e3o de Condom\u00ednios","Conte\u00fados Diversos","Portaria Virtual","Rotina Condominial","Seguran\u00e7a Eletr\u00f4nica"],"inLanguage":"en-US","potentialAction":[{"@type":"CommentAction","name":"Comment","target":["https:\/\/minhaportaria.com\/es\/portaria-virtual\/condominio-pandemia\/#respond"]}]},{"@type":"WebPage","@id":"https:\/\/minhaportaria.com\/es\/portaria-virtual\/condominio-pandemia\/","url":"https:\/\/minhaportaria.com\/es\/portaria-virtual\/condominio-pandemia\/","name":"A pandemia acelerou a era digital... e impulsionou o mercado condominial!","isPartOf":{"@id":"https:\/\/minhaportaria.com\/#website"},"primaryImageOfPage":{"@id":"https:\/\/minhaportaria.com\/es\/portaria-virtual\/condominio-pandemia\/#primaryimage"},"image":{"@id":"https:\/\/minhaportaria.com\/es\/portaria-virtual\/condominio-pandemia\/#primaryimage"},"thumbnailUrl":"https:\/\/minhaportaria.com\/wp-content\/uploads\/2020\/07\/A-PANDEMIA-ACELEROU-A-ERA-DIGITAL-PORTARIA-REMOTA.jpeg","datePublished":"2020-07-23T13:05:12+00:00","dateModified":"2020-07-23T13:05:12+00:00","description":"A rotina de todos foi afetada durante a pandemia. Confira aqui algumas mudan\u00e7as que afetam o dia a dia das pessoas e do mercado condominial.","breadcrumb":{"@id":"https:\/\/minhaportaria.com\/es\/portaria-virtual\/condominio-pandemia\/#breadcrumb"},"inLanguage":"en-US","potentialAction":[{"@type":"ReadAction","target":["https:\/\/minhaportaria.com\/es\/portaria-virtual\/condominio-pandemia\/"]}]},{"@type":"ImageObject","inLanguage":"en-US","@id":"https:\/\/minhaportaria.com\/es\/portaria-virtual\/condominio-pandemia\/#primaryimage","url":"https:\/\/minhaportaria.com\/wp-content\/uploads\/2020\/07\/A-PANDEMIA-ACELEROU-A-ERA-DIGITAL-PORTARIA-REMOTA.jpeg","contentUrl":"https:\/\/minhaportaria.com\/wp-content\/uploads\/2020\/07\/A-PANDEMIA-ACELEROU-A-ERA-DIGITAL-PORTARIA-REMOTA.jpeg","width":750,"height":500,"caption":"A pandemia acelerou a era digital. Confira aqui algumas tend\u00eancias para esse per\u00edodo"},{"@type":"BreadcrumbList","@id":"https:\/\/minhaportaria.com\/es\/portaria-virtual\/condominio-pandemia\/#breadcrumb","itemListElement":[{"@type":"ListItem","position":1,"name":"Home","item":"https:\/\/minhaportaria.com\/"},{"@type":"ListItem","position":2,"name":"Administra\u00e7\u00e3o de Condom\u00ednios","item":"https:\/\/minhaportaria.com\/en\/category\/administracao-de-condominios\/"},{"@type":"ListItem","position":3,"name":"4 tend\u00eancias que afetam seu estilo de vida num mundo em meio \u00e0 pandemia e como o mercado condominial vem se adaptando"}]},{"@type":"WebSite","@id":"https:\/\/minhaportaria.com\/#website","url":"https:\/\/minhaportaria.com\/","name":"Minha Portaria","description":"","publisher":{"@id":"https:\/\/minhaportaria.com\/#organization"},"potentialAction":[{"@type":"SearchAction","target":{"@type":"EntryPoint","urlTemplate":"https:\/\/minhaportaria.com\/?s={search_term_string}"},"query-input":{"@type":"PropertyValueSpecification","valueRequired":true,"valueName":"search_term_string"}}],"inLanguage":"en-US"},{"@type":"Organization","@id":"https:\/\/minhaportaria.com\/#organization","name":"Minha Portaria","url":"https:\/\/minhaportaria.com\/","logo":{"@type":"ImageObject","inLanguage":"en-US","@id":"https:\/\/minhaportaria.com\/#\/schema\/logo\/image\/","url":"https:\/\/minhaportaria.com\/wp-content\/uploads\/2021\/01\/logo-home-175854.png","contentUrl":"https:\/\/minhaportaria.com\/wp-content\/uploads\/2021\/01\/logo-home-175854.png","width":134,"height":62,"caption":"Minha Portaria "},"image":{"@id":"https:\/\/minhaportaria.com\/#\/schema\/logo\/image\/"}},{"@type":"Person","@id":"https:\/\/minhaportaria.com\/#\/schema\/person\/1b60f6ffb6cc2dbfd6334e412ca16faf","name":"Walter Uvo","image":{"@type":"ImageObject","inLanguage":"en-US","@id":"https:\/\/minhaportaria.com\/#\/schema\/person\/image\/","url":"http:\/\/2.gravatar.com\/avatar\/ed74b837a4835d4a7b377236f4b28538?s=96&d=mm&r=g","contentUrl":"http:\/\/2.gravatar.com\/avatar\/ed74b837a4835d4a7b377236f4b28538?s=96&d=mm&r=g","caption":"Walter Uvo"},"url":"http:\/\/minhaportaria.com\/en\/author\/walter-uvo\/"}]}},"_links":{"self":[{"href":"http:\/\/minhaportaria.com\/en\/wp-json\/wp\/v2\/posts\/2066"}],"collection":[{"href":"http:\/\/minhaportaria.com\/en\/wp-json\/wp\/v2\/posts"}],"about":[{"href":"http:\/\/minhaportaria.com\/en\/wp-json\/wp\/v2\/types\/post"}],"author":[{"embeddable":true,"href":"http:\/\/minhaportaria.com\/en\/wp-json\/wp\/v2\/users\/13"}],"replies":[{"embeddable":true,"href":"http:\/\/minhaportaria.com\/en\/wp-json\/wp\/v2\/comments?post=2066"}],"version-history":[{"count":0,"href":"http:\/\/minhaportaria.com\/en\/wp-json\/wp\/v2\/posts\/2066\/revisions"}],"wp:featuredmedia":[{"embeddable":true,"href":"http:\/\/minhaportaria.com\/en\/wp-json\/wp\/v2\/media\/2072"}],"wp:attachment":[{"href":"http:\/\/minhaportaria.com\/en\/wp-json\/wp\/v2\/media?parent=2066"}],"wp:term":[{"taxonomy":"category","embeddable":true,"href":"http:\/\/minhaportaria.com\/en\/wp-json\/wp\/v2\/categories?post=2066"},{"taxonomy":"post_tag","embeddable":true,"href":"http:\/\/minhaportaria.com\/en\/wp-json\/wp\/v2\/tags?post=2066"}],"curies":[{"name":"wp","href":"https:\/\/api.w.org\/{rel}","templated":true}]}}